{"id":49555,"date":"2025-04-14T08:00:05","date_gmt":"2025-04-14T14:00:05","guid":{"rendered":"https:\/\/cuernavaca.gob.mx\/?p=49555"},"modified":"2025-04-19T10:54:30","modified_gmt":"2025-04-19T16:54:30","slug":"b174-14-04-25-a-100-dias-de-gobierno-cuernavaca-muestra-resultados-contundentes-en-seguridad","status":"publish","type":"post","link":"https:\/\/cuernavaca.gob.mx\/?p=49555","title":{"rendered":"B174 14\/04\/25 A 100 D\u00cdAS DE GOBIERNO, CUERNAVACA MUESTRA RESULTADOS CONTUNDENTES EN SEGURIDAD"},"content":{"rendered":"<p><strong>* Los resultados reflejan un avance en la estrategia integral de seguridad que impulsa el alcalde Jos\u00e9 Luis Uri\u00f3stegui en coordinaci\u00f3n con Gobierno del Estado y fuerzas federales<\/strong><\/p>\n<p><strong>* Cuernavaca avanza con firmeza en temas de seguridad<\/strong><\/p>\n<p>En los primeros 100 d\u00edas de la actual administraci\u00f3n municipal, el Ayuntamiento de Cuernavaca, encabezado por el alcalde Jos\u00e9 Luis Uri\u00f3stegui Salgado, ha reafirmado su compromiso con la seguridad y el bienestar de la ciudadan\u00eda a trav\u00e9s del trabajo constante, profesional y coordinado de la Secretar\u00eda de Protecci\u00f3n y Auxilio Ciudadano (SEPRAC), cuyos resultados reflejan avances significativos en el combate a la delincuencia, el fortalecimiento institucional y la construcci\u00f3n de entornos m\u00e1s seguros para todas y todos.<\/p>\n<p>La atenci\u00f3n oportuna a la poblaci\u00f3n, a trav\u00e9s del Centro de Control, Comando, Comunicaciones y C\u00f3mputo (C4), ha sido importante para generar confianza ciudadana y brindar respuestas m\u00e1s eficaces ante situaciones de emergencia. Como parte de estos esfuerzos, del 1 de enero al 6 de abril de 2025, se logr\u00f3 la localizaci\u00f3n con vida de 11 personas, de las cuales seis fueron puestas a disposici\u00f3n de la Fiscal\u00eda General del Estado de Morelos y cinco reintegradas a su n\u00facleo familiar, a trav\u00e9s de acompa\u00f1amientos colectivos, recorridos de b\u00fasqueda y operativos interinstitucionales.<\/p>\n<p>En este mismo periodo, la polic\u00eda preventiva, en coordinaci\u00f3n con la polic\u00eda vial, logr\u00f3 la detenci\u00f3n de 608 personas: 107 de ellas fueron puestas a disposici\u00f3n del Ministerio P\u00fablico por presunta comisi\u00f3n de delitos, mientras que 501 fueron remitidas al Juez C\u00edvico por faltas administrativas. A su vez, como parte de las labores permanentes de vigilancia apoyadas con el uso de tecnolog\u00edas, se recuperaron 47 veh\u00edculos con reporte de robo, lo cual deriv\u00f3 en la detenci\u00f3n de 13 personas presuntamente vinculadas a estos hechos.<\/p>\n<p>La coordinaci\u00f3n entre los tres niveles de gobierno ha sido fundamental para el desarrollo de operativos estrat\u00e9gicos. En estos primeros 100 d\u00edas se llevaron a cabo 2 mil 872 operativos coordinados, entre los que destaca el Operativo Espiral, que se implementa tres veces por semana en colaboraci\u00f3n con la Secretar\u00eda de la Defensa Nacional (SEDENA) y la Guardia Nacional, reforzando la presencia en puntos clave del municipio. Como parte de las acciones para combatir delitos de alto impacto, tambi\u00e9n se logr\u00f3 el aseguramiento de ocho armas de fuego y 40 gramos de sustancias nocivas para la salud.<\/p>\n<p>En materia de prevenci\u00f3n social de la violencia, SEPRAC ha intervenido en 23 escuelas de distintos niveles con un total de 112 acciones, implementando programas preventivos y de sensibilizaci\u00f3n para ni\u00f1as, ni\u00f1os, j\u00f3venes y personal docente. Asimismo, se organizaron 12 brigadas comunitarias en 10 colonias de Cuernavaca, beneficiando a m\u00e1s de 700 personas con actividades informativas, recreativas y de fortalecimiento del tejido social. En paralelo, se brindaron 154 terapias psicol\u00f3gicas a personas en situaci\u00f3n de vulnerabilidad y se realizaron 20 reuniones con enfoque de g\u00e9nero, alcanzando a 419 beneficiados.<\/p>\n<p>En el \u00e1mbito de protecci\u00f3n civil, la SEPRAC atendi\u00f3 348 incendios, de los cuales 156 se registraron en terrenos bald\u00edos y 27 en viviendas particulares, garantizando la pronta intervenci\u00f3n de los cuerpos de emergencia para mitigar riesgos y proteger a la poblaci\u00f3n.<\/p>\n<p>Estos resultados reflejan un avance firme y sostenido en la estrategia integral de seguridad que impulsa el presidente municipal de Cuernavaca, Jos\u00e9 Luis Uri\u00f3stegui en coordinaci\u00f3n con Gobierno del Estado y fuerzas federales. Cuando sociedad y autoridad caminan juntas, se construyen entornos de confianza, respeto y orden. Por ello, la SEPRAC continuar\u00e1 fortaleciendo su labor en estrecha colaboraci\u00f3n con la ciudadan\u00eda, para consolidar la paz y la tranquilidad en la ciudad que todas y todos merecemos.<\/p>\n\n\t\t<style type=\"text\/css\">\n\t\t\t#gallery-1 {\n\t\t\t\tmargin: auto;\n\t\t\t}\n\t\t\t#gallery-1 .gallery-item {\n\t\t\t\tfloat: left;\n\t\t\t\tmargin-top: 10px;\n\t\t\t\ttext-align: center;\n\t\t\t\twidth: 33%;\n\t\t\t}\n\t\t\t#gallery-1 img {\n\t\t\t\tborder: 2px solid #cfcfcf;\n\t\t\t}\n\t\t\t#gallery-1 .gallery-caption {\n\t\t\t\tmargin-left: 0;\n\t\t\t}\n\t\t\t\/* see gallery_shortcode() in wp-includes\/media.php *\/\n\t\t<\/style>\n\t\t<div id='gallery-1' class='gallery galleryid-49555 gallery-columns-3 gallery-size-thumbnail'><dl class='gallery-item'>\n\t\t\t<dt class='gallery-icon landscape'>\n\t\t\t\t<a href='https:\/\/cuernavaca.gob.mx\/?attachment_id=49556'><img width=\"150\" height=\"150\" src=\"https:\/\/cuernavaca.gob.mx\/wp-content\/uploads\/2025\/04\/A-100-DIAS-DE-GOBIERNO-CUERNAVACA-MUESTRA-RESULTADOS-CONTUNDENTES-EN-SEGURIDAD-1-150x150.jpeg\" class=\"attachment-thumbnail size-thumbnail\" alt=\"\" loading=\"lazy\" \/><\/a>\n\t\t\t<\/dt><\/dl><dl class='gallery-item'>\n\t\t\t<dt class='gallery-icon landscape'>\n\t\t\t\t<a href='https:\/\/cuernavaca.gob.mx\/?attachment_id=49557'><img width=\"150\" height=\"150\" src=\"https:\/\/cuernavaca.gob.mx\/wp-content\/uploads\/2025\/04\/A-100-DIAS-DE-GOBIERNO-CUERNAVACA-MUESTRA-RESULTADOS-CONTUNDENTES-EN-SEGURIDAD-2-150x150.jpeg\" class=\"attachment-thumbnail size-thumbnail\" alt=\"\" loading=\"lazy\" \/><\/a>\n\t\t\t<\/dt><\/dl><dl class='gallery-item'>\n\t\t\t<dt class='gallery-icon landscape'>\n\t\t\t\t<a href='https:\/\/cuernavaca.gob.mx\/?attachment_id=49558'><img width=\"150\" height=\"150\" src=\"https:\/\/cuernavaca.gob.mx\/wp-content\/uploads\/2025\/04\/A-100-DIAS-DE-GOBIERNO-CUERNAVACA-MUESTRA-RESULTADOS-CONTUNDENTES-EN-SEGURIDAD-3-150x150.jpeg\" class=\"attachment-thumbnail size-thumbnail\" alt=\"\" loading=\"lazy\" \/><\/a>\n\t\t\t<\/dt><\/dl><br style=\"clear: both\" \/><dl class='gallery-item'>\n\t\t\t<dt class='gallery-icon landscape'>\n\t\t\t\t<a href='https:\/\/cuernavaca.gob.mx\/?attachment_id=49559'><img width=\"150\" height=\"150\" src=\"https:\/\/cuernavaca.gob.mx\/wp-content\/uploads\/2025\/04\/A-100-DIAS-DE-GOBIERNO-CUERNAVACA-MUESTRA-RESULTADOS-CONTUNDENTES-EN-SEGURIDAD-4-150x150.jpeg\" class=\"attachment-thumbnail size-thumbnail\" alt=\"\" loading=\"lazy\" \/><\/a>\n\t\t\t<\/dt><\/dl>\n\t\t\t<br style='clear: both' \/>\n\t\t<\/div>\n\n","protected":false},"excerpt":{"rendered":"<p>* Los resultados reflejan un avance en la estrategia integral de seguridad que impulsa el alcalde Jos\u00e9 Luis Uri\u00f3stegui en coordinaci\u00f3n con Gobierno del Estado y fuerzas federales * Cuernavaca avanza con firmeza en temas de seguridad En los primeros 100 d\u00edas de la actual administraci\u00f3n municipal, el Ayuntamiento de Cuernavaca, encabezado por el alcalde [&hellip;]<\/p>\n","protected":false},"author":1,"featured_media":49559,"comment_status":"closed","ping_status":"open","sticky":false,"template":"","format":"standard","meta":[],"categories":[17],"tags":[1929,301,120,127,414,125],"aioseo_notices":[],"_links":{"self":[{"href":"https:\/\/cuernavaca.gob.mx\/index.php?rest_route=\/wp\/v2\/posts\/49555"}],"collection":[{"href":"https:\/\/cuernavaca.gob.mx\/index.php?rest_route=\/wp\/v2\/posts"}],"about":[{"href":"https:\/\/cuernavaca.gob.mx\/index.php?rest_route=\/wp\/v2\/types\/post"}],"author":[{"embeddable":true,"href":"https:\/\/cuernavaca.gob.mx\/index.php?rest_route=\/wp\/v2\/users\/1"}],"replies":[{"embeddable":true,"href":"https:\/\/cuernavaca.gob.mx\/index.php?rest_route=%2Fwp%2Fv2%2Fcomments&post=49555"}],"version-history":[{"count":1,"href":"https:\/\/cuernavaca.gob.mx\/index.php?rest_route=\/wp\/v2\/posts\/49555\/revisions"}],"predecessor-version":[{"id":49560,"href":"https:\/\/cuernavaca.gob.mx\/index.php?rest_route=\/wp\/v2\/posts\/49555\/revisions\/49560"}],"wp:featuredmedia":[{"embeddable":true,"href":"https:\/\/cuernavaca.gob.mx\/index.php?rest_route=\/wp\/v2\/media\/49559"}],"wp:attachment":[{"href":"https:\/\/cuernavaca.gob.mx\/index.php?rest_route=%2Fwp%2Fv2%2Fmedia&parent=49555"}],"wp:term":[{"taxonomy":"category","embeddable":true,"href":"https:\/\/cuernavaca.gob.mx\/index.php?rest_route=%2Fwp%2Fv2%2Fcategories&post=49555"},{"taxonomy":"post_tag","embeddable":true,"href":"https:\/\/cuernavaca.gob.mx\/index.php?rest_route=%2Fwp%2Fv2%2Ftags&post=49555"}],"curies":[{"name":"wp","href":"https:\/\/api.w.org\/{rel}","templated":true}]}}