{"id":49568,"date":"2025-04-14T15:00:54","date_gmt":"2025-04-14T21:00:54","guid":{"rendered":"https:\/\/cuernavaca.gob.mx\/?p=49568"},"modified":"2025-04-19T11:11:00","modified_gmt":"2025-04-19T17:11:00","slug":"f24-14-04-25-ayuntamiento-de-cuernavaca-y-gobierno-del-estado-trabajan-coordinadamente-en-remodelacion-del-mercado-adolfo-lopez-mateos","status":"publish","type":"post","link":"https:\/\/cuernavaca.gob.mx\/?p=49568","title":{"rendered":"F24 14\/04\/25 AYUNTAMIENTO DE CUERNAVACA Y GOBIERNO DEL ESTADO TRABAJAN COORDINADAMENTE EN REMODELACI\u00d3N DEL MERCADO ADOLFO L\u00d3PEZ MATEOS"},"content":{"rendered":"<p>En una muestra del trabajo coordinado entre el Ayuntamiento de Cuernavaca y el Gobierno del Estado de Morelos, este lunes el presidente municipal, Jos\u00e9 Luis Uri\u00f3stegui Salgado, acompa\u00f1\u00f3 a la gobernadora Margarita Gonz\u00e1lez Saravia en un recorrido por el Mercado Adolfo L\u00f3pez Mateos con el prop\u00f3sito de constatar de manera directa las necesidades de las y los comerciantes, en el marco del proyecto de remodelaci\u00f3n del centro comercial.<\/p>\n<p>En su calidad de responsable de la administraci\u00f3n del mercado, el alcalde atendi\u00f3 personalmente las inquietudes de las y los locatarios, quienes manifestaron diversos requerimientos en materia de infraestructura para los nuevos locales que forman parte de la remodelaci\u00f3n iniciada por la pasada administraci\u00f3n estatal.<\/p>\n<p>Cabe mencionar que este recorrido fue resultado de un acuerdo alcanzado el viernes pasado, en una reuni\u00f3n previa con las y los comerciantes, donde la mandataria estatal y Uri\u00f3stegui Salgado reiteraron su inter\u00e9s de garantizar condiciones \u00f3ptimas para el desarrollo de sus actividades.<\/p>\n<p>La visita, en la que participaron la directora general del mercado, Sara Bello Olmedo; integrantes del Gabinete estatal, y l\u00edderes del sector comercial, tuvo como objetivo principal garantizar que este importante polo econ\u00f3mico del estado opere en condiciones adecuadas, promoviendo el bienestar, tanto de las y los comerciantes como de las personas usuarias del mercado.<\/p>\n\n\t\t<style type=\"text\/css\">\n\t\t\t#gallery-1 {\n\t\t\t\tmargin: auto;\n\t\t\t}\n\t\t\t#gallery-1 .gallery-item {\n\t\t\t\tfloat: left;\n\t\t\t\tmargin-top: 10px;\n\t\t\t\ttext-align: center;\n\t\t\t\twidth: 33%;\n\t\t\t}\n\t\t\t#gallery-1 img {\n\t\t\t\tborder: 2px solid #cfcfcf;\n\t\t\t}\n\t\t\t#gallery-1 .gallery-caption {\n\t\t\t\tmargin-left: 0;\n\t\t\t}\n\t\t\t\/* see gallery_shortcode() in wp-includes\/media.php *\/\n\t\t<\/style>\n\t\t<div id='gallery-1' class='gallery galleryid-49568 gallery-columns-3 gallery-size-thumbnail'><dl class='gallery-item'>\n\t\t\t<dt class='gallery-icon landscape'>\n\t\t\t\t<a href='https:\/\/cuernavaca.gob.mx\/?attachment_id=49569'><img width=\"150\" height=\"150\" src=\"https:\/\/cuernavaca.gob.mx\/wp-content\/uploads\/2025\/04\/AYUNTAMIENTO-DE-CUERNAVACA-Y-GOBIERNO-DEL-ESTADO-TRABAJAN-COORDINADAMENTE-EN-REMODELACION-DEL-MERCADO-ADOLFO-LOPEZ-MATEOS-1-150x150.jpeg\" class=\"attachment-thumbnail size-thumbnail\" alt=\"\" loading=\"lazy\" \/><\/a>\n\t\t\t<\/dt><\/dl><dl class='gallery-item'>\n\t\t\t<dt class='gallery-icon landscape'>\n\t\t\t\t<a href='https:\/\/cuernavaca.gob.mx\/?attachment_id=49570'><img width=\"150\" height=\"150\" src=\"https:\/\/cuernavaca.gob.mx\/wp-content\/uploads\/2025\/04\/AYUNTAMIENTO-DE-CUERNAVACA-Y-GOBIERNO-DEL-ESTADO-TRABAJAN-COORDINADAMENTE-EN-REMODELACION-DEL-MERCADO-ADOLFO-LOPEZ-MATEOS-2-150x150.jpeg\" class=\"attachment-thumbnail size-thumbnail\" alt=\"\" loading=\"lazy\" \/><\/a>\n\t\t\t<\/dt><\/dl><dl class='gallery-item'>\n\t\t\t<dt class='gallery-icon landscape'>\n\t\t\t\t<a href='https:\/\/cuernavaca.gob.mx\/?attachment_id=49571'><img width=\"150\" height=\"150\" src=\"https:\/\/cuernavaca.gob.mx\/wp-content\/uploads\/2025\/04\/AYUNTAMIENTO-DE-CUERNAVACA-Y-GOBIERNO-DEL-ESTADO-TRABAJAN-COORDINADAMENTE-EN-REMODELACION-DEL-MERCADO-ADOLFO-LOPEZ-MATEOS-3-150x150.jpeg\" class=\"attachment-thumbnail size-thumbnail\" alt=\"\" loading=\"lazy\" \/><\/a>\n\t\t\t<\/dt><\/dl><br style=\"clear: both\" \/><dl class='gallery-item'>\n\t\t\t<dt class='gallery-icon landscape'>\n\t\t\t\t<a href='https:\/\/cuernavaca.gob.mx\/?attachment_id=49572'><img width=\"150\" height=\"150\" src=\"https:\/\/cuernavaca.gob.mx\/wp-content\/uploads\/2025\/04\/AYUNTAMIENTO-DE-CUERNAVACA-Y-GOBIERNO-DEL-ESTADO-TRABAJAN-COORDINADAMENTE-EN-REMODELACION-DEL-MERCADO-ADOLFO-LOPEZ-MATEOS-4-150x150.jpeg\" class=\"attachment-thumbnail size-thumbnail\" alt=\"\" loading=\"lazy\" \/><\/a>\n\t\t\t<\/dt><\/dl><dl class='gallery-item'>\n\t\t\t<dt class='gallery-icon landscape'>\n\t\t\t\t<a href='https:\/\/cuernavaca.gob.mx\/?attachment_id=49573'><img width=\"150\" height=\"150\" src=\"https:\/\/cuernavaca.gob.mx\/wp-content\/uploads\/2025\/04\/AYUNTAMIENTO-DE-CUERNAVACA-Y-GOBIERNO-DEL-ESTADO-TRABAJAN-COORDINADAMENTE-EN-REMODELACION-DEL-MERCADO-ADOLFO-LOPEZ-MATEOS-5-150x150.jpeg\" class=\"attachment-thumbnail size-thumbnail\" alt=\"\" loading=\"lazy\" \/><\/a>\n\t\t\t<\/dt><\/dl>\n\t\t\t<br style='clear: both' \/>\n\t\t<\/div>\n\n","protected":false},"excerpt":{"rendered":"<p>En una muestra del trabajo coordinado entre el Ayuntamiento de Cuernavaca y el Gobierno del Estado de Morelos, este lunes el presidente municipal, Jos\u00e9 Luis Uri\u00f3stegui Salgado, acompa\u00f1\u00f3 a la gobernadora Margarita Gonz\u00e1lez Saravia en un recorrido por el Mercado Adolfo L\u00f3pez Mateos con el prop\u00f3sito de constatar de manera directa las necesidades de las [&hellip;]<\/p>\n","protected":false},"author":1,"featured_media":49569,"comment_status":"closed","ping_status":"open","sticky":false,"template":"","format":"standard","meta":[],"categories":[20],"tags":[690,121,375,2923,120,3838,1009,206,127,372],"aioseo_notices":[],"_links":{"self":[{"href":"https:\/\/cuernavaca.gob.mx\/index.php?rest_route=\/wp\/v2\/posts\/49568"}],"collection":[{"href":"https:\/\/cuernavaca.gob.mx\/index.php?rest_route=\/wp\/v2\/posts"}],"about":[{"href":"https:\/\/cuernavaca.gob.mx\/index.php?rest_route=\/wp\/v2\/types\/post"}],"author":[{"embeddable":true,"href":"https:\/\/cuernavaca.gob.mx\/index.php?rest_route=\/wp\/v2\/users\/1"}],"replies":[{"embeddable":true,"href":"https:\/\/cuernavaca.gob.mx\/index.php?rest_route=%2Fwp%2Fv2%2Fcomments&post=49568"}],"version-history":[{"count":1,"href":"https:\/\/cuernavaca.gob.mx\/index.php?rest_route=\/wp\/v2\/posts\/49568\/revisions"}],"predecessor-version":[{"id":49574,"href":"https:\/\/cuernavaca.gob.mx\/index.php?rest_route=\/wp\/v2\/posts\/49568\/revisions\/49574"}],"wp:featuredmedia":[{"embeddable":true,"href":"https:\/\/cuernavaca.gob.mx\/index.php?rest_route=\/wp\/v2\/media\/49569"}],"wp:attachment":[{"href":"https:\/\/cuernavaca.gob.mx\/index.php?rest_route=%2Fwp%2Fv2%2Fmedia&parent=49568"}],"wp:term":[{"taxonomy":"category","embeddable":true,"href":"https:\/\/cuernavaca.gob.mx\/index.php?rest_route=%2Fwp%2Fv2%2Fcategories&post=49568"},{"taxonomy":"post_tag","embeddable":true,"href":"https:\/\/cuernavaca.gob.mx\/index.php?rest_route=%2Fwp%2Fv2%2Ftags&post=49568"}],"curies":[{"name":"wp","href":"https:\/\/api.w.org\/{rel}","templated":true}]}}