{"id":49591,"date":"2025-04-16T11:00:36","date_gmt":"2025-04-16T17:00:36","guid":{"rendered":"https:\/\/cuernavaca.gob.mx\/?p=49591"},"modified":"2025-04-19T11:26:10","modified_gmt":"2025-04-19T17:26:10","slug":"b179-16-04-25-vecinas-y-vecinos-agradecen-al-presidente-municipal-jose-luis-uriostegui-salgado-por-inversiones-historicas-que-transforman-cuernavaca","status":"publish","type":"post","link":"https:\/\/cuernavaca.gob.mx\/?p=49591","title":{"rendered":"B179 16\/04\/25 VECINAS Y VECINOS AGRADECEN AL PRESIDENTE MUNICIPAL, JOS\u00c9 LUIS URI\u00d3STEGUI SALGADO, POR INVERSIONES HIST\u00d3RICAS QUE TRANSFORMAN CUERNAVACA"},"content":{"rendered":"<p><strong>* Los cuernavaquenses reconocen que las obras p\u00fablicas han mejorado sustancialmente los servicios y la movilidad en la ciudad, impactando positivamente en la calidad de vida de miles de habitantes<\/strong><\/p>\n<p>&nbsp;<\/p>\n<p>Vecinas y vecinos de diversas colonias de Cuernavaca expresaron su agradecimiento al presidente municipal, Jos\u00e9 Luis Uri\u00f3stegui Salgado, por las inversiones hist\u00f3ricas realizadas durante su primera gesti\u00f3n al frente del Ayuntamiento. Estas inversiones han mejorado significativamente los servicios p\u00fablicos y la movilidad en la ciudad, lo que ha impactado positivamente en la calidad de vida de miles de cuernavaquenses.<\/p>\n<p>A lo largo de los tres primeros a\u00f1os de gesti\u00f3n del alcalde, se realizaron 275 obras con un monto total de inversi\u00f3n de 632 millones 385 mil 072 pesos que han transformado la infraestructura urbana e hidr\u00e1ulica de la capital morelense. Las y los habitantes destacaron los avances en \u00e1reas clave como la distribuci\u00f3n del agua potable, la pavimentaci\u00f3n de calles, y la optimizaci\u00f3n de la movilidad, entre otros.<\/p>\n<p>Uno de los principales aspectos resaltados por la ciudadan\u00eda es la mejora en la red de agua potable que a decir de la se\u00f1ora Norma Calder\u00f3n, vecina del poblado de Tlaltenango, ha permitido, despu\u00e9s de varios a\u00f1os de ser considerado un problema, un suministro m\u00e1s confiable y eficiente en diversas colonias, lo que favorece la salud p\u00fablica y el bienestar de la comunidad.<\/p>\n<p>\u201cEstamos muy agradecidos con el Presidente municipal porque se ha fijado en Tlaltenango, sobre todo las amas de casa que somos las que padec\u00edamos el problema de la falta de agua potable, y afortunadamente hoy, ya tenemos agua\u201d, expres\u00f3 Norma Calder\u00f3n.<\/p>\n<p>La pavimentaci\u00f3n de calles y la mejora de la infraestructura vial tambi\u00e9n han sido mencionadas como aspectos clave que han beneficiado, tanto a los peatones como a los conductores, siendo el caso del se\u00f1or Carlos Moctezuma Madrid, quien aplaudi\u00f3 la modernizaci\u00f3n de avenidas principales, como Tres Cruces en el poblado de Ahuatepec, que ha contribuido a una movilidad m\u00e1s \u00e1gil y segura para las y los cuernavaquenses y visitantes.<\/p>\n<p>\u201cEsta obra es magn\u00edfica. Antes era un terrenal, no se pod\u00eda pasar por aqu\u00ed porque encontrabas hoyos y mucha piedra; los coches ten\u00edan que pasar despacio para buscar el camino m\u00e1s seguro para pasar. Esta obra fue magn\u00edfica y hoy los veh\u00edculos pueden transitar con seguridad hasta el centro\u201d, confirm\u00f3 Carlos Moctezuma Madrid.<\/p>\n<p>Este agradecimiento de la comunidad es un reflejo del impacto positivo que las decisiones y acciones del Gobierno Municipal de Jos\u00e9 Luis Uri\u00f3stegui Salgado han tenido en la vida de las y los capitalinos, quienes coincidieron en que, tras varios a\u00f1os de espera, hoy Cuernavaca ha tenido obras de gran tama\u00f1o que han mejorado las calles y los servicios p\u00fablicos, como fue el caso del se\u00f1or Antonio P\u00e9rez Tapia, residente del poblado de Tlaltenango.<\/p>\n<p>\u201cEn Callej\u00f3n de Tlaltenango durante muchos a\u00f1os hemos padecido escasez de agua y han sido meses sin agua, ahora puedo decir que gracias a estas obras nos est\u00e1n dando agua constantemente y hasta puedo decir que tengo mi cisterna llena\u201d, afirm\u00f3 Antonio P\u00e9rez Tapia.<\/p>\n<p>Finalmente, Ang\u00e9lica de la Esperanza Cerro de la Luz Mendoza, vecina del poblado de Chapultepec desde hace 42 a\u00f1os, coincidi\u00f3 en el reconocimiento a la administraci\u00f3n municipal encabezada por Jos\u00e9 Luis Uri\u00f3stegui Salgado, que a trav\u00e9s de un manejo transparente de los recursos p\u00fablicos, ha consolidado su compromiso con el desarrollo y bienestar de Cuernavaca, modernizando la capital morelense en una ciudad con mejores servicios p\u00fablicos, mayor movilidad y una calidad de vida m\u00e1s alta para todas y todos sus habitantes.<\/p>\n<p>\u201cGracias por preocuparse por el poblado, gracias por preocuparse por la ciudadan\u00eda y gracias porque en todos los a\u00f1os que tengo aqu\u00ed en Cuernavaca, Morelos es la primera vez que el recurso p\u00fablico se usa para la ciudadan\u00eda\u201d, concluy\u00f3 Ang\u00e9lica de la Esperanza.<\/p>\n\n\t\t<style type=\"text\/css\">\n\t\t\t#gallery-1 {\n\t\t\t\tmargin: auto;\n\t\t\t}\n\t\t\t#gallery-1 .gallery-item {\n\t\t\t\tfloat: left;\n\t\t\t\tmargin-top: 10px;\n\t\t\t\ttext-align: center;\n\t\t\t\twidth: 33%;\n\t\t\t}\n\t\t\t#gallery-1 img {\n\t\t\t\tborder: 2px solid #cfcfcf;\n\t\t\t}\n\t\t\t#gallery-1 .gallery-caption {\n\t\t\t\tmargin-left: 0;\n\t\t\t}\n\t\t\t\/* see gallery_shortcode() in wp-includes\/media.php *\/\n\t\t<\/style>\n\t\t<div id='gallery-1' class='gallery galleryid-49591 gallery-columns-3 gallery-size-thumbnail'><dl class='gallery-item'>\n\t\t\t<dt class='gallery-icon landscape'>\n\t\t\t\t<a href='https:\/\/cuernavaca.gob.mx\/?attachment_id=49592'><img width=\"150\" height=\"150\" src=\"https:\/\/cuernavaca.gob.mx\/wp-content\/uploads\/2025\/04\/VECINAS-Y-VECINOS-AGRADECEN-AL-PRESIDENTE-MUNICIPAL-JOSE-LUIS-URIOSTEGUI-SALGADO-POR-INVERSIONES-HISTORICAS-QUE-TRANSFORMAN-CUERNAVACA-1-150x150.jpeg\" class=\"attachment-thumbnail size-thumbnail\" alt=\"\" loading=\"lazy\" \/><\/a>\n\t\t\t<\/dt><\/dl><dl class='gallery-item'>\n\t\t\t<dt class='gallery-icon landscape'>\n\t\t\t\t<a href='https:\/\/cuernavaca.gob.mx\/?attachment_id=49593'><img width=\"150\" height=\"150\" src=\"https:\/\/cuernavaca.gob.mx\/wp-content\/uploads\/2025\/04\/VECINAS-Y-VECINOS-AGRADECEN-AL-PRESIDENTE-MUNICIPAL-JOSE-LUIS-URIOSTEGUI-SALGADO-POR-INVERSIONES-HISTORICAS-QUE-TRANSFORMAN-CUERNAVACA-2-150x150.jpeg\" class=\"attachment-thumbnail size-thumbnail\" alt=\"\" loading=\"lazy\" \/><\/a>\n\t\t\t<\/dt><\/dl>\n\t\t\t<br style='clear: both' \/>\n\t\t<\/div>\n\n","protected":false},"excerpt":{"rendered":"<p>* Los cuernavaquenses reconocen que las obras p\u00fablicas han mejorado sustancialmente los servicios y la movilidad en la ciudad, impactando positivamente en la calidad de vida de miles de habitantes &nbsp; Vecinas y vecinos de diversas colonias de Cuernavaca expresaron su agradecimiento al presidente municipal, Jos\u00e9 Luis Uri\u00f3stegui Salgado, por las inversiones hist\u00f3ricas realizadas durante [&hellip;]<\/p>\n","protected":false},"author":1,"featured_media":49592,"comment_status":"closed","ping_status":"open","sticky":false,"template":"","format":"standard","meta":[],"categories":[18],"tags":[916,515,120,356,232,127],"aioseo_notices":[],"_links":{"self":[{"href":"https:\/\/cuernavaca.gob.mx\/index.php?rest_route=\/wp\/v2\/posts\/49591"}],"collection":[{"href":"https:\/\/cuernavaca.gob.mx\/index.php?rest_route=\/wp\/v2\/posts"}],"about":[{"href":"https:\/\/cuernavaca.gob.mx\/index.php?rest_route=\/wp\/v2\/types\/post"}],"author":[{"embeddable":true,"href":"https:\/\/cuernavaca.gob.mx\/index.php?rest_route=\/wp\/v2\/users\/1"}],"replies":[{"embeddable":true,"href":"https:\/\/cuernavaca.gob.mx\/index.php?rest_route=%2Fwp%2Fv2%2Fcomments&post=49591"}],"version-history":[{"count":1,"href":"https:\/\/cuernavaca.gob.mx\/index.php?rest_route=\/wp\/v2\/posts\/49591\/revisions"}],"predecessor-version":[{"id":49594,"href":"https:\/\/cuernavaca.gob.mx\/index.php?rest_route=\/wp\/v2\/posts\/49591\/revisions\/49594"}],"wp:featuredmedia":[{"embeddable":true,"href":"https:\/\/cuernavaca.gob.mx\/index.php?rest_route=\/wp\/v2\/media\/49592"}],"wp:attachment":[{"href":"https:\/\/cuernavaca.gob.mx\/index.php?rest_route=%2Fwp%2Fv2%2Fmedia&parent=49591"}],"wp:term":[{"taxonomy":"category","embeddable":true,"href":"https:\/\/cuernavaca.gob.mx\/index.php?rest_route=%2Fwp%2Fv2%2Fcategories&post=49591"},{"taxonomy":"post_tag","embeddable":true,"href":"https:\/\/cuernavaca.gob.mx\/index.php?rest_route=%2Fwp%2Fv2%2Ftags&post=49591"}],"curies":[{"name":"wp","href":"https:\/\/api.w.org\/{rel}","templated":true}]}}