{"id":49598,"date":"2025-04-17T08:00:32","date_gmt":"2025-04-17T14:00:32","guid":{"rendered":"https:\/\/cuernavaca.gob.mx\/?p=49598"},"modified":"2025-04-19T11:58:47","modified_gmt":"2025-04-19T17:58:47","slug":"b189-17-04-25-cuernavaca-avanza-en-materia-de-seguridad-con-operativos-permanentes-y-presencia-institucional","status":"publish","type":"post","link":"https:\/\/cuernavaca.gob.mx\/?p=49598","title":{"rendered":"B180 17\/04\/25 CUERNAVACA AVANZA EN MATERIA DE SEGURIDAD CON OPERATIVOS PERMANENTES Y PRESENCIA INSTITUCIONAL"},"content":{"rendered":"<div><strong>\u2022 En lo que va del a\u00f1o se han llevado a cabo tres mil 009 operativos en la ciudad<\/strong><\/div>\n<div><\/div>\n<div>El Ayuntamiento de Cuernavaca, encabezado por el alcalde Jos\u00e9 Luis Uri\u00f3stegui Salgado, mantiene firme su compromiso con la seguridad y el bienestar de nuestra ciudad. A trav\u00e9s de la Secretar\u00eda de Protecci\u00f3n y Auxilio Ciudadano (SEPRAC), en lo que va del a\u00f1o se han realizado tres mil 009 operativos estrat\u00e9gicos de prevenci\u00f3n y control en zonas identificadas como puntos rojos, con el objetivo de garantizar entornos m\u00e1s seguros para la poblaci\u00f3n.<\/div>\n<div><\/div>\n<div>Entre los operativos implementados destacan: Escuelas Seguras, Transporte P\u00fablico, Catrina Segura, Intervenci\u00f3n Rel\u00e1mpago, Seguridad y Vigilancia, Presencia M\u00e1xima, Espiral, Comercio Seguro, Punto de Inspecci\u00f3n, as\u00ed como Moto Segura y Coordinado; todos orientados a reforzar la presencia institucional, prevenir delitos y fortalecer la confianza ciudadana en las tareas de seguridad p\u00fablica.<\/div>\n<div><\/div>\n<div>Una de las acciones a destacar \u00a0a partir del mes de febrero ha sido la coordinaci\u00f3n interinstitucional con la Secretar\u00eda de la Defensa Nacional (SEDENA), la Guardia Nacional y municipios aleda\u00f1os, con quienes se han implementado operativos interinstitucionales, los cuales tienen como finalidad optimizar recursos ante cualquier amenaza a la seguridad de Cuernavaca.<\/div>\n<div><\/div>\n<div>Tan solo a trav\u00e9s de los operativos de Punto de Inspecci\u00f3n, realizados en puntos estrat\u00e9gicos, se logr\u00f3 la recuperaci\u00f3n de 50 veh\u00edculos con reporte de robo y la detenci\u00f3n de 14 personas presuntamente vinculadas a estos hechos.<\/div>\n<div><\/div>\n<div>Cabe resaltar que, con el operativo &#8220;Moto Segura&#8221; se busca identificar irregularidades en dicho medio de transporte, adem\u00e1s de prevenir delitos y fomentar el respeto al reglamento de tr\u00e1nsito.<\/div>\n<div><\/div>\n<div>El Ayuntamiento de Cuernavaca, a trav\u00e9s de la Secretar\u00eda de Protecci\u00f3n y Auxilio Ciudadano, reafirma el compromiso de continuar trabajando por la seguridad de las familias y por la ciudad que merecemos.<\/div>\n<div>\n\n\t\t<style type=\"text\/css\">\n\t\t\t#gallery-1 {\n\t\t\t\tmargin: auto;\n\t\t\t}\n\t\t\t#gallery-1 .gallery-item {\n\t\t\t\tfloat: left;\n\t\t\t\tmargin-top: 10px;\n\t\t\t\ttext-align: center;\n\t\t\t\twidth: 33%;\n\t\t\t}\n\t\t\t#gallery-1 img {\n\t\t\t\tborder: 2px solid #cfcfcf;\n\t\t\t}\n\t\t\t#gallery-1 .gallery-caption {\n\t\t\t\tmargin-left: 0;\n\t\t\t}\n\t\t\t\/* see gallery_shortcode() in wp-includes\/media.php *\/\n\t\t<\/style>\n\t\t<div id='gallery-1' class='gallery galleryid-49598 gallery-columns-3 gallery-size-thumbnail'><dl class='gallery-item'>\n\t\t\t<dt class='gallery-icon landscape'>\n\t\t\t\t<a href='https:\/\/cuernavaca.gob.mx\/?attachment_id=49599'><img width=\"150\" height=\"150\" src=\"https:\/\/cuernavaca.gob.mx\/wp-content\/uploads\/2025\/04\/CUERNAVACA-AVANZA-EN-MATERIA-DE-SEGURIDAD-CON-OPERATIVOS-PERMANENTES-Y-PRESENCIA-INSTITUCIONAL-1-150x150.jpeg\" class=\"attachment-thumbnail size-thumbnail\" alt=\"\" loading=\"lazy\" \/><\/a>\n\t\t\t<\/dt><\/dl><dl class='gallery-item'>\n\t\t\t<dt class='gallery-icon landscape'>\n\t\t\t\t<a href='https:\/\/cuernavaca.gob.mx\/?attachment_id=49600'><img width=\"150\" height=\"150\" src=\"https:\/\/cuernavaca.gob.mx\/wp-content\/uploads\/2025\/04\/CUERNAVACA-AVANZA-EN-MATERIA-DE-SEGURIDAD-CON-OPERATIVOS-PERMANENTES-Y-PRESENCIA-INSTITUCIONAL-2-150x150.jpeg\" class=\"attachment-thumbnail size-thumbnail\" alt=\"\" loading=\"lazy\" \/><\/a>\n\t\t\t<\/dt><\/dl><dl class='gallery-item'>\n\t\t\t<dt class='gallery-icon landscape'>\n\t\t\t\t<a href='https:\/\/cuernavaca.gob.mx\/?attachment_id=49601'><img width=\"150\" height=\"150\" src=\"https:\/\/cuernavaca.gob.mx\/wp-content\/uploads\/2025\/04\/CUERNAVACA-AVANZA-EN-MATERIA-DE-SEGURIDAD-CON-OPERATIVOS-PERMANENTES-Y-PRESENCIA-INSTITUCIONAL-3-150x150.jpeg\" class=\"attachment-thumbnail size-thumbnail\" alt=\"\" loading=\"lazy\" \/><\/a>\n\t\t\t<\/dt><\/dl><br style=\"clear: both\" \/><dl class='gallery-item'>\n\t\t\t<dt class='gallery-icon portrait'>\n\t\t\t\t<a href='https:\/\/cuernavaca.gob.mx\/?attachment_id=49602'><img width=\"150\" height=\"150\" src=\"https:\/\/cuernavaca.gob.mx\/wp-content\/uploads\/2025\/04\/CUERNAVACA-AVANZA-EN-MATERIA-DE-SEGURIDAD-CON-OPERATIVOS-PERMANENTES-Y-PRESENCIA-INSTITUCIONAL-4-150x150.jpeg\" class=\"attachment-thumbnail size-thumbnail\" alt=\"\" loading=\"lazy\" \/><\/a>\n\t\t\t<\/dt><\/dl>\n\t\t\t<br style='clear: both' \/>\n\t\t<\/div>\n\n<\/div>\n","protected":false},"excerpt":{"rendered":"<p>\u2022 En lo que va del a\u00f1o se han llevado a cabo tres mil 009 operativos en la ciudad El Ayuntamiento de Cuernavaca, encabezado por el alcalde Jos\u00e9 Luis Uri\u00f3stegui Salgado, mantiene firme su compromiso con la seguridad y el bienestar de nuestra ciudad. A trav\u00e9s de la Secretar\u00eda de Protecci\u00f3n y Auxilio Ciudadano (SEPRAC), [&hellip;]<\/p>\n","protected":false},"author":1,"featured_media":49599,"comment_status":"closed","ping_status":"open","sticky":false,"template":"","format":"standard","meta":[],"categories":[17],"tags":[121,120,1941,141,3235,127,414,125],"aioseo_notices":[],"_links":{"self":[{"href":"https:\/\/cuernavaca.gob.mx\/index.php?rest_route=\/wp\/v2\/posts\/49598"}],"collection":[{"href":"https:\/\/cuernavaca.gob.mx\/index.php?rest_route=\/wp\/v2\/posts"}],"about":[{"href":"https:\/\/cuernavaca.gob.mx\/index.php?rest_route=\/wp\/v2\/types\/post"}],"author":[{"embeddable":true,"href":"https:\/\/cuernavaca.gob.mx\/index.php?rest_route=\/wp\/v2\/users\/1"}],"replies":[{"embeddable":true,"href":"https:\/\/cuernavaca.gob.mx\/index.php?rest_route=%2Fwp%2Fv2%2Fcomments&post=49598"}],"version-history":[{"count":2,"href":"https:\/\/cuernavaca.gob.mx\/index.php?rest_route=\/wp\/v2\/posts\/49598\/revisions"}],"predecessor-version":[{"id":49652,"href":"https:\/\/cuernavaca.gob.mx\/index.php?rest_route=\/wp\/v2\/posts\/49598\/revisions\/49652"}],"wp:featuredmedia":[{"embeddable":true,"href":"https:\/\/cuernavaca.gob.mx\/index.php?rest_route=\/wp\/v2\/media\/49599"}],"wp:attachment":[{"href":"https:\/\/cuernavaca.gob.mx\/index.php?rest_route=%2Fwp%2Fv2%2Fmedia&parent=49598"}],"wp:term":[{"taxonomy":"category","embeddable":true,"href":"https:\/\/cuernavaca.gob.mx\/index.php?rest_route=%2Fwp%2Fv2%2Fcategories&post=49598"},{"taxonomy":"post_tag","embeddable":true,"href":"https:\/\/cuernavaca.gob.mx\/index.php?rest_route=%2Fwp%2Fv2%2Ftags&post=49598"}],"curies":[{"name":"wp","href":"https:\/\/api.w.org\/{rel}","templated":true}]}}