{"id":49604,"date":"2025-04-17T10:00:19","date_gmt":"2025-04-17T16:00:19","guid":{"rendered":"https:\/\/cuernavaca.gob.mx\/?p=49604"},"modified":"2025-04-19T11:38:13","modified_gmt":"2025-04-19T17:38:13","slug":"f26-17-04-25-lideres-de-colonias-refrendan-su-respaldo-al-liderazgo-y-compromiso-del-alcalde-jose-luis-uriostegui-salgado-con-cuernavaca","status":"publish","type":"post","link":"https:\/\/cuernavaca.gob.mx\/?p=49604","title":{"rendered":"F26 17\/04\/25 L\u00cdDERES DE COLONIAS REFRENDAN SU RESPALDO AL LIDERAZGO Y COMPROMISO DEL ALCALDE JOS\u00c9 LUIS URI\u00d3STEGUI SALGADO CON CUERNAVACA"},"content":{"rendered":"<p>En un encuentro con l\u00edderes de diversas colonias de la capital morelense, el alcalde Jos\u00e9 Luis Uri\u00f3stegui Salgado recibi\u00f3 un respaldo un\u00e1nime por su trabajo decidido y transparente al frente del Ayuntamiento de Cuernavaca, destacando su liderazgo para sacar adelante al municipio no solo en temas de servicios y obras p\u00fablicas, sino tambi\u00e9n en el \u00e1mbito financiero.<\/p>\n<p>Durante la reuni\u00f3n, las y los representantes vecinales reconocieron el esfuerzo que, desde hace tres a\u00f1os, ha realizado la administraci\u00f3n municipal para hacer frente a los adeudos hist\u00f3ricos que por a\u00f1os frenaron el desarrollo de Cuernavaca. Asimismo, destacaron los avances alcanzados en distintos rubros, como infraestructura urbana, abastecimiento de agua potable y la atenci\u00f3n a las necesidades ciudadanas.<\/p>\n<p>Por su parte, Uri\u00f3stegui Salgado, acompa\u00f1ado por el regidor Gabriel Rivas R\u00edos, agradeci\u00f3 el respaldo de las y los l\u00edderes coloniales, y destac\u00f3 que la coordinaci\u00f3n entre ciudadan\u00eda y gobierno ha sido fundamental para alcanzar resultados concretos en beneficio de las y los cuernavaquenses.<\/p>\n<p>El Ayuntamiento de Cuernavaca reafirma su compromiso de seguir colaborando con todos los sectores de la sociedad, privilegiando en todo momento el bienestar com\u00fan y el desarrollo sostenible del municipio.<\/p>\n<p>&nbsp;<\/p>\n\n\t\t<style type=\"text\/css\">\n\t\t\t#gallery-1 {\n\t\t\t\tmargin: auto;\n\t\t\t}\n\t\t\t#gallery-1 .gallery-item {\n\t\t\t\tfloat: left;\n\t\t\t\tmargin-top: 10px;\n\t\t\t\ttext-align: center;\n\t\t\t\twidth: 33%;\n\t\t\t}\n\t\t\t#gallery-1 img {\n\t\t\t\tborder: 2px solid #cfcfcf;\n\t\t\t}\n\t\t\t#gallery-1 .gallery-caption {\n\t\t\t\tmargin-left: 0;\n\t\t\t}\n\t\t\t\/* see gallery_shortcode() in wp-includes\/media.php *\/\n\t\t<\/style>\n\t\t<div id='gallery-1' class='gallery galleryid-49604 gallery-columns-3 gallery-size-thumbnail'><dl class='gallery-item'>\n\t\t\t<dt class='gallery-icon landscape'>\n\t\t\t\t<a href='https:\/\/cuernavaca.gob.mx\/?attachment_id=49605'><img width=\"150\" height=\"150\" src=\"https:\/\/cuernavaca.gob.mx\/wp-content\/uploads\/2025\/04\/LIDERES-DE-COLONIAS-REFRENDAN-SU-RESPALDO-AL-LIDERAZGO-Y-COMPROMISO-DEL-ALCALDE-JOSE-LUIS-URIOSTEGUI-SALGADO-CON-CUERNAVACA-1-150x150.jpeg\" class=\"attachment-thumbnail size-thumbnail\" alt=\"\" loading=\"lazy\" \/><\/a>\n\t\t\t<\/dt><\/dl><dl class='gallery-item'>\n\t\t\t<dt class='gallery-icon landscape'>\n\t\t\t\t<a href='https:\/\/cuernavaca.gob.mx\/?attachment_id=49606'><img width=\"150\" height=\"150\" src=\"https:\/\/cuernavaca.gob.mx\/wp-content\/uploads\/2025\/04\/LIDERES-DE-COLONIAS-REFRENDAN-SU-RESPALDO-AL-LIDERAZGO-Y-COMPROMISO-DEL-ALCALDE-JOSE-LUIS-URIOSTEGUI-SALGADO-CON-CUERNAVACA-2-150x150.jpeg\" class=\"attachment-thumbnail size-thumbnail\" alt=\"\" loading=\"lazy\" \/><\/a>\n\t\t\t<\/dt><\/dl><dl class='gallery-item'>\n\t\t\t<dt class='gallery-icon landscape'>\n\t\t\t\t<a href='https:\/\/cuernavaca.gob.mx\/?attachment_id=49607'><img width=\"150\" height=\"150\" src=\"https:\/\/cuernavaca.gob.mx\/wp-content\/uploads\/2025\/04\/LIDERES-DE-COLONIAS-REFRENDAN-SU-RESPALDO-AL-LIDERAZGO-Y-COMPROMISO-DEL-ALCALDE-JOSE-LUIS-URIOSTEGUI-SALGADO-CON-CUERNAVACA-3-150x150.jpeg\" class=\"attachment-thumbnail size-thumbnail\" alt=\"\" loading=\"lazy\" \/><\/a>\n\t\t\t<\/dt><\/dl><br style=\"clear: both\" \/><dl class='gallery-item'>\n\t\t\t<dt class='gallery-icon landscape'>\n\t\t\t\t<a href='https:\/\/cuernavaca.gob.mx\/?attachment_id=49608'><img width=\"150\" height=\"150\" src=\"https:\/\/cuernavaca.gob.mx\/wp-content\/uploads\/2025\/04\/LIDERES-DE-COLONIAS-REFRENDAN-SU-RESPALDO-AL-LIDERAZGO-Y-COMPROMISO-DEL-ALCALDE-JOSE-LUIS-URIOSTEGUI-SALGADO-CON-CUERNAVACA-4-150x150.jpeg\" class=\"attachment-thumbnail size-thumbnail\" alt=\"\" loading=\"lazy\" \/><\/a>\n\t\t\t<\/dt><\/dl>\n\t\t\t<br style='clear: both' \/>\n\t\t<\/div>\n\n","protected":false},"excerpt":{"rendered":"<p>En un encuentro con l\u00edderes de diversas colonias de la capital morelense, el alcalde Jos\u00e9 Luis Uri\u00f3stegui Salgado recibi\u00f3 un respaldo un\u00e1nime por su trabajo decidido y transparente al frente del Ayuntamiento de Cuernavaca, destacando su liderazgo para sacar adelante al municipio no solo en temas de servicios y obras p\u00fablicas, sino tambi\u00e9n en el [&hellip;]<\/p>\n","protected":false},"author":1,"featured_media":49607,"comment_status":"closed","ping_status":"open","sticky":false,"template":"","format":"standard","meta":[],"categories":[20],"tags":[4078,121,120,575,206,127],"aioseo_notices":[],"_links":{"self":[{"href":"https:\/\/cuernavaca.gob.mx\/index.php?rest_route=\/wp\/v2\/posts\/49604"}],"collection":[{"href":"https:\/\/cuernavaca.gob.mx\/index.php?rest_route=\/wp\/v2\/posts"}],"about":[{"href":"https:\/\/cuernavaca.gob.mx\/index.php?rest_route=\/wp\/v2\/types\/post"}],"author":[{"embeddable":true,"href":"https:\/\/cuernavaca.gob.mx\/index.php?rest_route=\/wp\/v2\/users\/1"}],"replies":[{"embeddable":true,"href":"https:\/\/cuernavaca.gob.mx\/index.php?rest_route=%2Fwp%2Fv2%2Fcomments&post=49604"}],"version-history":[{"count":1,"href":"https:\/\/cuernavaca.gob.mx\/index.php?rest_route=\/wp\/v2\/posts\/49604\/revisions"}],"predecessor-version":[{"id":49609,"href":"https:\/\/cuernavaca.gob.mx\/index.php?rest_route=\/wp\/v2\/posts\/49604\/revisions\/49609"}],"wp:featuredmedia":[{"embeddable":true,"href":"https:\/\/cuernavaca.gob.mx\/index.php?rest_route=\/wp\/v2\/media\/49607"}],"wp:attachment":[{"href":"https:\/\/cuernavaca.gob.mx\/index.php?rest_route=%2Fwp%2Fv2%2Fmedia&parent=49604"}],"wp:term":[{"taxonomy":"category","embeddable":true,"href":"https:\/\/cuernavaca.gob.mx\/index.php?rest_route=%2Fwp%2Fv2%2Fcategories&post=49604"},{"taxonomy":"post_tag","embeddable":true,"href":"https:\/\/cuernavaca.gob.mx\/index.php?rest_route=%2Fwp%2Fv2%2Ftags&post=49604"}],"curies":[{"name":"wp","href":"https:\/\/api.w.org\/{rel}","templated":true}]}}