{"id":49610,"date":"2025-04-17T18:30:36","date_gmt":"2025-04-18T00:30:36","guid":{"rendered":"https:\/\/cuernavaca.gob.mx\/?p=49610"},"modified":"2025-04-19T11:41:35","modified_gmt":"2025-04-19T17:41:35","slug":"f27-17-04-25-reconoce-diputada-federal-meggie-salgado-impacto-positivo-de-la-feria-de-la-primavera-2025-en-cuernavaca","status":"publish","type":"post","link":"https:\/\/cuernavaca.gob.mx\/?p=49610","title":{"rendered":"F27 17\/04\/25 RECONOCE DIPUTADA FEDERAL MEGGIE SALGADO IMPACTO POSITIVO DE LA FERIA DE LA PRIMAVERA 2025 EN CUERNAVACA"},"content":{"rendered":"<p>En el marco de las actividades de la Feria de la Primavera 2025, organizada por el Ayuntamiento de Cuernavaca, encabezado por el alcalde Jos\u00e9 Luis Uri\u00f3stegui Salgado, la diputada federal por Morelos y secretaria de la Comisi\u00f3n de Turismo en la C\u00e1mara de Diputados, Meggie Salgado Ponce, realiz\u00f3 una visita especial en la que destac\u00f3 el impacto positivo de este evento como un espacio de convivencia familiar, promoci\u00f3n de la identidad cultural y fortalecimiento de la econom\u00eda local.<\/p>\n<p>A invitaci\u00f3n del secretario de Desarrollo Econ\u00f3mico y Turismo de Cuernavaca, Marcos Manuel Su\u00e1rez Gerard, la legisladora recorri\u00f3 los distintos espacios de la feria, que han sido disfrutados por cientos de personas a lo largo de estos d\u00edas, y reconoci\u00f3 el trabajo de la administraci\u00f3n municipal por consolidar este evento como una de las ferias m\u00e1s representativas de la regi\u00f3n.<\/p>\n<p>Finalmente, la diputada federal invit\u00f3 a la ciudadan\u00eda y a los visitantes a disfrutar de los \u00faltimos d\u00edas del evento, que concluye este domingo 20 de abril en el H\u00edpico Vista Hermosa, y que cuenta con una amplia cartelera cultural y art\u00edstica para toda la familia.<\/p>\n\n\t\t<style type=\"text\/css\">\n\t\t\t#gallery-1 {\n\t\t\t\tmargin: auto;\n\t\t\t}\n\t\t\t#gallery-1 .gallery-item {\n\t\t\t\tfloat: left;\n\t\t\t\tmargin-top: 10px;\n\t\t\t\ttext-align: center;\n\t\t\t\twidth: 33%;\n\t\t\t}\n\t\t\t#gallery-1 img {\n\t\t\t\tborder: 2px solid #cfcfcf;\n\t\t\t}\n\t\t\t#gallery-1 .gallery-caption {\n\t\t\t\tmargin-left: 0;\n\t\t\t}\n\t\t\t\/* see gallery_shortcode() in wp-includes\/media.php *\/\n\t\t<\/style>\n\t\t<div id='gallery-1' class='gallery galleryid-49610 gallery-columns-3 gallery-size-thumbnail'><dl class='gallery-item'>\n\t\t\t<dt class='gallery-icon landscape'>\n\t\t\t\t<a href='https:\/\/cuernavaca.gob.mx\/?attachment_id=49611'><img width=\"150\" height=\"150\" src=\"https:\/\/cuernavaca.gob.mx\/wp-content\/uploads\/2025\/04\/RECONOCE-DIPUTADA-FEDERAL-MEGGIE-SALGADO-IMPACTO-POSITIVO-DE-LA-FERIA-DE-LA-PRIMAVERA-2025-EN-CUERNAVACA-1-150x150.jpeg\" class=\"attachment-thumbnail size-thumbnail\" alt=\"\" loading=\"lazy\" \/><\/a>\n\t\t\t<\/dt><\/dl><dl class='gallery-item'>\n\t\t\t<dt class='gallery-icon landscape'>\n\t\t\t\t<a href='https:\/\/cuernavaca.gob.mx\/?attachment_id=49612'><img width=\"150\" height=\"150\" src=\"https:\/\/cuernavaca.gob.mx\/wp-content\/uploads\/2025\/04\/RECONOCE-DIPUTADA-FEDERAL-MEGGIE-SALGADO-IMPACTO-POSITIVO-DE-LA-FERIA-DE-LA-PRIMAVERA-2025-EN-CUERNAVACA-2-150x150.jpeg\" class=\"attachment-thumbnail size-thumbnail\" alt=\"\" loading=\"lazy\" \/><\/a>\n\t\t\t<\/dt><\/dl><dl class='gallery-item'>\n\t\t\t<dt class='gallery-icon landscape'>\n\t\t\t\t<a href='https:\/\/cuernavaca.gob.mx\/?attachment_id=49613'><img width=\"150\" height=\"150\" src=\"https:\/\/cuernavaca.gob.mx\/wp-content\/uploads\/2025\/04\/RECONOCE-DIPUTADA-FEDERAL-MEGGIE-SALGADO-IMPACTO-POSITIVO-DE-LA-FERIA-DE-LA-PRIMAVERA-2025-EN-CUERNAVACA-3-150x150.jpeg\" class=\"attachment-thumbnail size-thumbnail\" alt=\"\" loading=\"lazy\" \/><\/a>\n\t\t\t<\/dt><\/dl><br style=\"clear: both\" \/><dl class='gallery-item'>\n\t\t\t<dt class='gallery-icon landscape'>\n\t\t\t\t<a href='https:\/\/cuernavaca.gob.mx\/?attachment_id=49614'><img width=\"150\" height=\"150\" src=\"https:\/\/cuernavaca.gob.mx\/wp-content\/uploads\/2025\/04\/RECONOCE-DIPUTADA-FEDERAL-MEGGIE-SALGADO-IMPACTO-POSITIVO-DE-LA-FERIA-DE-LA-PRIMAVERA-2025-EN-CUERNAVACA-4-150x150.jpeg\" class=\"attachment-thumbnail size-thumbnail\" alt=\"\" loading=\"lazy\" \/><\/a>\n\t\t\t<\/dt><\/dl><dl class='gallery-item'>\n\t\t\t<dt class='gallery-icon landscape'>\n\t\t\t\t<a href='https:\/\/cuernavaca.gob.mx\/?attachment_id=49615'><img width=\"150\" height=\"150\" src=\"https:\/\/cuernavaca.gob.mx\/wp-content\/uploads\/2025\/04\/RECONOCE-DIPUTADA-FEDERAL-MEGGIE-SALGADO-IMPACTO-POSITIVO-DE-LA-FERIA-DE-LA-PRIMAVERA-2025-EN-CUERNAVACA-5-150x150.jpeg\" class=\"attachment-thumbnail size-thumbnail\" alt=\"\" loading=\"lazy\" \/><\/a>\n\t\t\t<\/dt><\/dl><dl class='gallery-item'>\n\t\t\t<dt class='gallery-icon landscape'>\n\t\t\t\t<a href='https:\/\/cuernavaca.gob.mx\/?attachment_id=49616'><img width=\"150\" height=\"150\" src=\"https:\/\/cuernavaca.gob.mx\/wp-content\/uploads\/2025\/04\/RECONOCE-DIPUTADA-FEDERAL-MEGGIE-SALGADO-IMPACTO-POSITIVO-DE-LA-FERIA-DE-LA-PRIMAVERA-2025-EN-CUERNAVACA-6-150x150.jpeg\" class=\"attachment-thumbnail size-thumbnail\" alt=\"\" loading=\"lazy\" \/><\/a>\n\t\t\t<\/dt><\/dl><br style=\"clear: both\" \/>\n\t\t<\/div>\n\n","protected":false},"excerpt":{"rendered":"<p>En el marco de las actividades de la Feria de la Primavera 2025, organizada por el Ayuntamiento de Cuernavaca, encabezado por el alcalde Jos\u00e9 Luis Uri\u00f3stegui Salgado, la diputada federal por Morelos y secretaria de la Comisi\u00f3n de Turismo en la C\u00e1mara de Diputados, Meggie Salgado Ponce, realiz\u00f3 una visita especial en la que destac\u00f3 [&hellip;]<\/p>\n","protected":false},"author":1,"featured_media":49616,"comment_status":"closed","ping_status":"open","sticky":false,"template":"","format":"standard","meta":[],"categories":[2294],"tags":[121,2337,413,120,206,127,194],"aioseo_notices":[],"_links":{"self":[{"href":"https:\/\/cuernavaca.gob.mx\/index.php?rest_route=\/wp\/v2\/posts\/49610"}],"collection":[{"href":"https:\/\/cuernavaca.gob.mx\/index.php?rest_route=\/wp\/v2\/posts"}],"about":[{"href":"https:\/\/cuernavaca.gob.mx\/index.php?rest_route=\/wp\/v2\/types\/post"}],"author":[{"embeddable":true,"href":"https:\/\/cuernavaca.gob.mx\/index.php?rest_route=\/wp\/v2\/users\/1"}],"replies":[{"embeddable":true,"href":"https:\/\/cuernavaca.gob.mx\/index.php?rest_route=%2Fwp%2Fv2%2Fcomments&post=49610"}],"version-history":[{"count":1,"href":"https:\/\/cuernavaca.gob.mx\/index.php?rest_route=\/wp\/v2\/posts\/49610\/revisions"}],"predecessor-version":[{"id":49617,"href":"https:\/\/cuernavaca.gob.mx\/index.php?rest_route=\/wp\/v2\/posts\/49610\/revisions\/49617"}],"wp:featuredmedia":[{"embeddable":true,"href":"https:\/\/cuernavaca.gob.mx\/index.php?rest_route=\/wp\/v2\/media\/49616"}],"wp:attachment":[{"href":"https:\/\/cuernavaca.gob.mx\/index.php?rest_route=%2Fwp%2Fv2%2Fmedia&parent=49610"}],"wp:term":[{"taxonomy":"category","embeddable":true,"href":"https:\/\/cuernavaca.gob.mx\/index.php?rest_route=%2Fwp%2Fv2%2Fcategories&post=49610"},{"taxonomy":"post_tag","embeddable":true,"href":"https:\/\/cuernavaca.gob.mx\/index.php?rest_route=%2Fwp%2Fv2%2Ftags&post=49610"}],"curies":[{"name":"wp","href":"https:\/\/api.w.org\/{rel}","templated":true}]}}