{"id":49623,"date":"2025-04-18T10:30:44","date_gmt":"2025-04-18T16:30:44","guid":{"rendered":"https:\/\/cuernavaca.gob.mx\/?p=49623"},"modified":"2025-04-19T11:50:31","modified_gmt":"2025-04-19T17:50:31","slug":"b181-18-04-25-continua-el-exito-de-la-feria-de-la-primavera-cuernavaca-2025-que-celebra-nuestras-tradiciones-cultura-y-alegria","status":"publish","type":"post","link":"https:\/\/cuernavaca.gob.mx\/?p=49623","title":{"rendered":"B181 18\/04\/25 CONTIN\u00daA EL \u00c9XITO DE LA FERIA DE LA PRIMAVERA CUERNAVACA 2025, QUE CELEBRA NUESTRAS TRADICIONES, CULTURA Y ALEGR\u00cdA"},"content":{"rendered":"<p><strong>\u00b7 En pr\u00f3ximos d\u00edas, se presentar\u00e1n Carro Show, Herederos del Bolero, Los Giles, Grupo Aroma, y para cerrar con broche de oro el domingo Los Dos Carnales<\/strong><\/p>\n<p>A una semana de su apertura, la Feria de la Primavera Cuernavaca 2025 ha superado todas las expectativas, consolid\u00e1ndose como uno de los eventos m\u00e1s relevantes y esperados del a\u00f1o en la capital morelense. Con una destacada afluencia de visitantes y un ambiente familiar, la feria se ha convertido en un punto de encuentro para celebrar lo mejor de nuestra identidad cultural, tradiciones y alegr\u00eda.<\/p>\n<p>Desde su inauguraci\u00f3n, el p\u00fablico ha disfrutado de una amplia gama de actividades para todas las edades. Entre los m\u00e1s destacados se encuentra la tradicional cabalgata inaugural, que recorri\u00f3 una de las principales avenidas de la ciudad, as\u00ed como la presentaci\u00f3n estelar del grupo El Trono de M\u00e9xico, que encendi\u00f3 el \u00e1nimo de los asistentes.<\/p>\n<p>Uno de los eventos m\u00e1s significativos fue el Torneo de Presidentes, encabezado por el alcalde Jos\u00e9 Luis Uri\u00f3stegui Salgado, en el que participaron autoridades de distintos municipios del estado. Este encuentro deportivo no solo foment\u00f3 la convivencia y el deporte, sino que tambi\u00e9n fortaleci\u00f3 lazos de colaboraci\u00f3n entre gobiernos locales y ciudadan\u00eda.<\/p>\n<p>La emoci\u00f3n continu\u00f3 con una funci\u00f3n de lucha libre, en la que reconocidos luchadores ofrecieron un espect\u00e1culo lleno de energ\u00eda que fue disfrutado por chicos y grandes.<\/p>\n<p>La Feria de la Primavera 2025 tambi\u00e9n ofrece una exposici\u00f3n ganadera, destacando la riqueza agropecuaria de la regi\u00f3n, y una exhibici\u00f3n de autos antiguos, que ha despertado el inter\u00e9s de los amantes del automovilismo y la nostalgia en generaciones mayores. Dentro del programa ecuestre, se espera con gran entusiasmo el espect\u00e1culo de los Caballos Domecq.<\/p>\n<p>El Teatro del Pueblo seguir\u00e1 siendo el coraz\u00f3n art\u00edstico y cultural del evento hasta el pr\u00f3ximo domingo 20 de abril, con una cartelera que incluye al carism\u00e1tico payaso Pipirin y las presentaciones musicales de Carro Show, Herederos del Bolero, Los Giles, Grupo Aroma, culminando con broche de oro con la participaci\u00f3n estelar de Los Dos Carnales.<\/p>\n<p>El Gobierno Municipal de Cuernavaca agradece la entusiasta participaci\u00f3n de la ciudadan\u00eda y reafirma su compromiso con la creaci\u00f3n de espacios seguros, inclusivos y festivos para el disfrute de todas y todos.<\/p>\n\n\t\t<style type=\"text\/css\">\n\t\t\t#gallery-1 {\n\t\t\t\tmargin: auto;\n\t\t\t}\n\t\t\t#gallery-1 .gallery-item {\n\t\t\t\tfloat: left;\n\t\t\t\tmargin-top: 10px;\n\t\t\t\ttext-align: center;\n\t\t\t\twidth: 33%;\n\t\t\t}\n\t\t\t#gallery-1 img {\n\t\t\t\tborder: 2px solid #cfcfcf;\n\t\t\t}\n\t\t\t#gallery-1 .gallery-caption {\n\t\t\t\tmargin-left: 0;\n\t\t\t}\n\t\t\t\/* see gallery_shortcode() in wp-includes\/media.php *\/\n\t\t<\/style>\n\t\t<div id='gallery-1' class='gallery galleryid-49623 gallery-columns-3 gallery-size-thumbnail'><dl class='gallery-item'>\n\t\t\t<dt class='gallery-icon landscape'>\n\t\t\t\t<a href='https:\/\/cuernavaca.gob.mx\/?attachment_id=49624'><img width=\"150\" height=\"150\" src=\"https:\/\/cuernavaca.gob.mx\/wp-content\/uploads\/2025\/04\/CONTINUA-EL-EXITO-DE-LA-FERIA-DE-LA-PRIMAVERA-CUERNAVACA-2025-QUE-CELEBRA-NUESTRAS-TRADICIONES-CULTURA-Y-ALEGRIA-1-150x150.jpeg\" class=\"attachment-thumbnail size-thumbnail\" alt=\"\" loading=\"lazy\" \/><\/a>\n\t\t\t<\/dt><\/dl><dl class='gallery-item'>\n\t\t\t<dt class='gallery-icon landscape'>\n\t\t\t\t<a href='https:\/\/cuernavaca.gob.mx\/?attachment_id=49625'><img width=\"150\" height=\"150\" src=\"https:\/\/cuernavaca.gob.mx\/wp-content\/uploads\/2025\/04\/CONTINUA-EL-EXITO-DE-LA-FERIA-DE-LA-PRIMAVERA-CUERNAVACA-2025-QUE-CELEBRA-NUESTRAS-TRADICIONES-CULTURA-Y-ALEGRIA-2-150x150.jpeg\" class=\"attachment-thumbnail size-thumbnail\" alt=\"\" loading=\"lazy\" \/><\/a>\n\t\t\t<\/dt><\/dl><dl class='gallery-item'>\n\t\t\t<dt class='gallery-icon landscape'>\n\t\t\t\t<a href='https:\/\/cuernavaca.gob.mx\/?attachment_id=49626'><img width=\"150\" height=\"150\" src=\"https:\/\/cuernavaca.gob.mx\/wp-content\/uploads\/2025\/04\/CONTINUA-EL-EXITO-DE-LA-FERIA-DE-LA-PRIMAVERA-CUERNAVACA-2025-QUE-CELEBRA-NUESTRAS-TRADICIONES-CULTURA-Y-ALEGRIA-3-150x150.jpeg\" class=\"attachment-thumbnail size-thumbnail\" alt=\"\" loading=\"lazy\" \/><\/a>\n\t\t\t<\/dt><\/dl><br style=\"clear: both\" \/><dl class='gallery-item'>\n\t\t\t<dt class='gallery-icon landscape'>\n\t\t\t\t<a href='https:\/\/cuernavaca.gob.mx\/?attachment_id=49627'><img width=\"150\" height=\"150\" src=\"https:\/\/cuernavaca.gob.mx\/wp-content\/uploads\/2025\/04\/CONTINUA-EL-EXITO-DE-LA-FERIA-DE-LA-PRIMAVERA-CUERNAVACA-2025-QUE-CELEBRA-NUESTRAS-TRADICIONES-CULTURA-Y-ALEGRIA-4-150x150.jpeg\" class=\"attachment-thumbnail size-thumbnail\" alt=\"\" loading=\"lazy\" \/><\/a>\n\t\t\t<\/dt><\/dl><dl class='gallery-item'>\n\t\t\t<dt class='gallery-icon landscape'>\n\t\t\t\t<a href='https:\/\/cuernavaca.gob.mx\/?attachment_id=49628'><img width=\"150\" height=\"150\" src=\"https:\/\/cuernavaca.gob.mx\/wp-content\/uploads\/2025\/04\/CONTINUA-EL-EXITO-DE-LA-FERIA-DE-LA-PRIMAVERA-CUERNAVACA-2025-QUE-CELEBRA-NUESTRAS-TRADICIONES-CULTURA-Y-ALEGRIA-5-150x150.jpeg\" class=\"attachment-thumbnail size-thumbnail\" alt=\"\" loading=\"lazy\" \/><\/a>\n\t\t\t<\/dt><\/dl><dl class='gallery-item'>\n\t\t\t<dt class='gallery-icon landscape'>\n\t\t\t\t<a href='https:\/\/cuernavaca.gob.mx\/?attachment_id=49629'><img width=\"150\" height=\"150\" src=\"https:\/\/cuernavaca.gob.mx\/wp-content\/uploads\/2025\/04\/CONTINUA-EL-EXITO-DE-LA-FERIA-DE-LA-PRIMAVERA-CUERNAVACA-2025-QUE-CELEBRA-NUESTRAS-TRADICIONES-CULTURA-Y-ALEGRIA-6-150x150.jpeg\" class=\"attachment-thumbnail size-thumbnail\" alt=\"\" loading=\"lazy\" \/><\/a>\n\t\t\t<\/dt><\/dl><br style=\"clear: both\" \/><dl class='gallery-item'>\n\t\t\t<dt class='gallery-icon landscape'>\n\t\t\t\t<a href='https:\/\/cuernavaca.gob.mx\/?attachment_id=49630'><img width=\"150\" height=\"150\" src=\"https:\/\/cuernavaca.gob.mx\/wp-content\/uploads\/2025\/04\/CONTINUA-EL-EXITO-DE-LA-FERIA-DE-LA-PRIMAVERA-CUERNAVACA-2025-QUE-CELEBRA-NUESTRAS-TRADICIONES-CULTURA-Y-ALEGRIA-7-150x150.jpeg\" class=\"attachment-thumbnail size-thumbnail\" alt=\"\" loading=\"lazy\" \/><\/a>\n\t\t\t<\/dt><\/dl><dl class='gallery-item'>\n\t\t\t<dt class='gallery-icon landscape'>\n\t\t\t\t<a href='https:\/\/cuernavaca.gob.mx\/?attachment_id=49631'><img width=\"150\" height=\"150\" src=\"https:\/\/cuernavaca.gob.mx\/wp-content\/uploads\/2025\/04\/CONTINUA-EL-EXITO-DE-LA-FERIA-DE-LA-PRIMAVERA-CUERNAVACA-2025-QUE-CELEBRA-NUESTRAS-TRADICIONES-CULTURA-Y-ALEGRIA-8-150x150.jpeg\" class=\"attachment-thumbnail size-thumbnail\" alt=\"\" loading=\"lazy\" \/><\/a>\n\t\t\t<\/dt><\/dl><dl class='gallery-item'>\n\t\t\t<dt class='gallery-icon landscape'>\n\t\t\t\t<a href='https:\/\/cuernavaca.gob.mx\/?attachment_id=49632'><img width=\"150\" height=\"150\" src=\"https:\/\/cuernavaca.gob.mx\/wp-content\/uploads\/2025\/04\/CONTINUA-EL-EXITO-DE-LA-FERIA-DE-LA-PRIMAVERA-CUERNAVACA-2025-QUE-CELEBRA-NUESTRAS-TRADICIONES-CULTURA-Y-ALEGRIA-9-150x150.jpeg\" class=\"attachment-thumbnail size-thumbnail\" alt=\"\" loading=\"lazy\" \/><\/a>\n\t\t\t<\/dt><\/dl><br style=\"clear: both\" \/><dl class='gallery-item'>\n\t\t\t<dt class='gallery-icon landscape'>\n\t\t\t\t<a href='https:\/\/cuernavaca.gob.mx\/?attachment_id=49633'><img width=\"150\" height=\"150\" src=\"https:\/\/cuernavaca.gob.mx\/wp-content\/uploads\/2025\/04\/CONTINUA-EL-EXITO-DE-LA-FERIA-DE-LA-PRIMAVERA-CUERNAVACA-2025-QUE-CELEBRA-NUESTRAS-TRADICIONES-CULTURA-Y-ALEGRIA-10-150x150.jpeg\" class=\"attachment-thumbnail size-thumbnail\" alt=\"\" loading=\"lazy\" \/><\/a>\n\t\t\t<\/dt><\/dl><dl class='gallery-item'>\n\t\t\t<dt class='gallery-icon landscape'>\n\t\t\t\t<a href='https:\/\/cuernavaca.gob.mx\/?attachment_id=49634'><img width=\"150\" height=\"150\" src=\"https:\/\/cuernavaca.gob.mx\/wp-content\/uploads\/2025\/04\/CONTINUA-EL-EXITO-DE-LA-FERIA-DE-LA-PRIMAVERA-CUERNAVACA-2025-QUE-CELEBRA-NUESTRAS-TRADICIONES-CULTURA-Y-ALEGRIA-11-150x150.jpeg\" class=\"attachment-thumbnail size-thumbnail\" alt=\"\" loading=\"lazy\" \/><\/a>\n\t\t\t<\/dt><\/dl><dl class='gallery-item'>\n\t\t\t<dt class='gallery-icon landscape'>\n\t\t\t\t<a href='https:\/\/cuernavaca.gob.mx\/?attachment_id=49635'><img width=\"150\" height=\"150\" src=\"https:\/\/cuernavaca.gob.mx\/wp-content\/uploads\/2025\/04\/CONTINUA-EL-EXITO-DE-LA-FERIA-DE-LA-PRIMAVERA-CUERNAVACA-2025-QUE-CELEBRA-NUESTRAS-TRADICIONES-CULTURA-Y-ALEGRIA-12-150x150.jpeg\" class=\"attachment-thumbnail size-thumbnail\" alt=\"\" loading=\"lazy\" \/><\/a>\n\t\t\t<\/dt><\/dl><br style=\"clear: both\" \/><dl class='gallery-item'>\n\t\t\t<dt class='gallery-icon landscape'>\n\t\t\t\t<a href='https:\/\/cuernavaca.gob.mx\/?attachment_id=49636'><img width=\"150\" height=\"150\" src=\"https:\/\/cuernavaca.gob.mx\/wp-content\/uploads\/2025\/04\/CONTINUA-EL-EXITO-DE-LA-FERIA-DE-LA-PRIMAVERA-CUERNAVACA-2025-QUE-CELEBRA-NUESTRAS-TRADICIONES-CULTURA-Y-ALEGRIA-13-150x150.jpeg\" class=\"attachment-thumbnail size-thumbnail\" alt=\"\" loading=\"lazy\" \/><\/a>\n\t\t\t<\/dt><\/dl>\n\t\t\t<br style='clear: both' \/>\n\t\t<\/div>\n\n<p>&nbsp;<\/p>\n<p>&nbsp;<\/p>\n","protected":false},"excerpt":{"rendered":"<p>\u00b7 En pr\u00f3ximos d\u00edas, se presentar\u00e1n Carro Show, Herederos del Bolero, Los Giles, Grupo Aroma, y para cerrar con broche de oro el domingo Los Dos Carnales A una semana de su apertura, la Feria de la Primavera Cuernavaca 2025 ha superado todas las expectativas, consolid\u00e1ndose como uno de los eventos m\u00e1s relevantes y esperados [&hellip;]<\/p>\n","protected":false},"author":1,"featured_media":49626,"comment_status":"closed","ping_status":"open","sticky":false,"template":"","format":"standard","meta":[],"categories":[21],"tags":[121,413,262,120,206,127,419,1375],"aioseo_notices":[],"_links":{"self":[{"href":"https:\/\/cuernavaca.gob.mx\/index.php?rest_route=\/wp\/v2\/posts\/49623"}],"collection":[{"href":"https:\/\/cuernavaca.gob.mx\/index.php?rest_route=\/wp\/v2\/posts"}],"about":[{"href":"https:\/\/cuernavaca.gob.mx\/index.php?rest_route=\/wp\/v2\/types\/post"}],"author":[{"embeddable":true,"href":"https:\/\/cuernavaca.gob.mx\/index.php?rest_route=\/wp\/v2\/users\/1"}],"replies":[{"embeddable":true,"href":"https:\/\/cuernavaca.gob.mx\/index.php?rest_route=%2Fwp%2Fv2%2Fcomments&post=49623"}],"version-history":[{"count":1,"href":"https:\/\/cuernavaca.gob.mx\/index.php?rest_route=\/wp\/v2\/posts\/49623\/revisions"}],"predecessor-version":[{"id":49637,"href":"https:\/\/cuernavaca.gob.mx\/index.php?rest_route=\/wp\/v2\/posts\/49623\/revisions\/49637"}],"wp:featuredmedia":[{"embeddable":true,"href":"https:\/\/cuernavaca.gob.mx\/index.php?rest_route=\/wp\/v2\/media\/49626"}],"wp:attachment":[{"href":"https:\/\/cuernavaca.gob.mx\/index.php?rest_route=%2Fwp%2Fv2%2Fmedia&parent=49623"}],"wp:term":[{"taxonomy":"category","embeddable":true,"href":"https:\/\/cuernavaca.gob.mx\/index.php?rest_route=%2Fwp%2Fv2%2Fcategories&post=49623"},{"taxonomy":"post_tag","embeddable":true,"href":"https:\/\/cuernavaca.gob.mx\/index.php?rest_route=%2Fwp%2Fv2%2Ftags&post=49623"}],"curies":[{"name":"wp","href":"https:\/\/api.w.org\/{rel}","templated":true}]}}