{"id":49638,"date":"2025-04-19T08:00:56","date_gmt":"2025-04-19T14:00:56","guid":{"rendered":"https:\/\/cuernavaca.gob.mx\/?p=49638"},"modified":"2025-04-19T11:53:17","modified_gmt":"2025-04-19T17:53:17","slug":"b182-19-05-25-cuernavaca-recibe-a-una-importante-cantidad-de-visitantes-durante-semana-santa","status":"publish","type":"post","link":"https:\/\/cuernavaca.gob.mx\/?p=49638","title":{"rendered":"B182 19\/05\/25 CUERNAVACA RECIBE A UNA IMPORTANTE CANTIDAD DE VISITANTES DURANTE SEMANA SANTA"},"content":{"rendered":"<div><strong>\u2022 A trav\u00e9s de cursos de capacitaci\u00f3n tur\u00edstica, la Secretar\u00eda de Desarrollo Econ\u00f3mico y Turismo fortalece la identidad de la capital morelense entre la ciudadan\u00eda y visitantes \u00a0<\/strong><\/div>\n<div><\/div>\n<div>Con el objetivo de garantizar una estancia c\u00f3moda y placentera para las y los visitantes en esta temporada de Semana Santa, el Ayuntamiento de Cuernavaca, a trav\u00e9s de la Secretar\u00eda de Desarrollo Econ\u00f3mico y Turismo, en coordinaci\u00f3n con la Secretar\u00eda de Turismo del Estado de Morelos, est\u00e1 llevando a cabo una serie de capacitaciones dirigida a j\u00f3venes que estar\u00e1n a cargo de los m\u00f3dulos de informaci\u00f3n tur\u00edstica, los cuales se distribuir\u00e1n en puntos estrat\u00e9gicos del primer cuadro de la ciudad.<\/div>\n<div><\/div>\n<div>Marcos Manuel Su\u00e1rez Gerard, secretario de Desarrollo Econ\u00f3mico y Turismo de Cuernavaca, detall\u00f3 que estas capacitaciones brindan a las y los j\u00f3venes que realizan su servicio social los conocimientos necesarios para ofrecer informaci\u00f3n precisa y relevante a las y los visitantes, con el objetivo de mejorar su experiencia y, al mismo tiempo, ampliar su capacidad para disfrutar y cuidar su propio patrimonio y territorio.<\/div>\n<div><\/div>\n<div>Fueron m\u00e1s de 20 j\u00f3venes capacitados, quienes atender\u00e1n seis m\u00f3dulos de informaci\u00f3n ubicados en lugares estrat\u00e9gicos de la ciudad como el Centro Cultural Jard\u00edn Borda, Catedral de Cuernavaca, el Parque Ecol\u00f3gico Barranca Urbana Chapultepec, Pullman de Morelos estaci\u00f3n Casino de la Selva, y en la Feria de la Primavera, pero adem\u00e1s se cuenta con un m\u00f3dulo permanente en las oficinas de la Direcci\u00f3n General de Turismo.<\/div>\n<div><\/div>\n<div>Estos m\u00f3dulos sirven como puntos de referencia y orientaci\u00f3n para el turismo que busca conocer los eventos, atracciones y actividades disponibles durante estos d\u00edas de descanso.<\/div>\n<div><\/div>\n<div>Con esta acci\u00f3n, el Gobierno de la Ciudad de Cuernavaca reafirma su compromiso por ser un destino tur\u00edstico accesible y bien preparado para todas y todos los visitantes, consolidando su posici\u00f3n como un punto clave durante las festividades de Semana Santa.<\/div>\n<div>\n\n\t\t<style type=\"text\/css\">\n\t\t\t#gallery-1 {\n\t\t\t\tmargin: auto;\n\t\t\t}\n\t\t\t#gallery-1 .gallery-item {\n\t\t\t\tfloat: left;\n\t\t\t\tmargin-top: 10px;\n\t\t\t\ttext-align: center;\n\t\t\t\twidth: 33%;\n\t\t\t}\n\t\t\t#gallery-1 img {\n\t\t\t\tborder: 2px solid #cfcfcf;\n\t\t\t}\n\t\t\t#gallery-1 .gallery-caption {\n\t\t\t\tmargin-left: 0;\n\t\t\t}\n\t\t\t\/* see gallery_shortcode() in wp-includes\/media.php *\/\n\t\t<\/style>\n\t\t<div id='gallery-1' class='gallery galleryid-49638 gallery-columns-3 gallery-size-thumbnail'><dl class='gallery-item'>\n\t\t\t<dt class='gallery-icon portrait'>\n\t\t\t\t<a href='https:\/\/cuernavaca.gob.mx\/?attachment_id=49639'><img width=\"150\" height=\"150\" src=\"https:\/\/cuernavaca.gob.mx\/wp-content\/uploads\/2025\/04\/CUERNAVACA-RECIBE-A-UNA-IMPORTANTE-CANTIDAD-DE-VISITANTES-DURANTE-SEMANA-SANTA-1-150x150.jpeg\" class=\"attachment-thumbnail size-thumbnail\" alt=\"\" loading=\"lazy\" \/><\/a>\n\t\t\t<\/dt><\/dl><dl class='gallery-item'>\n\t\t\t<dt class='gallery-icon portrait'>\n\t\t\t\t<a href='https:\/\/cuernavaca.gob.mx\/?attachment_id=49640'><img width=\"150\" height=\"150\" src=\"https:\/\/cuernavaca.gob.mx\/wp-content\/uploads\/2025\/04\/CUERNAVACA-RECIBE-A-UNA-IMPORTANTE-CANTIDAD-DE-VISITANTES-DURANTE-SEMANA-SANTA-2-150x150.jpeg\" class=\"attachment-thumbnail size-thumbnail\" alt=\"\" loading=\"lazy\" \/><\/a>\n\t\t\t<\/dt><\/dl><dl class='gallery-item'>\n\t\t\t<dt class='gallery-icon portrait'>\n\t\t\t\t<a href='https:\/\/cuernavaca.gob.mx\/?attachment_id=49641'><img width=\"150\" height=\"150\" src=\"https:\/\/cuernavaca.gob.mx\/wp-content\/uploads\/2025\/04\/CUERNAVACA-RECIBE-A-UNA-IMPORTANTE-CANTIDAD-DE-VISITANTES-DURANTE-SEMANA-SANTA-3-150x150.jpeg\" class=\"attachment-thumbnail size-thumbnail\" alt=\"\" loading=\"lazy\" \/><\/a>\n\t\t\t<\/dt><\/dl><br style=\"clear: both\" \/><dl class='gallery-item'>\n\t\t\t<dt class='gallery-icon portrait'>\n\t\t\t\t<a href='https:\/\/cuernavaca.gob.mx\/?attachment_id=49642'><img width=\"150\" height=\"150\" src=\"https:\/\/cuernavaca.gob.mx\/wp-content\/uploads\/2025\/04\/CUERNAVACA-RECIBE-A-UNA-IMPORTANTE-CANTIDAD-DE-VISITANTES-DURANTE-SEMANA-SANTA-4-150x150.jpeg\" class=\"attachment-thumbnail size-thumbnail\" alt=\"\" loading=\"lazy\" \/><\/a>\n\t\t\t<\/dt><\/dl>\n\t\t\t<br style='clear: both' \/>\n\t\t<\/div>\n\n<\/div>\n","protected":false},"excerpt":{"rendered":"<p>\u2022 A trav\u00e9s de cursos de capacitaci\u00f3n tur\u00edstica, la Secretar\u00eda de Desarrollo Econ\u00f3mico y Turismo fortalece la identidad de la capital morelense entre la ciudadan\u00eda y visitantes \u00a0 Con el objetivo de garantizar una estancia c\u00f3moda y placentera para las y los visitantes en esta temporada de Semana Santa, el Ayuntamiento de Cuernavaca, a trav\u00e9s [&hellip;]<\/p>\n","protected":false},"author":1,"featured_media":49639,"comment_status":"closed","ping_status":"open","sticky":false,"template":"","format":"standard","meta":[],"categories":[21],"tags":[121,120,206,3399,419,194,4080],"aioseo_notices":[],"_links":{"self":[{"href":"https:\/\/cuernavaca.gob.mx\/index.php?rest_route=\/wp\/v2\/posts\/49638"}],"collection":[{"href":"https:\/\/cuernavaca.gob.mx\/index.php?rest_route=\/wp\/v2\/posts"}],"about":[{"href":"https:\/\/cuernavaca.gob.mx\/index.php?rest_route=\/wp\/v2\/types\/post"}],"author":[{"embeddable":true,"href":"https:\/\/cuernavaca.gob.mx\/index.php?rest_route=\/wp\/v2\/users\/1"}],"replies":[{"embeddable":true,"href":"https:\/\/cuernavaca.gob.mx\/index.php?rest_route=%2Fwp%2Fv2%2Fcomments&post=49638"}],"version-history":[{"count":1,"href":"https:\/\/cuernavaca.gob.mx\/index.php?rest_route=\/wp\/v2\/posts\/49638\/revisions"}],"predecessor-version":[{"id":49643,"href":"https:\/\/cuernavaca.gob.mx\/index.php?rest_route=\/wp\/v2\/posts\/49638\/revisions\/49643"}],"wp:featuredmedia":[{"embeddable":true,"href":"https:\/\/cuernavaca.gob.mx\/index.php?rest_route=\/wp\/v2\/media\/49639"}],"wp:attachment":[{"href":"https:\/\/cuernavaca.gob.mx\/index.php?rest_route=%2Fwp%2Fv2%2Fmedia&parent=49638"}],"wp:term":[{"taxonomy":"category","embeddable":true,"href":"https:\/\/cuernavaca.gob.mx\/index.php?rest_route=%2Fwp%2Fv2%2Fcategories&post=49638"},{"taxonomy":"post_tag","embeddable":true,"href":"https:\/\/cuernavaca.gob.mx\/index.php?rest_route=%2Fwp%2Fv2%2Ftags&post=49638"}],"curies":[{"name":"wp","href":"https:\/\/api.w.org\/{rel}","templated":true}]}}