{"id":49667,"date":"2025-04-21T12:30:48","date_gmt":"2025-04-21T18:30:48","guid":{"rendered":"https:\/\/cuernavaca.gob.mx\/?p=49667"},"modified":"2025-04-21T12:57:12","modified_gmt":"2025-04-21T18:57:12","slug":"b186-21-04-24-cuernavaca-impulsa-el-autoempleo-y-la-capacitacion-con-nuevo-convenio-de-colaboracion","status":"publish","type":"post","link":"https:\/\/cuernavaca.gob.mx\/?p=49667","title":{"rendered":"B186 21\/04\/24 CUERNAVACA IMPULSA EL AUTOEMPLEO Y LA CAPACITACI\u00d3N CON NUEVO CONVENIO DE COLABORACI\u00d3N"},"content":{"rendered":"<p>\u2022 El Ayuntamiento de Cuernavaca y el Sistema Municipal DIF, en alianza con ICATMOR, fortalecen el desarrollo econ\u00f3mico y social a trav\u00e9s de cursos de capacitaci\u00f3n para la ciudadan\u00eda<\/p>\n<p>El Ayuntamiento de Cuernavaca, encabezado por el alcalde Jos\u00e9 Luis Uri\u00f3stegui Salgado, y el Sistema Municipal DIF Cuernavaca firmaron este lunes un convenio de colaboraci\u00f3n con el Instituto de Capacitaci\u00f3n para el Trabajo del Estado de Morelos (ICATMOR), con el objetivo de ampliar la oferta de capacitaci\u00f3n para el trabajo, fomentar el autoempleo y fortalecer la econom\u00eda de las familias cuernavaquenses.<\/p>\n<p>Durante la firma del convenio, el presidente municipal Jos\u00e9 Luis Uri\u00f3stegui explic\u00f3 que esta iniciativa responde a un an\u00e1lisis de las necesidades reales de la poblaci\u00f3n, donde se identific\u00f3 que muchas personas requieren generar ingresos en el corto plazo. \u201cNo se trata de una formaci\u00f3n de largo plazo, sino de adquirir habilidades en pocas horas que les permitan generar ingresos inmediatos, ya sea al vender productos o servicios, o al realizar actividades que reduzcan los gastos familiares\u201d, destac\u00f3.<\/p>\n<p>Por su parte, Luz Mar\u00eda Zagal Guzm\u00e1n, presidenta del Sistema Municipal DIF, se\u00f1al\u00f3 que durante la administraci\u00f3n anterior se brindaron mil 184 capacitaciones, con una participaci\u00f3n destacada de mujeres, por lo cual celebr\u00f3 la firma de este nuevo convenio, ya que no solo se ofrecer\u00e1n aprendizajes \u00fatiles, sino tambi\u00e9n constancias que respalden oficialmente los conocimientos adquiridos, siendo clave para fomentar el autoempleo y mejorar la econom\u00eda familiar.<\/p>\n<p>La directora general del ICATMOR, Ver\u00f3nica Morales Hern\u00e1ndez, agradeci\u00f3 la colaboraci\u00f3n con el municipio e indic\u00f3 que esta acci\u00f3n se enmarca en las instrucciones de la gobernadora Margarita Gonz\u00e1lez Saravia, enfocadas en promover el autoempleo, la generaci\u00f3n de empleos y el aumento de la competitividad laboral en Morelos.<\/p>\n<p>A la firma del convenio asistieron tambi\u00e9n el secretario del Ayuntamiento, \u00d3scar Cano Mondrag\u00f3n; las regidoras Paz Hern\u00e1ndez Pardo, Erika Lastra Jaimes y Elia Ortiz Garc\u00eda; el regidor Sergio Bar\u00f3n Pulido y la representaci\u00f3n de la s\u00edndica municipal, Paula Trade Hidalgo.<\/p>\n\n\t\t<style type=\"text\/css\">\n\t\t\t#gallery-1 {\n\t\t\t\tmargin: auto;\n\t\t\t}\n\t\t\t#gallery-1 .gallery-item {\n\t\t\t\tfloat: left;\n\t\t\t\tmargin-top: 10px;\n\t\t\t\ttext-align: center;\n\t\t\t\twidth: 33%;\n\t\t\t}\n\t\t\t#gallery-1 img {\n\t\t\t\tborder: 2px solid #cfcfcf;\n\t\t\t}\n\t\t\t#gallery-1 .gallery-caption {\n\t\t\t\tmargin-left: 0;\n\t\t\t}\n\t\t\t\/* see gallery_shortcode() in wp-includes\/media.php *\/\n\t\t<\/style>\n\t\t<div id='gallery-1' class='gallery galleryid-49667 gallery-columns-3 gallery-size-thumbnail'><dl class='gallery-item'>\n\t\t\t<dt class='gallery-icon landscape'>\n\t\t\t\t<a href='https:\/\/cuernavaca.gob.mx\/?attachment_id=49668'><img width=\"150\" height=\"150\" src=\"https:\/\/cuernavaca.gob.mx\/wp-content\/uploads\/2025\/04\/CUERNAVACA-IMPULSA-EL-AUTOEMPLEO-Y-LA-CAPACITACIO\u0301N-CON-NUEVO-CONVENIO-DE-COLABORACIO\u0301N-1-150x150.jpg\" class=\"attachment-thumbnail size-thumbnail\" alt=\"\" loading=\"lazy\" \/><\/a>\n\t\t\t<\/dt><\/dl><dl class='gallery-item'>\n\t\t\t<dt class='gallery-icon landscape'>\n\t\t\t\t<a href='https:\/\/cuernavaca.gob.mx\/?attachment_id=49669'><img width=\"150\" height=\"150\" src=\"https:\/\/cuernavaca.gob.mx\/wp-content\/uploads\/2025\/04\/CUERNAVACA-IMPULSA-EL-AUTOEMPLEO-Y-LA-CAPACITACIO\u0301N-CON-NUEVO-CONVENIO-DE-COLABORACIO\u0301N-2-150x150.jpg\" class=\"attachment-thumbnail size-thumbnail\" alt=\"\" loading=\"lazy\" \/><\/a>\n\t\t\t<\/dt><\/dl><dl class='gallery-item'>\n\t\t\t<dt class='gallery-icon landscape'>\n\t\t\t\t<a href='https:\/\/cuernavaca.gob.mx\/?attachment_id=49670'><img width=\"150\" height=\"150\" src=\"https:\/\/cuernavaca.gob.mx\/wp-content\/uploads\/2025\/04\/CUERNAVACA-IMPULSA-EL-AUTOEMPLEO-Y-LA-CAPACITACIO\u0301N-CON-NUEVO-CONVENIO-DE-COLABORACIO\u0301N-3-150x150.jpg\" class=\"attachment-thumbnail size-thumbnail\" alt=\"\" loading=\"lazy\" \/><\/a>\n\t\t\t<\/dt><\/dl><br style=\"clear: both\" \/><dl class='gallery-item'>\n\t\t\t<dt class='gallery-icon landscape'>\n\t\t\t\t<a href='https:\/\/cuernavaca.gob.mx\/?attachment_id=49671'><img width=\"150\" height=\"150\" src=\"https:\/\/cuernavaca.gob.mx\/wp-content\/uploads\/2025\/04\/CUERNAVACA-IMPULSA-EL-AUTOEMPLEO-Y-LA-CAPACITACIO\u0301N-CON-NUEVO-CONVENIO-DE-COLABORACIO\u0301N-4-150x150.jpg\" class=\"attachment-thumbnail size-thumbnail\" alt=\"\" loading=\"lazy\" \/><\/a>\n\t\t\t<\/dt><\/dl><dl class='gallery-item'>\n\t\t\t<dt class='gallery-icon landscape'>\n\t\t\t\t<a href='https:\/\/cuernavaca.gob.mx\/?attachment_id=49672'><img width=\"150\" height=\"150\" src=\"https:\/\/cuernavaca.gob.mx\/wp-content\/uploads\/2025\/04\/CUERNAVACA-IMPULSA-EL-AUTOEMPLEO-Y-LA-CAPACITACIO\u0301N-CON-NUEVO-CONVENIO-DE-COLABORACIO\u0301N-5-150x150.jpg\" class=\"attachment-thumbnail size-thumbnail\" alt=\"\" loading=\"lazy\" \/><\/a>\n\t\t\t<\/dt><\/dl>\n\t\t\t<br style='clear: both' \/>\n\t\t<\/div>\n\n<p>&nbsp;<\/p>\n","protected":false},"excerpt":{"rendered":"<p>\u2022 El Ayuntamiento de Cuernavaca y el Sistema Municipal DIF, en alianza con ICATMOR, fortalecen el desarrollo econ\u00f3mico y social a trav\u00e9s de cursos de capacitaci\u00f3n para la ciudadan\u00eda El Ayuntamiento de Cuernavaca, encabezado por el alcalde Jos\u00e9 Luis Uri\u00f3stegui Salgado, y el Sistema Municipal DIF Cuernavaca firmaron este lunes un convenio de colaboraci\u00f3n con [&hellip;]<\/p>\n","protected":false},"author":1,"featured_media":49668,"comment_status":"closed","ping_status":"open","sticky":false,"template":"","format":"standard","meta":[],"categories":[16],"tags":[681,121,339,576,330,120,206,127,1975,372],"aioseo_notices":[],"_links":{"self":[{"href":"https:\/\/cuernavaca.gob.mx\/index.php?rest_route=\/wp\/v2\/posts\/49667"}],"collection":[{"href":"https:\/\/cuernavaca.gob.mx\/index.php?rest_route=\/wp\/v2\/posts"}],"about":[{"href":"https:\/\/cuernavaca.gob.mx\/index.php?rest_route=\/wp\/v2\/types\/post"}],"author":[{"embeddable":true,"href":"https:\/\/cuernavaca.gob.mx\/index.php?rest_route=\/wp\/v2\/users\/1"}],"replies":[{"embeddable":true,"href":"https:\/\/cuernavaca.gob.mx\/index.php?rest_route=%2Fwp%2Fv2%2Fcomments&post=49667"}],"version-history":[{"count":1,"href":"https:\/\/cuernavaca.gob.mx\/index.php?rest_route=\/wp\/v2\/posts\/49667\/revisions"}],"predecessor-version":[{"id":49673,"href":"https:\/\/cuernavaca.gob.mx\/index.php?rest_route=\/wp\/v2\/posts\/49667\/revisions\/49673"}],"wp:featuredmedia":[{"embeddable":true,"href":"https:\/\/cuernavaca.gob.mx\/index.php?rest_route=\/wp\/v2\/media\/49668"}],"wp:attachment":[{"href":"https:\/\/cuernavaca.gob.mx\/index.php?rest_route=%2Fwp%2Fv2%2Fmedia&parent=49667"}],"wp:term":[{"taxonomy":"category","embeddable":true,"href":"https:\/\/cuernavaca.gob.mx\/index.php?rest_route=%2Fwp%2Fv2%2Fcategories&post=49667"},{"taxonomy":"post_tag","embeddable":true,"href":"https:\/\/cuernavaca.gob.mx\/index.php?rest_route=%2Fwp%2Fv2%2Ftags&post=49667"}],"curies":[{"name":"wp","href":"https:\/\/api.w.org\/{rel}","templated":true}]}}