{"id":49674,"date":"2025-04-22T20:00:20","date_gmt":"2025-04-23T02:00:20","guid":{"rendered":"https:\/\/cuernavaca.gob.mx\/?p=49674"},"modified":"2025-04-22T20:06:43","modified_gmt":"2025-04-23T02:06:43","slug":"b190-22-05-25-cuernavaca-avanza-con-compromiso-y-transparencia-alcalde-jose-luis-uriostegui-rinde-informe-de-los-primeros-100-dias-de-su-administracion","status":"publish","type":"post","link":"https:\/\/cuernavaca.gob.mx\/?p=49674","title":{"rendered":"B190 22\/05\/25 CUERNAVACA AVANZA CON COMPROMISO Y TRANSPARENCIA: ALCALDE JOS\u00c9 LUIS URI\u00d3STEGUI RINDE INFORME DE LOS PRIMEROS 100 D\u00cdAS DE SU ADMINISTRACI\u00d3N"},"content":{"rendered":"<p><strong>\u2022 Ante cientos de personas, el alcalde destac\u00f3 el manejo responsable de las finanzas municipales, logrando reducir la deuda p\u00fablica de mil 046 millones de pesos en 2021 a 200 millones en 2025<\/strong><\/p>\n<p><strong>\u2022 Jos\u00e9 Luis Uri\u00f3stegui y la gobernadora Margarita Gonz\u00e1lez Saravia coincidieron en que es momento de cerrar filas entre el Gobierno Municipal y el Estatal para atender las demandas de las y los cuernavaquenses<\/strong><\/p>\n<p>En un ejercicio de transparencia y rendici\u00f3n de cuentas, el presidente municipal de Cuernavaca, Jos\u00e9 Luis Uri\u00f3stegui Salgado, rindi\u00f3 este martes su informe de actividades correspondiente a los primeros 100 d\u00edas de la administraci\u00f3n 2025- 2027. En el Museo de la Ciudad de Cuernavaca (MuCiC), un espacio renovado bajo su liderazgo, dio a conocer los avances significativos en diversas \u00e1reas que han mejorado la calidad de vida de la sociedad cuernavaquense y la imagen de la capital morelense.<\/p>\n<p>Acompa\u00f1ado de su esposa, Luz Mar\u00eda Zagal Guzm\u00e1n, presidenta del Sistema Municipal DIF Cuernavaca, el alcalde afirm\u00f3 que, en estos primeros meses de gesti\u00f3n, la ciudad ha avanzado hacia la construcci\u00f3n de la Cuernavaca que todas y todos merecen. En su informe, resalt\u00f3 las acciones realizadas para mejorar la calidad de vida de la ciudadan\u00eda, enfoc\u00e1ndose en la optimizaci\u00f3n de recursos y la continuidad de estrategias para reducir la deuda p\u00fablica heredada.<\/p>\n<p>Uri\u00f3stegui Salgado subray\u00f3 que una de las prioridades de su administraci\u00f3n ha sido el manejo responsable de las finanzas municipales, logrando reducir la deuda p\u00fablica de mil 046 millones de pesos en 2021 a 200 millones en 2025, lo que ha permitido incrementar la capacidad de inversi\u00f3n en obras prioritarias.<\/p>\n<p>En presencia de la gobernadora del Estado, Margarita Gonz\u00e1lez Saravia; del Cabildo: as\u00ed como de su gabinete legal y ampliado, el alcalde mencion\u00f3 que, como parte de su compromiso con el desarrollo de la ciudad, este a\u00f1o se destinaron m\u00e1s de 240 millones de pesos al Programa Anual de Obra P\u00fablica. Este programa est\u00e1 enfocado en \u00e1reas cruciales como el suministro de agua potable, la rehabilitaci\u00f3n del drenaje y la mejora de vialidades, sectores que hist\u00f3ricamente han representado desaf\u00edos para la capital morelense.<\/p>\n<p>Uno de los proyectos clave es el Programa de Inversi\u00f3n H\u00eddrica 2025, que contempla una inversi\u00f3n de 71 millones de pesos y que tiene como objetivo mejorar el acceso al agua potable en la ciudad, a trav\u00e9s de la construcci\u00f3n de cinco tanques elevados y la sustituci\u00f3n de m\u00e1s de ocho kil\u00f3metros de tuber\u00edas de l\u00edneas de conducci\u00f3n y distribuci\u00f3n.<\/p>\n<p>Asimismo, para agilizar la soluci\u00f3n a la problem\u00e1tica por falta de agua debido a descompostura de bombas, el Cabildo autoriz\u00f3 la inversi\u00f3n de dos millones 850 mil pesos, con la que se adquirieron 12 bombas de diferentes potencias para pozos profundos, las cuales se entregaron el pasado 16 de abril al SAPAC, para as\u00ed evitar mayores afectaciones a la poblaci\u00f3n durante la \u00e9poca de estiaje.<\/p>\n<p>Uri\u00f3stegui Salgado resalt\u00f3 que, en coordinaci\u00f3n con el Gobierno del Estado de Morelos, la Secretar\u00eda de la Defensa Nacional (Sedena), la Guardia Nacional y municipios colindantes se han reforzado las acciones de seguridad. Durante este periodo, la polic\u00eda preventiva detuvo a 608 personas, de las cuales 107 fueron puestas a disposici\u00f3n del Ministerio P\u00fablico. Se recuperaron 47 veh\u00edculos robados, se aseguraron ocho armas de fuego, y se realizaron dos mil 872 operativos coordinados, destacando el Operativo Espiral.<\/p>\n<p>Con el liderazgo de Luz Mar\u00eda Zagal Guzm\u00e1n, el alcalde asever\u00f3 que el Sistema DIF Cuernavaca ha reducido las desigualdades, promoviendo el desarrollo integral de los grupos en situaci\u00f3n de vulnerabilidad con m\u00e1s de tres mil 918 servicios m\u00e9dicos asistenciales, la entrega de cien aparatos auditivos, y mil 812 servicios de rehabilitaci\u00f3n. Tambi\u00e9n se han entregado 175 ayudas funcionales y se reactiv\u00f3 la Casa de D\u00eda para el Adulto Mayor, beneficiando a 80 adultos mayores.<\/p>\n<p>Adem\u00e1s, se celebr\u00f3 la primera campa\u00f1a de matrimonios colectivos del periodo, beneficiando a 135 parejas.<\/p>\n<p>Con respecto a las pol\u00edticas de g\u00e9nero e Inclusi\u00f3n, subray\u00f3 que Cuernavaca es el primer municipio en instalar el Comit\u00e9 para Prevenir, Atender, Sancionar y Erradicar la Violencia contra las Mujeres (PASEMUN) y el Programa de Sensibilizaci\u00f3n para la Prevenci\u00f3n de la Violencia de G\u00e9nero: Por una Cultura de Paz, \u00fanico en su tipo en el Estado.<\/p>\n<p>Ante cientos de personas, entre representantes de la iniciativa privada, de la sociedad civil organizada y la ciudadan\u00eda en general, Uri\u00f3stegui Salgado hizo \u00e9nfasis en el trabajo realizado para recuperar la belleza y la imagen de Cuernavaca, conocida como la &#8220;Ciudad de la Eterna Primavera&#8221;. En estos primeros 100 d\u00edas, se implement\u00f3 el Programa Integral de Limpieza 2025, con el cual se han contrataron a m\u00e1s de 50 nuevos colaboradores para reforzar los servicios p\u00fablicos en la ciudad.<\/p>\n<p>En cuanto a infraestructura vial, la administraci\u00f3n de Uri\u00f3stegui Salgado ha invertido 16 millones de pesos para bachear m\u00e1s de 21 mil metros cuadrados en avenidas y calles principales, como Av. Emiliano Zapata y Av. Plan de Ayala. Estas obras han mejorado la movilidad y la seguridad vial, tanto de peatones como de conductores.<\/p>\n<p>En este balance del arranque de su administraci\u00f3n, el edil asegur\u00f3 que su gobierno es cercano a la poblaci\u00f3n, por lo que se han creado m\u00e1s de 30 cuerpos colegiados, espacios donde se coordina el trabajo entre el gobierno municipal y diversos sectores de la sociedad. Cuernavaca se convirti\u00f3 en el primer municipio de Morelos en obtener la Clave \u00danica de Registro del Territorio (CURT), otorgada por el INEGI.<\/p>\n<p>Jos\u00e9 Luis Uri\u00f3stegui concluy\u00f3 su informe reafirmando su compromiso con un gobierno eficiente, exigente y cercano a la gente. &#8220;Cuernavaca no puede detenerse ni un solo d\u00eda\u201d, afirm\u00f3.<\/p>\n<p>Por su parte, la gobernadora Margarita Gonz\u00e1lez Saravia en su mensaje respald\u00f3 el compromiso de unir esfuerzos para trabajar por la ciudadan\u00eda, se\u00f1alando que, tras a\u00f1os de divisi\u00f3n entre poderes, es momento de cerrar filas entre el Gobierno Municipal y el Estatal para atender las demandas ciudadanas, no solo en la seguridad p\u00fablica, sino en temas de desarrollo econ\u00f3mico, tur\u00edstico y social.<\/p>\n<p>\u201cVamos unir esfuerzos que significa tambi\u00e9n unir presupuestos para darle a Cuernavaca esa renovada belleza que se tiene actualmente, y lo vamos hacer presidente (..), con un trabajo honesto, responsable y de amor a Morelos y Cuernavaca\u201d.<\/p>\n\n\t\t<style type=\"text\/css\">\n\t\t\t#gallery-1 {\n\t\t\t\tmargin: auto;\n\t\t\t}\n\t\t\t#gallery-1 .gallery-item {\n\t\t\t\tfloat: left;\n\t\t\t\tmargin-top: 10px;\n\t\t\t\ttext-align: center;\n\t\t\t\twidth: 33%;\n\t\t\t}\n\t\t\t#gallery-1 img {\n\t\t\t\tborder: 2px solid #cfcfcf;\n\t\t\t}\n\t\t\t#gallery-1 .gallery-caption {\n\t\t\t\tmargin-left: 0;\n\t\t\t}\n\t\t\t\/* see gallery_shortcode() in wp-includes\/media.php *\/\n\t\t<\/style>\n\t\t<div id='gallery-1' class='gallery galleryid-49674 gallery-columns-3 gallery-size-thumbnail'><dl class='gallery-item'>\n\t\t\t<dt class='gallery-icon landscape'>\n\t\t\t\t<a href='https:\/\/cuernavaca.gob.mx\/?attachment_id=49675'><img width=\"150\" height=\"150\" src=\"https:\/\/cuernavaca.gob.mx\/wp-content\/uploads\/2025\/04\/ALCALDE-JOSE\u0301-LUIS-URIO\u0301STEGUI-RINDE-INFORME-DE-LOS-PRIMEROS-100-DI\u0301AS-DE-SU-ADMINISTRACIO\u0301N-1-150x150.jpg\" class=\"attachment-thumbnail size-thumbnail\" alt=\"\" loading=\"lazy\" \/><\/a>\n\t\t\t<\/dt><\/dl><dl class='gallery-item'>\n\t\t\t<dt class='gallery-icon landscape'>\n\t\t\t\t<a href='https:\/\/cuernavaca.gob.mx\/?attachment_id=49676'><img width=\"150\" height=\"150\" src=\"https:\/\/cuernavaca.gob.mx\/wp-content\/uploads\/2025\/04\/ALCALDE-JOSE\u0301-LUIS-URIO\u0301STEGUI-RINDE-INFORME-DE-LOS-PRIMEROS-100-DI\u0301AS-DE-SU-ADMINISTRACIO\u0301N-2-150x150.jpg\" class=\"attachment-thumbnail size-thumbnail\" alt=\"\" loading=\"lazy\" \/><\/a>\n\t\t\t<\/dt><\/dl><dl class='gallery-item'>\n\t\t\t<dt class='gallery-icon landscape'>\n\t\t\t\t<a href='https:\/\/cuernavaca.gob.mx\/?attachment_id=49677'><img width=\"150\" height=\"150\" src=\"https:\/\/cuernavaca.gob.mx\/wp-content\/uploads\/2025\/04\/ALCALDE-JOSE\u0301-LUIS-URIO\u0301STEGUI-RINDE-INFORME-DE-LOS-PRIMEROS-100-DI\u0301AS-DE-SU-ADMINISTRACIO\u0301N-3-150x150.jpg\" class=\"attachment-thumbnail size-thumbnail\" alt=\"\" loading=\"lazy\" \/><\/a>\n\t\t\t<\/dt><\/dl><br style=\"clear: both\" \/><dl class='gallery-item'>\n\t\t\t<dt class='gallery-icon landscape'>\n\t\t\t\t<a href='https:\/\/cuernavaca.gob.mx\/?attachment_id=49678'><img width=\"150\" height=\"150\" src=\"https:\/\/cuernavaca.gob.mx\/wp-content\/uploads\/2025\/04\/ALCALDE-JOSE\u0301-LUIS-URIO\u0301STEGUI-RINDE-INFORME-DE-LOS-PRIMEROS-100-DI\u0301AS-DE-SU-ADMINISTRACIO\u0301N-4-150x150.jpg\" class=\"attachment-thumbnail size-thumbnail\" alt=\"\" loading=\"lazy\" \/><\/a>\n\t\t\t<\/dt><\/dl><dl class='gallery-item'>\n\t\t\t<dt class='gallery-icon landscape'>\n\t\t\t\t<a href='https:\/\/cuernavaca.gob.mx\/?attachment_id=49679'><img width=\"150\" height=\"150\" src=\"https:\/\/cuernavaca.gob.mx\/wp-content\/uploads\/2025\/04\/ALCALDE-JOSE\u0301-LUIS-URIO\u0301STEGUI-RINDE-INFORME-DE-LOS-PRIMEROS-100-DI\u0301AS-DE-SU-ADMINISTRACIO\u0301N-5-150x150.jpg\" class=\"attachment-thumbnail size-thumbnail\" alt=\"\" loading=\"lazy\" \/><\/a>\n\t\t\t<\/dt><\/dl><dl class='gallery-item'>\n\t\t\t<dt class='gallery-icon landscape'>\n\t\t\t\t<a href='https:\/\/cuernavaca.gob.mx\/?attachment_id=49680'><img width=\"150\" height=\"150\" src=\"https:\/\/cuernavaca.gob.mx\/wp-content\/uploads\/2025\/04\/ALCALDE-JOSE\u0301-LUIS-URIO\u0301STEGUI-RINDE-INFORME-DE-LOS-PRIMEROS-100-DI\u0301AS-DE-SU-ADMINISTRACIO\u0301N-6-150x150.jpg\" class=\"attachment-thumbnail size-thumbnail\" alt=\"\" loading=\"lazy\" \/><\/a>\n\t\t\t<\/dt><\/dl><br style=\"clear: both\" \/>\n\t\t<\/div>\n\n","protected":false},"excerpt":{"rendered":"<p>\u2022 Ante cientos de personas, el alcalde destac\u00f3 el manejo responsable de las finanzas municipales, logrando reducir la deuda p\u00fablica de mil 046 millones de pesos en 2021 a 200 millones en 2025 \u2022 Jos\u00e9 Luis Uri\u00f3stegui y la gobernadora Margarita Gonz\u00e1lez Saravia coincidieron en que es momento de cerrar filas entre el Gobierno Municipal [&hellip;]<\/p>\n","protected":false},"author":1,"featured_media":49678,"comment_status":"closed","ping_status":"open","sticky":false,"template":"","format":"standard","meta":[],"categories":[20],"tags":[121,1929,222,301,120,206,127,369,372],"aioseo_notices":[],"_links":{"self":[{"href":"https:\/\/cuernavaca.gob.mx\/index.php?rest_route=\/wp\/v2\/posts\/49674"}],"collection":[{"href":"https:\/\/cuernavaca.gob.mx\/index.php?rest_route=\/wp\/v2\/posts"}],"about":[{"href":"https:\/\/cuernavaca.gob.mx\/index.php?rest_route=\/wp\/v2\/types\/post"}],"author":[{"embeddable":true,"href":"https:\/\/cuernavaca.gob.mx\/index.php?rest_route=\/wp\/v2\/users\/1"}],"replies":[{"embeddable":true,"href":"https:\/\/cuernavaca.gob.mx\/index.php?rest_route=%2Fwp%2Fv2%2Fcomments&post=49674"}],"version-history":[{"count":1,"href":"https:\/\/cuernavaca.gob.mx\/index.php?rest_route=\/wp\/v2\/posts\/49674\/revisions"}],"predecessor-version":[{"id":49681,"href":"https:\/\/cuernavaca.gob.mx\/index.php?rest_route=\/wp\/v2\/posts\/49674\/revisions\/49681"}],"wp:featuredmedia":[{"embeddable":true,"href":"https:\/\/cuernavaca.gob.mx\/index.php?rest_route=\/wp\/v2\/media\/49678"}],"wp:attachment":[{"href":"https:\/\/cuernavaca.gob.mx\/index.php?rest_route=%2Fwp%2Fv2%2Fmedia&parent=49674"}],"wp:term":[{"taxonomy":"category","embeddable":true,"href":"https:\/\/cuernavaca.gob.mx\/index.php?rest_route=%2Fwp%2Fv2%2Fcategories&post=49674"},{"taxonomy":"post_tag","embeddable":true,"href":"https:\/\/cuernavaca.gob.mx\/index.php?rest_route=%2Fwp%2Fv2%2Ftags&post=49674"}],"curies":[{"name":"wp","href":"https:\/\/api.w.org\/{rel}","templated":true}]}}