{"id":49689,"date":"2025-04-23T15:00:05","date_gmt":"2025-04-23T21:00:05","guid":{"rendered":"https:\/\/cuernavaca.gob.mx\/?p=49689"},"modified":"2025-04-23T15:06:37","modified_gmt":"2025-04-23T21:06:37","slug":"b192-23-04-25-cabildo-de-cuernavaca-aprueba-adecuaciones-al-programa-anual-de-obra-publica-2025","status":"publish","type":"post","link":"https:\/\/cuernavaca.gob.mx\/?p=49689","title":{"rendered":"B192 23\/04\/25 CABILDO DE CUERNAVACA APRUEBA ADECUACIONES AL PROGRAMA ANUAL DE OBRA P\u00daBLICA 2025"},"content":{"rendered":"<p><strong>\u2022 Se a\u00f1adieron 58 proyectos que contemplan la sustituci\u00f3n de tuber\u00edas de drenaje y de agua potable, pavimentaci\u00f3n con concreto hidr\u00e1ulico y asf\u00e1ltico, as\u00ed como la rehabilitaci\u00f3n de infraestructura urbana<\/strong><\/p>\n<p><strong>\u2022 Esta ampliaci\u00f3n se suma al paquete de obras aprobadas para Sapac y etiquetadas por el Congreso del Estado de Morelos<\/strong><\/p>\n<p>El Cabildo del Ayuntamiento de Cuernavaca aprob\u00f3 este mi\u00e9rcoles adecuaciones al Programa Anual de Obra P\u00fablica 2025, incorporando un total de 58 obras prioritarias que permitir\u00e1n atender de manera integral diversos temas en materia h\u00eddrica, pavimentaci\u00f3n y rehabilitaci\u00f3n de espacios p\u00fablicos, comerciales y municipales.<\/p>\n<p>Estas acciones contemplan la sustituci\u00f3n de tuber\u00edas de drenaje y de agua potable, pavimentaci\u00f3n con concreto hidr\u00e1ulico y asf\u00e1ltico, as\u00ed como la rehabilitaci\u00f3n de infraestructura urbana, con el objetivo de seguir mejorando la calidad de vida de las y los cuernavaquenses.<\/p>\n<p>Durante la sesi\u00f3n ordinaria de Cabildo, el presidente municipal, Jos\u00e9 Luis Uri\u00f3stegui Salgado, se\u00f1al\u00f3 que la disminuci\u00f3n progresiva de la deuda p\u00fablica desde el inicio de su primera administraci\u00f3n ha permitido redirigir recursos a obra p\u00fablica, convirti\u00e9ndola en una prioridad para atender el rezago hist\u00f3rico en infraestructura.<\/p>\n<p>Ejemplo de lo anterior, son las inversiones realizadas en los \u00faltimos a\u00f1os: en 2022 fue de 140 millones de pesos; en 2023 de 170 millones de pesos; en 2024 de 210 millones de pesos, y este a\u00f1o 2025, se tiene proyectada una inversi\u00f3n de 240 millones de pesos.<\/p>\n<p>Uri\u00f3stegui Salgado explic\u00f3 que, si bien el presupuesto estimado para los 58 proyectos supera los 273 millones de pesos, no ser\u00e1 posible ejecutarlos en su totalidad por limitaciones financieras. No obstante, subray\u00f3 que se realizar\u00e1n todos los esfuerzos posibles para avanzar conforme lo permitan los recursos disponibles.<\/p>\n<p>Cabe mencionar que, el Programa Anual de Obra P\u00fablica 2025 contempla obras asignadas al Sistema de Agua Potable y Alcantarillado de Cuernavaca (SAPAC) con un monto de 71 millones de pesos, as\u00ed como un listado de obras etiquetadas por el Congreso del Estado, consideradas indispensables para Cuernavaca, con una asignaci\u00f3n de 62 millones de pesos.<\/p>\n<p>Al presentar el listado, el secretario de Desarrollo Urbano y Obras P\u00fablicas, Demetrio Chavira de la Torre, inform\u00f3 que estos proyectos estar\u00e1n financiados con recursos del Fondo para la Infraestructura Social Municipal y de las Demarcaciones Territoriales del Distrito Federal (FAISMUN 2025), as\u00ed como con recursos fiscales provenientes del pago responsable de la ciudadan\u00eda.<\/p>\n<p>Las obras impactar\u00e1n de forma directa a diversas colonias y poblados del municipio, entre ellos: Lomas de la Selva, Delicias, Santa Martha, Condominio Cuauhn\u00e1huac, Villa Santiago, Revoluci\u00f3n, Adolfo L\u00f3pez Mateos, Chamilpa, Patios de la Estaci\u00f3n, Tetela del Monte, Lomas de Ahuatl\u00e1n, Gloria Almada de Bejarano, La Carolina, Bellavista, Jiquilpan, Palmira, Buenavista del Monte, Chipitl\u00e1n, Rancho Cort\u00e9s, Ampliaci\u00f3n L\u00e1zaro C\u00e1rdenas del R\u00edo, Para\u00edso de las Flores, Ciudad Chapultepec, Centro, Loma Bonita, San Ant\u00f3n, Lomas del Miraval, Vista Hermosa, Los Volcanes, Teopanzolco, Vicente Guerrero, Acapantzingo, Jardines de Cuernavaca, Lomas de Tzompantle, Manantiales, Ricardo Flores Mag\u00f3n, Tlaltenango y Los Pilares.<\/p>\n<p>Para la colonia Los Pilares, zona de prioridad para la administraci\u00f3n municipal, se incluyen estudios y obras para la estabilizaci\u00f3n del talud en el pante\u00f3n Jardines de La Paz, como parte de los trabajos de prevenci\u00f3n y mitigaci\u00f3n de riesgos en zonas vulnerables.<\/p>\n<p>Las y los integrantes del Cabildo coincidieron en reconocer el compromiso del alcalde Jos\u00e9 Luis Uri\u00f3stegui Salgado y de la Secretar\u00eda de Desarrollo Urbano y Obras P\u00fablicas para colocar la obra p\u00fablica como un eje prioritario del Gobierno Municipal, fortaleciendo el desarrollo urbano y social de Cuernavaca con acciones concretas y resultados tangibles.<\/p>\n\n\t\t<style type=\"text\/css\">\n\t\t\t#gallery-1 {\n\t\t\t\tmargin: auto;\n\t\t\t}\n\t\t\t#gallery-1 .gallery-item {\n\t\t\t\tfloat: left;\n\t\t\t\tmargin-top: 10px;\n\t\t\t\ttext-align: center;\n\t\t\t\twidth: 33%;\n\t\t\t}\n\t\t\t#gallery-1 img {\n\t\t\t\tborder: 2px solid #cfcfcf;\n\t\t\t}\n\t\t\t#gallery-1 .gallery-caption {\n\t\t\t\tmargin-left: 0;\n\t\t\t}\n\t\t\t\/* see gallery_shortcode() in wp-includes\/media.php *\/\n\t\t<\/style>\n\t\t<div id='gallery-1' class='gallery galleryid-49689 gallery-columns-3 gallery-size-thumbnail'><dl class='gallery-item'>\n\t\t\t<dt class='gallery-icon landscape'>\n\t\t\t\t<a href='https:\/\/cuernavaca.gob.mx\/?attachment_id=49690'><img width=\"150\" height=\"150\" src=\"https:\/\/cuernavaca.gob.mx\/wp-content\/uploads\/2025\/04\/CABILDO-DE-CUERNAVACA-APRUEBA-ADECUACIONES-AL-PROGRAMA-ANUAL-DE-OBRA-PU\u0301BLICA-2025-1-150x150.jpg\" class=\"attachment-thumbnail size-thumbnail\" alt=\"\" loading=\"lazy\" \/><\/a>\n\t\t\t<\/dt><\/dl><dl class='gallery-item'>\n\t\t\t<dt class='gallery-icon landscape'>\n\t\t\t\t<a href='https:\/\/cuernavaca.gob.mx\/?attachment_id=49691'><img width=\"150\" height=\"150\" src=\"https:\/\/cuernavaca.gob.mx\/wp-content\/uploads\/2025\/04\/CABILDO-DE-CUERNAVACA-APRUEBA-ADECUACIONES-AL-PROGRAMA-ANUAL-DE-OBRA-PU\u0301BLICA-2025-2-150x150.jpg\" class=\"attachment-thumbnail size-thumbnail\" alt=\"\" loading=\"lazy\" \/><\/a>\n\t\t\t<\/dt><\/dl><dl class='gallery-item'>\n\t\t\t<dt class='gallery-icon landscape'>\n\t\t\t\t<a href='https:\/\/cuernavaca.gob.mx\/?attachment_id=49692'><img width=\"150\" height=\"150\" src=\"https:\/\/cuernavaca.gob.mx\/wp-content\/uploads\/2025\/04\/CABILDO-DE-CUERNAVACA-APRUEBA-ADECUACIONES-AL-PROGRAMA-ANUAL-DE-OBRA-PU\u0301BLICA-2025-3-150x150.jpg\" class=\"attachment-thumbnail size-thumbnail\" alt=\"\" loading=\"lazy\" \/><\/a>\n\t\t\t<\/dt><\/dl><br style=\"clear: both\" \/>\n\t\t<\/div>\n\n","protected":false},"excerpt":{"rendered":"<p>\u2022 Se a\u00f1adieron 58 proyectos que contemplan la sustituci\u00f3n de tuber\u00edas de drenaje y de agua potable, pavimentaci\u00f3n con concreto hidr\u00e1ulico y asf\u00e1ltico, as\u00ed como la rehabilitaci\u00f3n de infraestructura urbana \u2022 Esta ampliaci\u00f3n se suma al paquete de obras aprobadas para Sapac y etiquetadas por el Congreso del Estado de Morelos El Cabildo del Ayuntamiento [&hellip;]<\/p>\n","protected":false},"author":1,"featured_media":49690,"comment_status":"closed","ping_status":"open","sticky":false,"template":"","format":"standard","meta":[],"categories":[3047],"tags":[916,121,515,1855,120,206,1075,213,127],"aioseo_notices":[],"_links":{"self":[{"href":"https:\/\/cuernavaca.gob.mx\/index.php?rest_route=\/wp\/v2\/posts\/49689"}],"collection":[{"href":"https:\/\/cuernavaca.gob.mx\/index.php?rest_route=\/wp\/v2\/posts"}],"about":[{"href":"https:\/\/cuernavaca.gob.mx\/index.php?rest_route=\/wp\/v2\/types\/post"}],"author":[{"embeddable":true,"href":"https:\/\/cuernavaca.gob.mx\/index.php?rest_route=\/wp\/v2\/users\/1"}],"replies":[{"embeddable":true,"href":"https:\/\/cuernavaca.gob.mx\/index.php?rest_route=%2Fwp%2Fv2%2Fcomments&post=49689"}],"version-history":[{"count":1,"href":"https:\/\/cuernavaca.gob.mx\/index.php?rest_route=\/wp\/v2\/posts\/49689\/revisions"}],"predecessor-version":[{"id":49693,"href":"https:\/\/cuernavaca.gob.mx\/index.php?rest_route=\/wp\/v2\/posts\/49689\/revisions\/49693"}],"wp:featuredmedia":[{"embeddable":true,"href":"https:\/\/cuernavaca.gob.mx\/index.php?rest_route=\/wp\/v2\/media\/49690"}],"wp:attachment":[{"href":"https:\/\/cuernavaca.gob.mx\/index.php?rest_route=%2Fwp%2Fv2%2Fmedia&parent=49689"}],"wp:term":[{"taxonomy":"category","embeddable":true,"href":"https:\/\/cuernavaca.gob.mx\/index.php?rest_route=%2Fwp%2Fv2%2Fcategories&post=49689"},{"taxonomy":"post_tag","embeddable":true,"href":"https:\/\/cuernavaca.gob.mx\/index.php?rest_route=%2Fwp%2Fv2%2Ftags&post=49689"}],"curies":[{"name":"wp","href":"https:\/\/api.w.org\/{rel}","templated":true}]}}