{"id":49707,"date":"2025-04-21T08:00:33","date_gmt":"2025-04-21T14:00:33","guid":{"rendered":"https:\/\/cuernavaca.gob.mx\/?p=49707"},"modified":"2025-04-24T11:24:27","modified_gmt":"2025-04-24T17:24:27","slug":"b185-21-04-25-cuernavaca-celebrara-el-primer-cabildo-de-mujeres-para-fortalecer-la-participacion-ciudadana-y-el-liderazgo-femenino","status":"publish","type":"post","link":"https:\/\/cuernavaca.gob.mx\/?p=49707","title":{"rendered":"B185 21\/04\/25 CUERNAVACA CELEBRAR\u00c1 EL PRIMER CABILDO DE MUJERES PARA FORTALECER LA PARTICIPACI\u00d3N CIUDADANA Y EL LIDERAZGO FEMENINO"},"content":{"rendered":"<p><strong>* Con el objetivo de seguir impulsando la democracia participativa, el Gobierno Municipal abrir\u00e1 este espacio sin precedentes a 13 mujeres que deseen incidir en la construcci\u00f3n de pol\u00edticas p\u00fablicas<\/strong><\/p>\n<p>Como parte de su compromiso con la igualdad sustantiva y la democracia participativa, el Ayuntamiento de Cuernavaca llevar\u00e1 a cabo el primer Cabildo de Mujeres el pr\u00f3ximo viernes 23 de mayo a las 10:00 horas. Este ejercicio ciudadano, sin precedentes en el municipio, tiene como finalidad dar visibilidad a las voces, propuestas y experiencias de las mujeres en la construcci\u00f3n de pol\u00edticas p\u00fablicas.<\/p>\n<p>Esta iniciativa, promovida por la regidora Erika Lastra Jaimes y respaldada por integrantes del cuerpo edilicio, ser\u00e1 coordinada por el Instituto de la Mujer de Cuernavaca, en colaboraci\u00f3n con la Secretar\u00eda del Ayuntamiento, a fin de garantizar su adecuada organizaci\u00f3n, transparencia y representatividad.<\/p>\n<p>El Cabildo de Mujeres replicar\u00e1 la estructura del Cabildo Municipal y estar\u00e1 conformado por 13 ciudadanas, quienes ejercer\u00e1n una representaci\u00f3n temporal, reflexiva y propositiva. A trav\u00e9s de esta actividad se busca fomentar el liderazgo femenino, generar redes de apoyo y abrir espacios reales de incidencia para que las mujeres puedan expresar sin obst\u00e1culos sus inquietudes, demandas y propuestas.<\/p>\n<p>Los temas a tratar deber\u00e1n surgir de la realidad cotidiana de las mujeres que habitan Cuernavaca y podr\u00e1n ir desde propuestas de pol\u00edtica p\u00fablica, hasta testimonios, pronunciamientos y acciones simb\u00f3licas que visibilicen las distintas formas de desigualdad que enfrentan, as\u00ed como soluciones surgidas desde su propia voz y experiencia.<\/p>\n<p>Aunque se prev\u00e9 que este Cabildo se realice anualmente en el mes de marzo, en el marco del D\u00eda Internacional de la Mujer, en este 2025 se llevar\u00e1 a cabo de manera excepcional en el mes de mayo.<\/p>\n<p>La convocatoria oficial se publicar\u00e1 en los pr\u00f3ximos d\u00edas para que todas las mujeres mayores de edad, residentes de la capital morelense e interesadas en incidir en temas de pol\u00edtica p\u00fablica local, puedan registrarse y participar en este ejercicio de ciudadan\u00eda activa y perspectiva de g\u00e9nero.<\/p>\n\n\t\t<style type=\"text\/css\">\n\t\t\t#gallery-1 {\n\t\t\t\tmargin: auto;\n\t\t\t}\n\t\t\t#gallery-1 .gallery-item {\n\t\t\t\tfloat: left;\n\t\t\t\tmargin-top: 10px;\n\t\t\t\ttext-align: center;\n\t\t\t\twidth: 33%;\n\t\t\t}\n\t\t\t#gallery-1 img {\n\t\t\t\tborder: 2px solid #cfcfcf;\n\t\t\t}\n\t\t\t#gallery-1 .gallery-caption {\n\t\t\t\tmargin-left: 0;\n\t\t\t}\n\t\t\t\/* see gallery_shortcode() in wp-includes\/media.php *\/\n\t\t<\/style>\n\t\t<div id='gallery-1' class='gallery galleryid-49707 gallery-columns-3 gallery-size-thumbnail'><dl class='gallery-item'>\n\t\t\t<dt class='gallery-icon landscape'>\n\t\t\t\t<a href='https:\/\/cuernavaca.gob.mx\/?attachment_id=49708'><img width=\"150\" height=\"150\" src=\"https:\/\/cuernavaca.gob.mx\/wp-content\/uploads\/2025\/04\/CUERNAVACA-CELEBRARA\u0301-EL-PRIMER-CABILDO-DE-MUJERES-PARA-FORTALECER-LA-PARTICIPACIO\u0301N-CIUDADANA-Y-EL-LIDERAZGO-FEMENINO-1-150x150.jpg\" class=\"attachment-thumbnail size-thumbnail\" alt=\"\" loading=\"lazy\" \/><\/a>\n\t\t\t<\/dt><\/dl><dl class='gallery-item'>\n\t\t\t<dt class='gallery-icon landscape'>\n\t\t\t\t<a href='https:\/\/cuernavaca.gob.mx\/?attachment_id=49709'><img width=\"150\" height=\"150\" src=\"https:\/\/cuernavaca.gob.mx\/wp-content\/uploads\/2025\/04\/CUERNAVACA-CELEBRARA\u0301-EL-PRIMER-CABILDO-DE-MUJERES-PARA-FORTALECER-LA-PARTICIPACIO\u0301N-CIUDADANA-Y-EL-LIDERAZGO-FEMENINO-2-150x150.jpg\" class=\"attachment-thumbnail size-thumbnail\" alt=\"\" loading=\"lazy\" \/><\/a>\n\t\t\t<\/dt><\/dl>\n\t\t\t<br style='clear: both' \/>\n\t\t<\/div>\n\n","protected":false},"excerpt":{"rendered":"<p>* Con el objetivo de seguir impulsando la democracia participativa, el Gobierno Municipal abrir\u00e1 este espacio sin precedentes a 13 mujeres que deseen incidir en la construcci\u00f3n de pol\u00edticas p\u00fablicas Como parte de su compromiso con la igualdad sustantiva y la democracia participativa, el Ayuntamiento de Cuernavaca llevar\u00e1 a cabo el primer Cabildo de Mujeres [&hellip;]<\/p>\n","protected":false},"author":1,"featured_media":49709,"comment_status":"closed","ping_status":"open","sticky":false,"template":"","format":"standard","meta":[],"categories":[1],"tags":[3850,158,121,684,120,206,388,202,1098,127],"aioseo_notices":[],"_links":{"self":[{"href":"https:\/\/cuernavaca.gob.mx\/index.php?rest_route=\/wp\/v2\/posts\/49707"}],"collection":[{"href":"https:\/\/cuernavaca.gob.mx\/index.php?rest_route=\/wp\/v2\/posts"}],"about":[{"href":"https:\/\/cuernavaca.gob.mx\/index.php?rest_route=\/wp\/v2\/types\/post"}],"author":[{"embeddable":true,"href":"https:\/\/cuernavaca.gob.mx\/index.php?rest_route=\/wp\/v2\/users\/1"}],"replies":[{"embeddable":true,"href":"https:\/\/cuernavaca.gob.mx\/index.php?rest_route=%2Fwp%2Fv2%2Fcomments&post=49707"}],"version-history":[{"count":1,"href":"https:\/\/cuernavaca.gob.mx\/index.php?rest_route=\/wp\/v2\/posts\/49707\/revisions"}],"predecessor-version":[{"id":49710,"href":"https:\/\/cuernavaca.gob.mx\/index.php?rest_route=\/wp\/v2\/posts\/49707\/revisions\/49710"}],"wp:featuredmedia":[{"embeddable":true,"href":"https:\/\/cuernavaca.gob.mx\/index.php?rest_route=\/wp\/v2\/media\/49709"}],"wp:attachment":[{"href":"https:\/\/cuernavaca.gob.mx\/index.php?rest_route=%2Fwp%2Fv2%2Fmedia&parent=49707"}],"wp:term":[{"taxonomy":"category","embeddable":true,"href":"https:\/\/cuernavaca.gob.mx\/index.php?rest_route=%2Fwp%2Fv2%2Fcategories&post=49707"},{"taxonomy":"post_tag","embeddable":true,"href":"https:\/\/cuernavaca.gob.mx\/index.php?rest_route=%2Fwp%2Fv2%2Ftags&post=49707"}],"curies":[{"name":"wp","href":"https:\/\/api.w.org\/{rel}","templated":true}]}}