{"id":49711,"date":"2025-04-21T15:00:08","date_gmt":"2025-04-21T21:00:08","guid":{"rendered":"https:\/\/cuernavaca.gob.mx\/?p=49711"},"modified":"2025-04-24T11:29:28","modified_gmt":"2025-04-24T17:29:28","slug":"b187-21-04-25-cuernavaca-despide-su-feria-de-la-primavera-2025-entre-aplausos-y-celebracion","status":"publish","type":"post","link":"https:\/\/cuernavaca.gob.mx\/?p=49711","title":{"rendered":"B187 21\/04\/25 CUERNAVACA DESPIDE SU FERIA DE LA PRIMAVERA 2025 ENTRE APLAUSOS Y CELEBRACI\u00d3N"},"content":{"rendered":"<p><strong>\u2022 En esta edici\u00f3n, m\u00e1s de 30 mil cuernavaquenses y visitantes se dieron cita en el H\u00edpico Vista Hermosa<\/strong><\/p>\n<p><strong>\u2022 La Feria de la Primavera Cuernavaca 2025 no solo celebr\u00f3 nuestras ra\u00edces, sino que fortaleci\u00f3 los lazos comunitarios en un entorno seguro y festivo<\/strong><\/p>\n<p>Con la participaci\u00f3n de miles de personas, este domingo concluy\u00f3 con gran \u00e9xito la Feria de la Primavera Cuernavaca 2025, consolid\u00e1ndose como uno de los eventos m\u00e1s importantes de la regi\u00f3n. Gracias a la iniciativa del alcalde Jos\u00e9 Luis Uri\u00f3stegui Salgado y del Cabildo de Cuernavaca, esta celebraci\u00f3n reafirm\u00f3 su esencia como un espacio de encuentro familiar que resalta la identidad cultural, tradiciones y alegr\u00eda que caracterizan a la Ciudad de la Eterna Primavera.<\/p>\n<p>Desde su primera administraci\u00f3n, el alcalde Uri\u00f3stegui ha refrendado su compromiso de retomar esta emblem\u00e1tica festividad, apostando por una visi\u00f3n 100% familiar y de convivencia comunitaria. En esta edici\u00f3n, m\u00e1s de 30 mil cuernavaquenses y visitantes se dieron cita en el H\u00edpico Vista Hermosa, sede oficial del evento.<\/p>\n<p>El arranque oficial estuvo encabezado por el alcalde, acompa\u00f1ado de autoridades estatales y municipales, quienes participaron en la tradicional cabalgata inaugural que recorri\u00f3 una de las principales avenidas de la ciudad, marcando el inicio de una semana llena de actividades festivas.<\/p>\n<p>Entre los eventos m\u00e1s destacados se encontraron las exhibiciones de caballos, jaripeos, escaramuzas, barrileras y el emocionante Torneo de Presidentes, en el que participaron exiles de distintos municipios del estado, adem\u00e1s de una exposici\u00f3n ganadera que reafirm\u00f3 la tradici\u00f3n del campo en la capital morelense.<\/p>\n<p>La Feria tambi\u00e9n ofreci\u00f3 un espacio clave para el impulso econ\u00f3mico, permitiendo a comerciantes y artesanos locales comercializar sus productos. Adem\u00e1s, diversas dependencias gubernamentales instalaron m\u00f3dulos informativos para acercar sus servicios a la poblaci\u00f3n.<\/p>\n<p>Ni\u00f1as, ni\u00f1os, j\u00f3venes y adultos disfrutaron de juegos mec\u00e1nicos y del ya tradicional Teatro del Pueblo, que ofreci\u00f3 un variado cartel art\u00edstico y cultural para toda la familia.<\/p>\n<p>La clausura, celebrada el domingo 20 de abril, cerr\u00f3 con broche de oro con la presentaci\u00f3n estelar del grupo musical Los Dos Carnales, poniendo fin a una semana de convivencia, alegr\u00eda y participaci\u00f3n ciudadana.<\/p>\n<p>La Feria de la Primavera Cuernavaca 2025 no solo celebr\u00f3 nuestras ra\u00edces, sino que fortaleci\u00f3 los lazos comunitarios en un entorno seguro y festivo.<\/p>\n\n\t\t<style type=\"text\/css\">\n\t\t\t#gallery-1 {\n\t\t\t\tmargin: auto;\n\t\t\t}\n\t\t\t#gallery-1 .gallery-item {\n\t\t\t\tfloat: left;\n\t\t\t\tmargin-top: 10px;\n\t\t\t\ttext-align: center;\n\t\t\t\twidth: 33%;\n\t\t\t}\n\t\t\t#gallery-1 img {\n\t\t\t\tborder: 2px solid #cfcfcf;\n\t\t\t}\n\t\t\t#gallery-1 .gallery-caption {\n\t\t\t\tmargin-left: 0;\n\t\t\t}\n\t\t\t\/* see gallery_shortcode() in wp-includes\/media.php *\/\n\t\t<\/style>\n\t\t<div id='gallery-1' class='gallery galleryid-49711 gallery-columns-3 gallery-size-thumbnail'><dl class='gallery-item'>\n\t\t\t<dt class='gallery-icon landscape'>\n\t\t\t\t<a href='https:\/\/cuernavaca.gob.mx\/?attachment_id=49712'><img width=\"150\" height=\"150\" src=\"https:\/\/cuernavaca.gob.mx\/wp-content\/uploads\/2025\/04\/CUERNAVACA-DESPIDE-SU-FERIA-DE-LA-PRIMAVERA-2025-ENTRE-APLAUSOS-Y-CELEBRACIO\u0301N-1-150x150.jpg\" class=\"attachment-thumbnail size-thumbnail\" alt=\"\" loading=\"lazy\" \/><\/a>\n\t\t\t<\/dt><\/dl><dl class='gallery-item'>\n\t\t\t<dt class='gallery-icon landscape'>\n\t\t\t\t<a href='https:\/\/cuernavaca.gob.mx\/?attachment_id=49713'><img width=\"150\" height=\"150\" src=\"https:\/\/cuernavaca.gob.mx\/wp-content\/uploads\/2025\/04\/CUERNAVACA-DESPIDE-SU-FERIA-DE-LA-PRIMAVERA-2025-ENTRE-APLAUSOS-Y-CELEBRACIO\u0301N-2-150x150.jpg\" class=\"attachment-thumbnail size-thumbnail\" alt=\"\" loading=\"lazy\" \/><\/a>\n\t\t\t<\/dt><\/dl><dl class='gallery-item'>\n\t\t\t<dt class='gallery-icon landscape'>\n\t\t\t\t<a href='https:\/\/cuernavaca.gob.mx\/?attachment_id=49714'><img width=\"150\" height=\"150\" src=\"https:\/\/cuernavaca.gob.mx\/wp-content\/uploads\/2025\/04\/CUERNAVACA-DESPIDE-SU-FERIA-DE-LA-PRIMAVERA-2025-ENTRE-APLAUSOS-Y-CELEBRACIO\u0301N-3-150x150.jpg\" class=\"attachment-thumbnail size-thumbnail\" alt=\"\" loading=\"lazy\" \/><\/a>\n\t\t\t<\/dt><\/dl><br style=\"clear: both\" \/><dl class='gallery-item'>\n\t\t\t<dt class='gallery-icon landscape'>\n\t\t\t\t<a href='https:\/\/cuernavaca.gob.mx\/?attachment_id=49715'><img width=\"150\" height=\"150\" src=\"https:\/\/cuernavaca.gob.mx\/wp-content\/uploads\/2025\/04\/CUERNAVACA-DESPIDE-SU-FERIA-DE-LA-PRIMAVERA-2025-ENTRE-APLAUSOS-Y-CELEBRACIO\u0301N-4-150x150.jpg\" class=\"attachment-thumbnail size-thumbnail\" alt=\"\" loading=\"lazy\" \/><\/a>\n\t\t\t<\/dt><\/dl><dl class='gallery-item'>\n\t\t\t<dt class='gallery-icon landscape'>\n\t\t\t\t<a href='https:\/\/cuernavaca.gob.mx\/?attachment_id=49716'><img width=\"150\" height=\"150\" src=\"https:\/\/cuernavaca.gob.mx\/wp-content\/uploads\/2025\/04\/CUERNAVACA-DESPIDE-SU-FERIA-DE-LA-PRIMAVERA-2025-ENTRE-APLAUSOS-Y-CELEBRACIO\u0301N-5-150x150.jpg\" class=\"attachment-thumbnail size-thumbnail\" alt=\"\" loading=\"lazy\" \/><\/a>\n\t\t\t<\/dt><\/dl><dl class='gallery-item'>\n\t\t\t<dt class='gallery-icon landscape'>\n\t\t\t\t<a href='https:\/\/cuernavaca.gob.mx\/?attachment_id=49717'><img width=\"150\" height=\"150\" src=\"https:\/\/cuernavaca.gob.mx\/wp-content\/uploads\/2025\/04\/CUERNAVACA-DESPIDE-SU-FERIA-DE-LA-PRIMAVERA-2025-ENTRE-APLAUSOS-Y-CELEBRACIO\u0301N-6-150x150.jpg\" class=\"attachment-thumbnail size-thumbnail\" alt=\"\" loading=\"lazy\" \/><\/a>\n\t\t\t<\/dt><\/dl><br style=\"clear: both\" \/><dl class='gallery-item'>\n\t\t\t<dt class='gallery-icon landscape'>\n\t\t\t\t<a href='https:\/\/cuernavaca.gob.mx\/?attachment_id=49718'><img width=\"150\" height=\"150\" src=\"https:\/\/cuernavaca.gob.mx\/wp-content\/uploads\/2025\/04\/CUERNAVACA-DESPIDE-SU-FERIA-DE-LA-PRIMAVERA-2025-ENTRE-APLAUSOS-Y-CELEBRACIO\u0301N-7-150x150.jpg\" class=\"attachment-thumbnail size-thumbnail\" alt=\"\" loading=\"lazy\" \/><\/a>\n\t\t\t<\/dt><\/dl><dl class='gallery-item'>\n\t\t\t<dt class='gallery-icon landscape'>\n\t\t\t\t<a href='https:\/\/cuernavaca.gob.mx\/?attachment_id=49719'><img width=\"150\" height=\"150\" src=\"https:\/\/cuernavaca.gob.mx\/wp-content\/uploads\/2025\/04\/CUERNAVACA-DESPIDE-SU-FERIA-DE-LA-PRIMAVERA-2025-ENTRE-APLAUSOS-Y-CELEBRACIO\u0301N-8-150x150.jpg\" class=\"attachment-thumbnail size-thumbnail\" alt=\"\" loading=\"lazy\" \/><\/a>\n\t\t\t<\/dt><\/dl><dl class='gallery-item'>\n\t\t\t<dt class='gallery-icon landscape'>\n\t\t\t\t<a href='https:\/\/cuernavaca.gob.mx\/?attachment_id=49720'><img width=\"150\" height=\"150\" src=\"https:\/\/cuernavaca.gob.mx\/wp-content\/uploads\/2025\/04\/CUERNAVACA-DESPIDE-SU-FERIA-DE-LA-PRIMAVERA-2025-ENTRE-APLAUSOS-Y-CELEBRACIO\u0301N-9-150x150.jpg\" class=\"attachment-thumbnail size-thumbnail\" alt=\"\" loading=\"lazy\" \/><\/a>\n\t\t\t<\/dt><\/dl><br style=\"clear: both\" \/><dl class='gallery-item'>\n\t\t\t<dt class='gallery-icon landscape'>\n\t\t\t\t<a href='https:\/\/cuernavaca.gob.mx\/?attachment_id=49721'><img width=\"150\" height=\"150\" src=\"https:\/\/cuernavaca.gob.mx\/wp-content\/uploads\/2025\/04\/CUERNAVACA-DESPIDE-SU-FERIA-DE-LA-PRIMAVERA-2025-ENTRE-APLAUSOS-Y-CELEBRACIO\u0301N-10-150x150.jpg\" class=\"attachment-thumbnail size-thumbnail\" alt=\"\" loading=\"lazy\" \/><\/a>\n\t\t\t<\/dt><\/dl><dl class='gallery-item'>\n\t\t\t<dt class='gallery-icon landscape'>\n\t\t\t\t<a href='https:\/\/cuernavaca.gob.mx\/?attachment_id=49722'><img width=\"150\" height=\"150\" src=\"https:\/\/cuernavaca.gob.mx\/wp-content\/uploads\/2025\/04\/CUERNAVACA-DESPIDE-SU-FERIA-DE-LA-PRIMAVERA-2025-ENTRE-APLAUSOS-Y-CELEBRACIO\u0301N-11-150x150.jpg\" class=\"attachment-thumbnail size-thumbnail\" alt=\"\" loading=\"lazy\" \/><\/a>\n\t\t\t<\/dt><\/dl><dl class='gallery-item'>\n\t\t\t<dt class='gallery-icon landscape'>\n\t\t\t\t<a href='https:\/\/cuernavaca.gob.mx\/?attachment_id=49723'><img width=\"150\" height=\"150\" src=\"https:\/\/cuernavaca.gob.mx\/wp-content\/uploads\/2025\/04\/CUERNAVACA-DESPIDE-SU-FERIA-DE-LA-PRIMAVERA-2025-ENTRE-APLAUSOS-Y-CELEBRACIO\u0301N-12-150x150.jpg\" class=\"attachment-thumbnail size-thumbnail\" alt=\"\" loading=\"lazy\" \/><\/a>\n\t\t\t<\/dt><\/dl><br style=\"clear: both\" \/><dl class='gallery-item'>\n\t\t\t<dt class='gallery-icon landscape'>\n\t\t\t\t<a href='https:\/\/cuernavaca.gob.mx\/?attachment_id=49724'><img width=\"150\" height=\"150\" src=\"https:\/\/cuernavaca.gob.mx\/wp-content\/uploads\/2025\/04\/CUERNAVACA-DESPIDE-SU-FERIA-DE-LA-PRIMAVERA-2025-ENTRE-APLAUSOS-Y-CELEBRACIO\u0301N-13-150x150.jpg\" class=\"attachment-thumbnail size-thumbnail\" alt=\"\" loading=\"lazy\" \/><\/a>\n\t\t\t<\/dt><\/dl>\n\t\t\t<br style='clear: both' \/>\n\t\t<\/div>\n\n","protected":false},"excerpt":{"rendered":"<p>\u2022 En esta edici\u00f3n, m\u00e1s de 30 mil cuernavaquenses y visitantes se dieron cita en el H\u00edpico Vista Hermosa \u2022 La Feria de la Primavera Cuernavaca 2025 no solo celebr\u00f3 nuestras ra\u00edces, sino que fortaleci\u00f3 los lazos comunitarios en un entorno seguro y festivo Con la participaci\u00f3n de miles de personas, este domingo concluy\u00f3 con [&hellip;]<\/p>\n","protected":false},"author":1,"featured_media":49717,"comment_status":"closed","ping_status":"open","sticky":false,"template":"","format":"standard","meta":[],"categories":[21],"tags":[121,1922,2337,413,262,120,206,127,419,2967],"aioseo_notices":[],"_links":{"self":[{"href":"https:\/\/cuernavaca.gob.mx\/index.php?rest_route=\/wp\/v2\/posts\/49711"}],"collection":[{"href":"https:\/\/cuernavaca.gob.mx\/index.php?rest_route=\/wp\/v2\/posts"}],"about":[{"href":"https:\/\/cuernavaca.gob.mx\/index.php?rest_route=\/wp\/v2\/types\/post"}],"author":[{"embeddable":true,"href":"https:\/\/cuernavaca.gob.mx\/index.php?rest_route=\/wp\/v2\/users\/1"}],"replies":[{"embeddable":true,"href":"https:\/\/cuernavaca.gob.mx\/index.php?rest_route=%2Fwp%2Fv2%2Fcomments&post=49711"}],"version-history":[{"count":1,"href":"https:\/\/cuernavaca.gob.mx\/index.php?rest_route=\/wp\/v2\/posts\/49711\/revisions"}],"predecessor-version":[{"id":49725,"href":"https:\/\/cuernavaca.gob.mx\/index.php?rest_route=\/wp\/v2\/posts\/49711\/revisions\/49725"}],"wp:featuredmedia":[{"embeddable":true,"href":"https:\/\/cuernavaca.gob.mx\/index.php?rest_route=\/wp\/v2\/media\/49717"}],"wp:attachment":[{"href":"https:\/\/cuernavaca.gob.mx\/index.php?rest_route=%2Fwp%2Fv2%2Fmedia&parent=49711"}],"wp:term":[{"taxonomy":"category","embeddable":true,"href":"https:\/\/cuernavaca.gob.mx\/index.php?rest_route=%2Fwp%2Fv2%2Fcategories&post=49711"},{"taxonomy":"post_tag","embeddable":true,"href":"https:\/\/cuernavaca.gob.mx\/index.php?rest_route=%2Fwp%2Fv2%2Ftags&post=49711"}],"curies":[{"name":"wp","href":"https:\/\/api.w.org\/{rel}","templated":true}]}}