{"id":49732,"date":"2025-04-22T11:00:05","date_gmt":"2025-04-22T17:00:05","guid":{"rendered":"https:\/\/cuernavaca.gob.mx\/?p=49732"},"modified":"2025-04-24T11:38:42","modified_gmt":"2025-04-24T17:38:42","slug":"b189-22-04-25-cuernavaca-firma-convenio-para-fomentar-la-participacion-ciudadana-en-la-construccion-de-paz","status":"publish","type":"post","link":"https:\/\/cuernavaca.gob.mx\/?p=49732","title":{"rendered":"B189 22\/04\/25 CUERNAVACA FIRMA CONVENIO PARA FOMENTAR LA PARTICIPACI\u00d3N CIUDADANA EN LA CONSTRUCCI\u00d3N DE PAZ"},"content":{"rendered":"<p><strong>\u2022 A trav\u00e9s de la colaboraci\u00f3n entre el Ayuntamiento capitalino, la FSTSE y la ciudadan\u00eda, se busca crear un entorno de paz y seguridad que beneficie a toda la comunidad cuernavaquense<\/strong><\/p>\n<p>Este martes, el presidente municipal de Cuernavaca, Jos\u00e9 Luis Uri\u00f3stegui Salgado, encabez\u00f3 la firma de un importante convenio de colaboraci\u00f3n con la Federaci\u00f3n de Sindicatos de Trabajadores al Servicio del Estado (FSTSE). Este acuerdo tiene como objetivo promover la participaci\u00f3n ciudadana en la construcci\u00f3n de paz, en coordinaci\u00f3n con el Secretariado Ejecutivo del Consejo Municipal de Seguridad P\u00fablica.<\/p>\n<p>Durante el evento, el alcalde destac\u00f3 la relevancia de este convenio, subrayando que permitir\u00e1 fortalecer los esfuerzos conjuntos entre la administraci\u00f3n municipal y los diversos liderazgos de la FSTSE para construir pol\u00edticas p\u00fablicas eficaces en materia de seguridad. En particular, se\u00f1al\u00f3 que este acuerdo contribuir\u00e1 al desarrollo de estrategias de prevenci\u00f3n que fomenten una cultura de paz en la ciudad.<\/p>\n<p>Jos\u00e9 Luis Uri\u00f3stegui Salgado indic\u00f3 que la colaboraci\u00f3n entre el gobierno municipal y la FSTSE ser\u00e1 clave para lograr los mejores resultados en materia de seguridad p\u00fablica, ya que, a trav\u00e9s de este convenio, se buscar\u00e1 una mayor eficacia en la implementaci\u00f3n de pol\u00edticas p\u00fablicas que aborden los retos de seguridad, siempre con el objetivo de generar un entorno m\u00e1s seguro para la ciudadan\u00eda.<\/p>\n<p>Gil Magad\u00e1n Salazar, secretario general de la Federaci\u00f3n de Sindicatos de Trabajadores al Servicio del Estado (FSTSE), reconoci\u00f3 el esfuerzo del presidente municipal y su compromiso por transformar la ciudad, resaltando las acciones hechas para reducir la deuda p\u00fablica y mejorar la situaci\u00f3n financiera de la ciudad de manera sustentable. Asimismo, agradeci\u00f3 la apertura del alcalde para establecer este convenio y subray\u00f3 que la colaboraci\u00f3n fortalecer\u00e1 la generaci\u00f3n de soluciones efectivas a los problemas de seguridad p\u00fablica.<\/p>\n<p>Por su parte, Joan Christian Carmona Bar\u00f3n, titular del Secretariado Ejecutivo del Consejo Municipal de Seguridad P\u00fablica, celebr\u00f3 la firma del convenio, al referir que la participaci\u00f3n ciudadana es fundamental para cambiar la cultura de la seguridad desde la base, y mencion\u00f3 que uno de los principales objetivos es que la poblaci\u00f3n participe activamente en la generaci\u00f3n de propuestas de soluci\u00f3n.<\/p>\n<p>Carmona Bar\u00f3n anunci\u00f3 dos iniciativas clave para este a\u00f1o en el \u00e1rea de seguridad: la instalaci\u00f3n de la nueva generaci\u00f3n de c\u00e1maras de videovigilancia, que incluir\u00e1n aproximadamente mil 500 c\u00e1maras para el mes de diciembre, lo que mejorar\u00e1 la vigilancia y permitir\u00e1 una respuesta m\u00e1s \u00e1gil de las fuerzas policiales. Adem\u00e1s, de lanzar la aplicaci\u00f3n \u201cCuernavaca Segura\u201d, que permitir\u00e1 a las y los cuernavaquenses, as\u00ed como visitantes, acceder a un bot\u00f3n de p\u00e1nico para denunciar emergencias de manera an\u00f3nima.<\/p>\n<p>Este convenio de colaboraci\u00f3n marca un paso importante hacia la construcci\u00f3n de un Cuernavaca m\u00e1s seguro y participativo.<\/p>\n\n\t\t<style type=\"text\/css\">\n\t\t\t#gallery-1 {\n\t\t\t\tmargin: auto;\n\t\t\t}\n\t\t\t#gallery-1 .gallery-item {\n\t\t\t\tfloat: left;\n\t\t\t\tmargin-top: 10px;\n\t\t\t\ttext-align: center;\n\t\t\t\twidth: 33%;\n\t\t\t}\n\t\t\t#gallery-1 img {\n\t\t\t\tborder: 2px solid #cfcfcf;\n\t\t\t}\n\t\t\t#gallery-1 .gallery-caption {\n\t\t\t\tmargin-left: 0;\n\t\t\t}\n\t\t\t\/* see gallery_shortcode() in wp-includes\/media.php *\/\n\t\t<\/style>\n\t\t<div id='gallery-1' class='gallery galleryid-49732 gallery-columns-3 gallery-size-thumbnail'><dl class='gallery-item'>\n\t\t\t<dt class='gallery-icon landscape'>\n\t\t\t\t<a href='https:\/\/cuernavaca.gob.mx\/?attachment_id=49733'><img width=\"150\" height=\"150\" src=\"https:\/\/cuernavaca.gob.mx\/wp-content\/uploads\/2025\/04\/CUERNAVACA-FIRMA-CONVENIO-PARA-FOMENTAR-LA-PARTICIPACIO\u0301N-CIUDADANA-EN-LA-CONSTRUCCIO\u0301N-DE-PAZ-1-150x150.jpg\" class=\"attachment-thumbnail size-thumbnail\" alt=\"\" loading=\"lazy\" \/><\/a>\n\t\t\t<\/dt><\/dl><dl class='gallery-item'>\n\t\t\t<dt class='gallery-icon landscape'>\n\t\t\t\t<a href='https:\/\/cuernavaca.gob.mx\/?attachment_id=49734'><img width=\"150\" height=\"150\" src=\"https:\/\/cuernavaca.gob.mx\/wp-content\/uploads\/2025\/04\/CUERNAVACA-FIRMA-CONVENIO-PARA-FOMENTAR-LA-PARTICIPACIO\u0301N-CIUDADANA-EN-LA-CONSTRUCCIO\u0301N-DE-PAZ-2-150x150.jpg\" class=\"attachment-thumbnail size-thumbnail\" alt=\"\" loading=\"lazy\" \/><\/a>\n\t\t\t<\/dt><\/dl><dl class='gallery-item'>\n\t\t\t<dt class='gallery-icon landscape'>\n\t\t\t\t<a href='https:\/\/cuernavaca.gob.mx\/?attachment_id=49735'><img width=\"150\" height=\"150\" src=\"https:\/\/cuernavaca.gob.mx\/wp-content\/uploads\/2025\/04\/CUERNAVACA-FIRMA-CONVENIO-PARA-FOMENTAR-LA-PARTICIPACIO\u0301N-CIUDADANA-EN-LA-CONSTRUCCIO\u0301N-DE-PAZ-3-150x150.jpg\" class=\"attachment-thumbnail size-thumbnail\" alt=\"\" loading=\"lazy\" \/><\/a>\n\t\t\t<\/dt><\/dl><br style=\"clear: both\" \/><dl class='gallery-item'>\n\t\t\t<dt class='gallery-icon landscape'>\n\t\t\t\t<a href='https:\/\/cuernavaca.gob.mx\/?attachment_id=49736'><img width=\"150\" height=\"150\" src=\"https:\/\/cuernavaca.gob.mx\/wp-content\/uploads\/2025\/04\/CUERNAVACA-FIRMA-CONVENIO-PARA-FOMENTAR-LA-PARTICIPACIO\u0301N-CIUDADANA-EN-LA-CONSTRUCCIO\u0301N-DE-PAZ-4-150x150.jpg\" class=\"attachment-thumbnail size-thumbnail\" alt=\"\" loading=\"lazy\" \/><\/a>\n\t\t\t<\/dt><\/dl><dl class='gallery-item'>\n\t\t\t<dt class='gallery-icon landscape'>\n\t\t\t\t<a href='https:\/\/cuernavaca.gob.mx\/?attachment_id=49737'><img width=\"150\" height=\"150\" src=\"https:\/\/cuernavaca.gob.mx\/wp-content\/uploads\/2025\/04\/CUERNAVACA-FIRMA-CONVENIO-PARA-FOMENTAR-LA-PARTICIPACIO\u0301N-CIUDADANA-EN-LA-CONSTRUCCIO\u0301N-DE-PAZ-5-150x150.jpg\" class=\"attachment-thumbnail size-thumbnail\" alt=\"\" loading=\"lazy\" \/><\/a>\n\t\t\t<\/dt><\/dl><dl class='gallery-item'>\n\t\t\t<dt class='gallery-icon landscape'>\n\t\t\t\t<a href='https:\/\/cuernavaca.gob.mx\/?attachment_id=49738'><img width=\"150\" height=\"150\" src=\"https:\/\/cuernavaca.gob.mx\/wp-content\/uploads\/2025\/04\/CUERNAVACA-FIRMA-CONVENIO-PARA-FOMENTAR-LA-PARTICIPACIO\u0301N-CIUDADANA-EN-LA-CONSTRUCCIO\u0301N-DE-PAZ-6-150x150.jpg\" class=\"attachment-thumbnail size-thumbnail\" alt=\"\" loading=\"lazy\" \/><\/a>\n\t\t\t<\/dt><\/dl><br style=\"clear: both\" \/>\n\t\t<\/div>\n\n","protected":false},"excerpt":{"rendered":"<p>\u2022 A trav\u00e9s de la colaboraci\u00f3n entre el Ayuntamiento capitalino, la FSTSE y la ciudadan\u00eda, se busca crear un entorno de paz y seguridad que beneficie a toda la comunidad cuernavaquense Este martes, el presidente municipal de Cuernavaca, Jos\u00e9 Luis Uri\u00f3stegui Salgado, encabez\u00f3 la firma de un importante convenio de colaboraci\u00f3n con la Federaci\u00f3n de [&hellip;]<\/p>\n","protected":false},"author":1,"featured_media":49736,"comment_status":"closed","ping_status":"open","sticky":false,"template":"","format":"standard","meta":[],"categories":[17],"tags":[2582,121,120,206,127,414,125],"aioseo_notices":[],"_links":{"self":[{"href":"https:\/\/cuernavaca.gob.mx\/index.php?rest_route=\/wp\/v2\/posts\/49732"}],"collection":[{"href":"https:\/\/cuernavaca.gob.mx\/index.php?rest_route=\/wp\/v2\/posts"}],"about":[{"href":"https:\/\/cuernavaca.gob.mx\/index.php?rest_route=\/wp\/v2\/types\/post"}],"author":[{"embeddable":true,"href":"https:\/\/cuernavaca.gob.mx\/index.php?rest_route=\/wp\/v2\/users\/1"}],"replies":[{"embeddable":true,"href":"https:\/\/cuernavaca.gob.mx\/index.php?rest_route=%2Fwp%2Fv2%2Fcomments&post=49732"}],"version-history":[{"count":1,"href":"https:\/\/cuernavaca.gob.mx\/index.php?rest_route=\/wp\/v2\/posts\/49732\/revisions"}],"predecessor-version":[{"id":49739,"href":"https:\/\/cuernavaca.gob.mx\/index.php?rest_route=\/wp\/v2\/posts\/49732\/revisions\/49739"}],"wp:featuredmedia":[{"embeddable":true,"href":"https:\/\/cuernavaca.gob.mx\/index.php?rest_route=\/wp\/v2\/media\/49736"}],"wp:attachment":[{"href":"https:\/\/cuernavaca.gob.mx\/index.php?rest_route=%2Fwp%2Fv2%2Fmedia&parent=49732"}],"wp:term":[{"taxonomy":"category","embeddable":true,"href":"https:\/\/cuernavaca.gob.mx\/index.php?rest_route=%2Fwp%2Fv2%2Fcategories&post=49732"},{"taxonomy":"post_tag","embeddable":true,"href":"https:\/\/cuernavaca.gob.mx\/index.php?rest_route=%2Fwp%2Fv2%2Ftags&post=49732"}],"curies":[{"name":"wp","href":"https:\/\/api.w.org\/{rel}","templated":true}]}}