{"id":49742,"date":"2025-04-24T11:00:40","date_gmt":"2025-04-24T17:00:40","guid":{"rendered":"https:\/\/cuernavaca.gob.mx\/?p=49742"},"modified":"2025-04-24T11:47:05","modified_gmt":"2025-04-24T17:47:05","slug":"b194-24-04-25-cuernavaca-continuara-este-2025-con-inversion-historica-en-materia-de-obra-publica","status":"publish","type":"post","link":"https:\/\/cuernavaca.gob.mx\/?p=49742","title":{"rendered":"B194 24\/04\/25 CUERNAVACA CONTINUAR\u00c1 ESTE 2025 CON INVERSI\u00d3N HIST\u00d3RICA EN MATERIA DE OBRA P\u00daBLICA"},"content":{"rendered":"<p><strong>* Cabildo autoriza nueva adecuaci\u00f3n al Programa Anual de Obra P\u00fablica 2025 con la incorporaci\u00f3n de 16 nuevos proyectos y una inversi\u00f3n cercana a 62.5 millones de pesos<\/strong><\/p>\n<p>Con el objetivo de seguir abonando a la transformaci\u00f3n de la capital morelense, el Cabildo del Ayuntamiento de Cuernavaca, encabezado por el presidente municipal Jos\u00e9 Luis Uri\u00f3stegui Salgado, aprob\u00f3 la adecuaci\u00f3n al Programa Anual de Obra P\u00fablica para el ejercicio fiscal 2025, incorporando 16 nuevos proyectos en materia de equipamiento e infraestructura, etiquetados por el Congreso del Estado de Morelos, en coordinaci\u00f3n con el Gobierno Estatal.<\/p>\n<p>En sesi\u00f3n ordinaria de Cabildo, el alcalde reconoci\u00f3 la labor conjunta entre el Poder Legislativo y el Poder Ejecutivo para dar continuidad a este programa de aportaci\u00f3n de recursos a los municipios, iniciado en 2023, y que ha representado un beneficio significativo para Cuernavaca.<\/p>\n<p>Para este 2025, se est\u00e1n destinando cerca de 62.5 millones de pesos, los cuales, se suman a los 71 millones de pesos autorizados a inicios del a\u00f1o para el Programa de Inversi\u00f3n H\u00eddrica 2025. Para este ejercicio fiscal, el municipio ha destinando una inversi\u00f3n total de 240 millones de pesos en obras p\u00fablicas para la ciudad capital, que incluye fondos como el FAISMUN y recursos propios municipales.<\/p>\n<p>De acuerdo con el secretario de Desarrollo Urbano y Obras P\u00fablicas, Demetrio Chavira de la Torre, el listado de nuevos proyectos contempla intervenciones en materia h\u00eddrica, pavimentaci\u00f3n, rehabilitaci\u00f3n de espacios deportivos y construcci\u00f3n de \u00e1reas p\u00fablicas, como andadores peatonales.<\/p>\n<p>Cabe recordar que el Programa de Inversi\u00f3n H\u00eddrica 2025 considera la construcci\u00f3n de cinco tanques de regulaci\u00f3n y el reemplazo de m\u00e1s de ocho kil\u00f3metros de tuber\u00eda de las l\u00edneas de conducci\u00f3n y distribuci\u00f3n de agua potable en distintos puntos del municipio.<\/p>\n\n\t\t<style type=\"text\/css\">\n\t\t\t#gallery-1 {\n\t\t\t\tmargin: auto;\n\t\t\t}\n\t\t\t#gallery-1 .gallery-item {\n\t\t\t\tfloat: left;\n\t\t\t\tmargin-top: 10px;\n\t\t\t\ttext-align: center;\n\t\t\t\twidth: 33%;\n\t\t\t}\n\t\t\t#gallery-1 img {\n\t\t\t\tborder: 2px solid #cfcfcf;\n\t\t\t}\n\t\t\t#gallery-1 .gallery-caption {\n\t\t\t\tmargin-left: 0;\n\t\t\t}\n\t\t\t\/* see gallery_shortcode() in wp-includes\/media.php *\/\n\t\t<\/style>\n\t\t<div id='gallery-1' class='gallery galleryid-49742 gallery-columns-3 gallery-size-thumbnail'><dl class='gallery-item'>\n\t\t\t<dt class='gallery-icon landscape'>\n\t\t\t\t<a href='https:\/\/cuernavaca.gob.mx\/?attachment_id=49743'><img width=\"150\" height=\"150\" src=\"https:\/\/cuernavaca.gob.mx\/wp-content\/uploads\/2025\/04\/CUERNAVACA-CONTINUARA\u0301-ESTE-2025-CON-INVERSIO\u0301N-HISTO\u0301RICA-EN-MATERIA-DE-OBRA-PU\u0301BLICA-1-150x150.jpg\" class=\"attachment-thumbnail size-thumbnail\" alt=\"\" loading=\"lazy\" \/><\/a>\n\t\t\t<\/dt><\/dl>\n\t\t\t<br style='clear: both' \/>\n\t\t<\/div>\n\n","protected":false},"excerpt":{"rendered":"<p>* Cabildo autoriza nueva adecuaci\u00f3n al Programa Anual de Obra P\u00fablica 2025 con la incorporaci\u00f3n de 16 nuevos proyectos y una inversi\u00f3n cercana a 62.5 millones de pesos Con el objetivo de seguir abonando a la transformaci\u00f3n de la capital morelense, el Cabildo del Ayuntamiento de Cuernavaca, encabezado por el presidente municipal Jos\u00e9 Luis Uri\u00f3stegui [&hellip;]<\/p>\n","protected":false},"author":1,"featured_media":49743,"comment_status":"closed","ping_status":"open","sticky":false,"template":"","format":"standard","meta":[],"categories":[3047],"tags":[916,121,120,206,356,127],"aioseo_notices":[],"_links":{"self":[{"href":"https:\/\/cuernavaca.gob.mx\/index.php?rest_route=\/wp\/v2\/posts\/49742"}],"collection":[{"href":"https:\/\/cuernavaca.gob.mx\/index.php?rest_route=\/wp\/v2\/posts"}],"about":[{"href":"https:\/\/cuernavaca.gob.mx\/index.php?rest_route=\/wp\/v2\/types\/post"}],"author":[{"embeddable":true,"href":"https:\/\/cuernavaca.gob.mx\/index.php?rest_route=\/wp\/v2\/users\/1"}],"replies":[{"embeddable":true,"href":"https:\/\/cuernavaca.gob.mx\/index.php?rest_route=%2Fwp%2Fv2%2Fcomments&post=49742"}],"version-history":[{"count":1,"href":"https:\/\/cuernavaca.gob.mx\/index.php?rest_route=\/wp\/v2\/posts\/49742\/revisions"}],"predecessor-version":[{"id":49744,"href":"https:\/\/cuernavaca.gob.mx\/index.php?rest_route=\/wp\/v2\/posts\/49742\/revisions\/49744"}],"wp:featuredmedia":[{"embeddable":true,"href":"https:\/\/cuernavaca.gob.mx\/index.php?rest_route=\/wp\/v2\/media\/49743"}],"wp:attachment":[{"href":"https:\/\/cuernavaca.gob.mx\/index.php?rest_route=%2Fwp%2Fv2%2Fmedia&parent=49742"}],"wp:term":[{"taxonomy":"category","embeddable":true,"href":"https:\/\/cuernavaca.gob.mx\/index.php?rest_route=%2Fwp%2Fv2%2Fcategories&post=49742"},{"taxonomy":"post_tag","embeddable":true,"href":"https:\/\/cuernavaca.gob.mx\/index.php?rest_route=%2Fwp%2Fv2%2Ftags&post=49742"}],"curies":[{"name":"wp","href":"https:\/\/api.w.org\/{rel}","templated":true}]}}