{"id":49745,"date":"2025-04-24T11:53:33","date_gmt":"2025-04-24T17:53:33","guid":{"rendered":"https:\/\/cuernavaca.gob.mx\/?p=49745"},"modified":"2025-04-24T11:53:33","modified_gmt":"2025-04-24T17:53:33","slug":"b195-25-04-25-cuernavaca-continua-consolidandose-como-un-polo-atractivo-para-la-inversion","status":"publish","type":"post","link":"https:\/\/cuernavaca.gob.mx\/?p=49745","title":{"rendered":"B195 25\/04\/25 CUERNAVACA CONTIN\u00daA CONSOLID\u00c1NDOSE COMO UN POLO ATRACTIVO PARA LA INVERSI\u00d3N"},"content":{"rendered":"<p><strong>\u2022 El alcalde Jos\u00e9 Luis Uri\u00f3stegui Salgado celebr\u00f3 la apertura de una nueva sucursal de la panader\u00eda La Esperanza, destacando su contribuci\u00f3n a la generaci\u00f3n de empleos<\/strong><\/p>\n<p>El presidente municipal de Cuernavaca, Jos\u00e9 Luis Uri\u00f3stegui Salgado, encabez\u00f3 este jueves la inauguraci\u00f3n de la tercera sucursal de la panader\u00eda La Esperanza en la capital morelense, ubicada en el poblado de Chipitl\u00e1n. La apertura de esta nueva unidad reafirma la confianza del sector empresarial en esta ciudad como un destino estrat\u00e9gico para el crecimiento y la expansi\u00f3n de negocios.<\/p>\n<p>Durante el evento, el alcalde celebr\u00f3 la consolidaci\u00f3n de esta tercera sede como un claro reflejo del dinamismo econ\u00f3mico que vive actualmente la ciudad de Cuernavaca. &#8220;Agradecemos que empresas de esta calidad y trascendencia nacional inviertan en una ciudad que est\u00e1 renaciendo y que busca propiciar condiciones de seguridad e innovaci\u00f3n tecnol\u00f3gica, para que ustedes tengan la certeza de que su inversi\u00f3n dar\u00e1 resultados dentro del tiempo programado\u201d, expres\u00f3.<\/p>\n<p>La nueva sucursal de Grupo Esperanza representa una fuente significativa de empleos directos e indirectos, al tiempo que impulsa el comercio local y fortalece la econom\u00eda de Cuernavaca. Esta apertura es muestra del compromiso de la administraci\u00f3n municipal por generar condiciones \u00f3ptimas para la llegada de inversiones, promoviendo un desarrollo econ\u00f3mico sustentable.<\/p>\n<p>Al acto inaugural asistieron tambi\u00e9n el secretario de Desarrollo Urbano y Obras P\u00fablicas, Demetrio Chavira de la Torre; as\u00ed como representantes del Grupo Esperanza, entre ellos, Agust\u00edn Bocanegra, supervisor regional del \u00e1rea de Operaciones; Eugenio Figueroa, supervisor del \u00e1rea de Operaci\u00f3n; y Giza Hern\u00e1ndez, apoderada legal, quienes a su vez, reconocieron las facilidades brindadas por el Ayuntamiento de Cuernavaca para la instalaci\u00f3n de esta nueva filial, que se suma a las 139 que el grupo tiene a nivel nacional.<\/p>\n\n\t\t<style type=\"text\/css\">\n\t\t\t#gallery-1 {\n\t\t\t\tmargin: auto;\n\t\t\t}\n\t\t\t#gallery-1 .gallery-item {\n\t\t\t\tfloat: left;\n\t\t\t\tmargin-top: 10px;\n\t\t\t\ttext-align: center;\n\t\t\t\twidth: 33%;\n\t\t\t}\n\t\t\t#gallery-1 img {\n\t\t\t\tborder: 2px solid #cfcfcf;\n\t\t\t}\n\t\t\t#gallery-1 .gallery-caption {\n\t\t\t\tmargin-left: 0;\n\t\t\t}\n\t\t\t\/* see gallery_shortcode() in wp-includes\/media.php *\/\n\t\t<\/style>\n\t\t<div id='gallery-1' class='gallery galleryid-49745 gallery-columns-3 gallery-size-thumbnail'><dl class='gallery-item'>\n\t\t\t<dt class='gallery-icon landscape'>\n\t\t\t\t<a href='https:\/\/cuernavaca.gob.mx\/?attachment_id=49746'><img width=\"150\" height=\"150\" src=\"https:\/\/cuernavaca.gob.mx\/wp-content\/uploads\/2025\/04\/CUERNAVACA-CONTINU\u0301A-CONSOLIDA\u0301NDOSE-COMO-UN-POLO-ATRACTIVO-PARA-LA-INVERSIO\u0301N-1-150x150.jpg\" class=\"attachment-thumbnail size-thumbnail\" alt=\"\" loading=\"lazy\" \/><\/a>\n\t\t\t<\/dt><\/dl><dl class='gallery-item'>\n\t\t\t<dt class='gallery-icon landscape'>\n\t\t\t\t<a href='https:\/\/cuernavaca.gob.mx\/?attachment_id=49747'><img width=\"150\" height=\"150\" src=\"https:\/\/cuernavaca.gob.mx\/wp-content\/uploads\/2025\/04\/CUERNAVACA-CONTINU\u0301A-CONSOLIDA\u0301NDOSE-COMO-UN-POLO-ATRACTIVO-PARA-LA-INVERSIO\u0301N-2-150x150.jpg\" class=\"attachment-thumbnail size-thumbnail\" alt=\"\" loading=\"lazy\" \/><\/a>\n\t\t\t<\/dt><\/dl><dl class='gallery-item'>\n\t\t\t<dt class='gallery-icon landscape'>\n\t\t\t\t<a href='https:\/\/cuernavaca.gob.mx\/?attachment_id=49748'><img width=\"150\" height=\"150\" src=\"https:\/\/cuernavaca.gob.mx\/wp-content\/uploads\/2025\/04\/CUERNAVACA-CONTINU\u0301A-CONSOLIDA\u0301NDOSE-COMO-UN-POLO-ATRACTIVO-PARA-LA-INVERSIO\u0301N-3-150x150.jpg\" class=\"attachment-thumbnail size-thumbnail\" alt=\"\" loading=\"lazy\" \/><\/a>\n\t\t\t<\/dt><\/dl><br style=\"clear: both\" \/><dl class='gallery-item'>\n\t\t\t<dt class='gallery-icon landscape'>\n\t\t\t\t<a href='https:\/\/cuernavaca.gob.mx\/?attachment_id=49749'><img width=\"150\" height=\"150\" src=\"https:\/\/cuernavaca.gob.mx\/wp-content\/uploads\/2025\/04\/CUERNAVACA-CONTINU\u0301A-CONSOLIDA\u0301NDOSE-COMO-UN-POLO-ATRACTIVO-PARA-LA-INVERSIO\u0301N-4-150x150.jpg\" class=\"attachment-thumbnail size-thumbnail\" alt=\"\" loading=\"lazy\" \/><\/a>\n\t\t\t<\/dt><\/dl><dl class='gallery-item'>\n\t\t\t<dt class='gallery-icon landscape'>\n\t\t\t\t<a href='https:\/\/cuernavaca.gob.mx\/?attachment_id=49750'><img width=\"150\" height=\"150\" src=\"https:\/\/cuernavaca.gob.mx\/wp-content\/uploads\/2025\/04\/CUERNAVACA-CONTINU\u0301A-CONSOLIDA\u0301NDOSE-COMO-UN-POLO-ATRACTIVO-PARA-LA-INVERSIO\u0301N-5-150x150.jpg\" class=\"attachment-thumbnail size-thumbnail\" alt=\"\" loading=\"lazy\" \/><\/a>\n\t\t\t<\/dt><\/dl><dl class='gallery-item'>\n\t\t\t<dt class='gallery-icon landscape'>\n\t\t\t\t<a href='https:\/\/cuernavaca.gob.mx\/?attachment_id=49751'><img width=\"150\" height=\"150\" src=\"https:\/\/cuernavaca.gob.mx\/wp-content\/uploads\/2025\/04\/CUERNAVACA-CONTINU\u0301A-CONSOLIDA\u0301NDOSE-COMO-UN-POLO-ATRACTIVO-PARA-LA-INVERSIO\u0301N-6-150x150.jpg\" class=\"attachment-thumbnail size-thumbnail\" alt=\"\" loading=\"lazy\" \/><\/a>\n\t\t\t<\/dt><\/dl><br style=\"clear: both\" \/><dl class='gallery-item'>\n\t\t\t<dt class='gallery-icon landscape'>\n\t\t\t\t<a href='https:\/\/cuernavaca.gob.mx\/?attachment_id=49752'><img width=\"150\" height=\"150\" src=\"https:\/\/cuernavaca.gob.mx\/wp-content\/uploads\/2025\/04\/CUERNAVACA-CONTINU\u0301A-CONSOLIDA\u0301NDOSE-COMO-UN-POLO-ATRACTIVO-PARA-LA-INVERSIO\u0301N-7-150x150.jpg\" class=\"attachment-thumbnail size-thumbnail\" alt=\"\" loading=\"lazy\" \/><\/a>\n\t\t\t<\/dt><\/dl><dl class='gallery-item'>\n\t\t\t<dt class='gallery-icon landscape'>\n\t\t\t\t<a href='https:\/\/cuernavaca.gob.mx\/?attachment_id=49753'><img width=\"150\" height=\"150\" src=\"https:\/\/cuernavaca.gob.mx\/wp-content\/uploads\/2025\/04\/CUERNAVACA-CONTINU\u0301A-CONSOLIDA\u0301NDOSE-COMO-UN-POLO-ATRACTIVO-PARA-LA-INVERSIO\u0301N-8-150x150.jpg\" class=\"attachment-thumbnail size-thumbnail\" alt=\"\" loading=\"lazy\" \/><\/a>\n\t\t\t<\/dt><\/dl><dl class='gallery-item'>\n\t\t\t<dt class='gallery-icon landscape'>\n\t\t\t\t<a href='https:\/\/cuernavaca.gob.mx\/?attachment_id=49754'><img width=\"150\" height=\"150\" src=\"https:\/\/cuernavaca.gob.mx\/wp-content\/uploads\/2025\/04\/CUERNAVACA-CONTINU\u0301A-CONSOLIDA\u0301NDOSE-COMO-UN-POLO-ATRACTIVO-PARA-LA-INVERSIO\u0301N-9-150x150.jpg\" class=\"attachment-thumbnail size-thumbnail\" alt=\"\" loading=\"lazy\" \/><\/a>\n\t\t\t<\/dt><\/dl><br style=\"clear: both\" \/>\n\t\t<\/div>\n\n","protected":false},"excerpt":{"rendered":"<p>\u2022 El alcalde Jos\u00e9 Luis Uri\u00f3stegui Salgado celebr\u00f3 la apertura de una nueva sucursal de la panader\u00eda La Esperanza, destacando su contribuci\u00f3n a la generaci\u00f3n de empleos El presidente municipal de Cuernavaca, Jos\u00e9 Luis Uri\u00f3stegui Salgado, encabez\u00f3 este jueves la inauguraci\u00f3n de la tercera sucursal de la panader\u00eda La Esperanza en la capital morelense, ubicada [&hellip;]<\/p>\n","protected":false},"author":1,"featured_media":49747,"comment_status":"closed","ping_status":"open","sticky":false,"template":"","format":"standard","meta":[],"categories":[2294],"tags":[916,121,836,375,330,2347,120,206,127],"aioseo_notices":[],"_links":{"self":[{"href":"https:\/\/cuernavaca.gob.mx\/index.php?rest_route=\/wp\/v2\/posts\/49745"}],"collection":[{"href":"https:\/\/cuernavaca.gob.mx\/index.php?rest_route=\/wp\/v2\/posts"}],"about":[{"href":"https:\/\/cuernavaca.gob.mx\/index.php?rest_route=\/wp\/v2\/types\/post"}],"author":[{"embeddable":true,"href":"https:\/\/cuernavaca.gob.mx\/index.php?rest_route=\/wp\/v2\/users\/1"}],"replies":[{"embeddable":true,"href":"https:\/\/cuernavaca.gob.mx\/index.php?rest_route=%2Fwp%2Fv2%2Fcomments&post=49745"}],"version-history":[{"count":1,"href":"https:\/\/cuernavaca.gob.mx\/index.php?rest_route=\/wp\/v2\/posts\/49745\/revisions"}],"predecessor-version":[{"id":49755,"href":"https:\/\/cuernavaca.gob.mx\/index.php?rest_route=\/wp\/v2\/posts\/49745\/revisions\/49755"}],"wp:featuredmedia":[{"embeddable":true,"href":"https:\/\/cuernavaca.gob.mx\/index.php?rest_route=\/wp\/v2\/media\/49747"}],"wp:attachment":[{"href":"https:\/\/cuernavaca.gob.mx\/index.php?rest_route=%2Fwp%2Fv2%2Fmedia&parent=49745"}],"wp:term":[{"taxonomy":"category","embeddable":true,"href":"https:\/\/cuernavaca.gob.mx\/index.php?rest_route=%2Fwp%2Fv2%2Fcategories&post=49745"},{"taxonomy":"post_tag","embeddable":true,"href":"https:\/\/cuernavaca.gob.mx\/index.php?rest_route=%2Fwp%2Fv2%2Ftags&post=49745"}],"curies":[{"name":"wp","href":"https:\/\/api.w.org\/{rel}","templated":true}]}}