{"id":49768,"date":"2025-04-25T09:00:01","date_gmt":"2025-04-25T15:00:01","guid":{"rendered":"https:\/\/cuernavaca.gob.mx\/?p=49768"},"modified":"2025-04-25T14:50:03","modified_gmt":"2025-04-25T20:50:03","slug":"b197-25-04-25-cabildo-de-cuernavaca-analiza-el-plan-municipal-de-desarrollo-2025-2027","status":"publish","type":"post","link":"https:\/\/cuernavaca.gob.mx\/?p=49768","title":{"rendered":"B197 25\/04\/25  CABILDO DE CUERNAVACA ANALIZA EL PLAN MUNICIPAL DE DESARROLLO 2025\u20132027"},"content":{"rendered":"<p><strong>* El documento da continuidad a pol\u00edticas exitosas durante la primera administraci\u00f3n de Jos\u00e9 Luis Uri\u00f3stegui y atiende propuestas ciudadanas recogidas en los Foros de Consulta<\/strong><\/p>\n<p>El Ayuntamiento de Cuernavaca, encabezado por el presidente municipal Jos\u00e9 Luis Uri\u00f3stegui Salgado, ha concluido la elaboraci\u00f3n del Plan Municipal de Desarrollo 2025\u2013 2027, un instrumento estrat\u00e9gico construido con la participaci\u00f3n activa de la ciudadan\u00eda y alineado con los objetivos de la Agenda 2030 de la ONU. Este plan busca posicionar a la capital morelense como un referente de bienestar, seguridad, sostenibilidad y gobernanza eficaz.<\/p>\n<p>Este proyecto es resultado de un proceso participativo ejemplar que incluy\u00f3 13 foros de consulta ciudadana, realizados entre febrero y abril de 2025, de los cuales siete fueron foros tem\u00e1ticos, cinco regionales y uno especial de car\u00e1cter acad\u00e9mico- estudiantil en la Universidad Aut\u00f3noma del Estado de Morelos (UAEM).<\/p>\n<p>Durante estos encuentros, 494 personas registradas generaron 480 propuestas espec\u00edficas, adem\u00e1s de 20 propuestas firmadas por grupos de participantes. Tambi\u00e9n se cont\u00f3 con la participaci\u00f3n activa de personas que, sin generar propuestas formales, enriquecieron los debates.<\/p>\n<p>En la presentaci\u00f3n del Plan, durante la reciente sesi\u00f3n ordinaria de Cabildo, Marco Olvera Benedicto, director general del Instituto Municipal de Planeaci\u00f3n (IMPLAN), subray\u00f3 que, al tratarse de una administraci\u00f3n en continuidad, se retomaron los avances del Plan Municipal 2022\u2013 2024.<\/p>\n<p>Los cinco ejes rectores de ese periodo se actualizaron y ampliaron a seis grandes ejes para el periodo 2025\u20132027: Cuernavaca Segura, Cuernavaca Sustentable, Cuernavaca Solidario e Incluyente, Cuernavaca Productiva y Atractiva, Cuernavaca con Desarrollo Urbano y Movilidad Adecuada, as\u00ed como Gobierno Eficaz y Eficiente.<\/p>\n<p>A estos se suman cinco ejes transversales que guiar\u00e1n las pol\u00edticas p\u00fablicas de todas las dependencias municipales, como son Cultura de la Legalidad; Igualdad y Perspectiva de G\u00e9nero; Participaci\u00f3n Ciudadana; Familiarmente Sostenible, y Gobernanza Digital. Cada eje contempla objetivos, estrategias e indicadores espec\u00edficos que permitir\u00e1n medir su avance y efectividad durante el trienio.<\/p>\n<p>El alcalde Jos\u00e9 Luis Uri\u00f3stegui Salgado reconoci\u00f3 el trabajo t\u00e9cnico y participativo detr\u00e1s del documento, destacando que el Plan no s\u00f3lo responde a las necesidades inmediatas de la poblaci\u00f3n, sino tambi\u00e9n a desaf\u00edos de largo plazo, como el cumplimiento de los Objetivos de Desarrollo Sostenible 2030 que, si bien ya est\u00e1n avanzados, deben proyectarse a 15 \u00f3 20 a\u00f1os para consolidar un desarrollo sostenible e incluyente.<\/p>\n<p>Finalmente, se inform\u00f3 que el Plan Municipal de Desarrollo 2025\u2013 2027, ser\u00e1 sometido pr\u00f3ximamente a votaci\u00f3n del Cabildo. En caso de ser aprobado, se turnar\u00e1 al Congreso del Estado de Morelos para su validaci\u00f3n, conforme a la Ley Estatal de Planeaci\u00f3n.<\/p>\n\n\t\t<style type=\"text\/css\">\n\t\t\t#gallery-1 {\n\t\t\t\tmargin: auto;\n\t\t\t}\n\t\t\t#gallery-1 .gallery-item {\n\t\t\t\tfloat: left;\n\t\t\t\tmargin-top: 10px;\n\t\t\t\ttext-align: center;\n\t\t\t\twidth: 33%;\n\t\t\t}\n\t\t\t#gallery-1 img {\n\t\t\t\tborder: 2px solid #cfcfcf;\n\t\t\t}\n\t\t\t#gallery-1 .gallery-caption {\n\t\t\t\tmargin-left: 0;\n\t\t\t}\n\t\t\t\/* see gallery_shortcode() in wp-includes\/media.php *\/\n\t\t<\/style>\n\t\t<div id='gallery-1' class='gallery galleryid-49768 gallery-columns-3 gallery-size-thumbnail'><dl class='gallery-item'>\n\t\t\t<dt class='gallery-icon landscape'>\n\t\t\t\t<a href='https:\/\/cuernavaca.gob.mx\/?attachment_id=49769'><img width=\"150\" height=\"150\" src=\"https:\/\/cuernavaca.gob.mx\/wp-content\/uploads\/2025\/04\/CABILDO-DE-CUERNAVACA-ANALIZA-EL-PLAN-MUNICIPAL-DE-DESARROLLO-1-150x150.jpg\" class=\"attachment-thumbnail size-thumbnail\" alt=\"\" loading=\"lazy\" \/><\/a>\n\t\t\t<\/dt><\/dl><dl class='gallery-item'>\n\t\t\t<dt class='gallery-icon landscape'>\n\t\t\t\t<a href='https:\/\/cuernavaca.gob.mx\/?attachment_id=49770'><img width=\"150\" height=\"150\" src=\"https:\/\/cuernavaca.gob.mx\/wp-content\/uploads\/2025\/04\/CABILDO-DE-CUERNAVACA-ANALIZA-EL-PLAN-MUNICIPAL-DE-DESARROLLO-2-150x150.jpg\" class=\"attachment-thumbnail size-thumbnail\" alt=\"\" loading=\"lazy\" \/><\/a>\n\t\t\t<\/dt><\/dl>\n\t\t\t<br style='clear: both' \/>\n\t\t<\/div>\n\n","protected":false},"excerpt":{"rendered":"<p>* El documento da continuidad a pol\u00edticas exitosas durante la primera administraci\u00f3n de Jos\u00e9 Luis Uri\u00f3stegui y atiende propuestas ciudadanas recogidas en los Foros de Consulta El Ayuntamiento de Cuernavaca, encabezado por el presidente municipal Jos\u00e9 Luis Uri\u00f3stegui Salgado, ha concluido la elaboraci\u00f3n del Plan Municipal de Desarrollo 2025\u2013 2027, un instrumento estrat\u00e9gico construido con [&hellip;]<\/p>\n","protected":false},"author":1,"featured_media":49770,"comment_status":"closed","ping_status":"open","sticky":false,"template":"","format":"standard","meta":[],"categories":[3047],"tags":[121,120,2213,206,2243,2801,4082,372],"aioseo_notices":[],"_links":{"self":[{"href":"https:\/\/cuernavaca.gob.mx\/index.php?rest_route=\/wp\/v2\/posts\/49768"}],"collection":[{"href":"https:\/\/cuernavaca.gob.mx\/index.php?rest_route=\/wp\/v2\/posts"}],"about":[{"href":"https:\/\/cuernavaca.gob.mx\/index.php?rest_route=\/wp\/v2\/types\/post"}],"author":[{"embeddable":true,"href":"https:\/\/cuernavaca.gob.mx\/index.php?rest_route=\/wp\/v2\/users\/1"}],"replies":[{"embeddable":true,"href":"https:\/\/cuernavaca.gob.mx\/index.php?rest_route=%2Fwp%2Fv2%2Fcomments&post=49768"}],"version-history":[{"count":1,"href":"https:\/\/cuernavaca.gob.mx\/index.php?rest_route=\/wp\/v2\/posts\/49768\/revisions"}],"predecessor-version":[{"id":49771,"href":"https:\/\/cuernavaca.gob.mx\/index.php?rest_route=\/wp\/v2\/posts\/49768\/revisions\/49771"}],"wp:featuredmedia":[{"embeddable":true,"href":"https:\/\/cuernavaca.gob.mx\/index.php?rest_route=\/wp\/v2\/media\/49770"}],"wp:attachment":[{"href":"https:\/\/cuernavaca.gob.mx\/index.php?rest_route=%2Fwp%2Fv2%2Fmedia&parent=49768"}],"wp:term":[{"taxonomy":"category","embeddable":true,"href":"https:\/\/cuernavaca.gob.mx\/index.php?rest_route=%2Fwp%2Fv2%2Fcategories&post=49768"},{"taxonomy":"post_tag","embeddable":true,"href":"https:\/\/cuernavaca.gob.mx\/index.php?rest_route=%2Fwp%2Fv2%2Ftags&post=49768"}],"curies":[{"name":"wp","href":"https:\/\/api.w.org\/{rel}","templated":true}]}}