{"id":49772,"date":"2025-04-25T15:00:27","date_gmt":"2025-04-25T21:00:27","guid":{"rendered":"https:\/\/cuernavaca.gob.mx\/?p=49772"},"modified":"2025-04-25T15:53:33","modified_gmt":"2025-04-25T21:53:33","slug":"b198-25-04-25-se-fortalece-la-participacion-ciudadana-en-cuernavaca-con-exitosa-cuarta-sesion-de-cabildo-abierto","status":"publish","type":"post","link":"https:\/\/cuernavaca.gob.mx\/?p=49772","title":{"rendered":"B198 25\/04\/25 SE FORTALECE LA PARTICIPACI\u00d3N CIUDADANA EN CUERNAVACA CON EXITOSA CUARTA SESI\u00d3N DE CABILDO ABIERTO"},"content":{"rendered":"<p><strong>\u2022 Como cada \u00faltimo viernes del mes, el Ayuntamiento de Cuernavaca reafirma su compromiso con la participaci\u00f3n ciudadana, atendiendo de manera directa las necesidades de la poblaci\u00f3n<\/strong><\/p>\n<p>En un ejercicio m\u00e1s de apertura, transparencia y cercan\u00eda con la ciudadan\u00eda, el Ayuntamiento de Cuernavaca realiz\u00f3 con \u00e9xito la cuarta sesi\u00f3n de Cabildo Abierto en la colonia Nueva Santa Mar\u00eda, encabezada por el presidente municipal Jos\u00e9 Luis Uri\u00f3stegui Salgado, acompa\u00f1ado por la s\u00edndica, regidoras, y regidores e integrantes del Gabinete Municipal.<\/p>\n<p>Durante esta sesi\u00f3n, vecinas y vecinos de distintas colonias, entre ellas Lagunilla, Lomas de Ahuatl\u00e1n, El Vergel, Lomas de Ahuatepec, Para\u00edso de las Flores, Vicente Guerrero, Bosques de la Florida, Fraccionamiento Analco, Lomas Tzompantle, Los Amates, M\u00e1rtires del R\u00edo Blanco, expusieron directamente sus necesidades en temas prioritarios como obra p\u00fablica, servicios municipales, drenaje, agua potable y mantenimiento de espacios comunitarios.<\/p>\n<p>Todas las intervenciones fueron escuchadas con respeto y responsabilidad. De manera puntual, las y los integrantes del Gabinete Municipal asumieron compromisos espec\u00edficos, dando seguimiento inmediato a las solicitudes ciudadanas que se enmarcan dentro de sus atribuciones. Adem\u00e1s, se destac\u00f3 la gratitud de las y los vecinos por la atenci\u00f3n recibida, lo que refleja la efectividad de este modelo de participaci\u00f3n ciudadana.<\/p>\n<p>Los Cabildos Abiertos en Cuernavaca se han consolidado como una de las pol\u00edticas p\u00fablicas m\u00e1s representativas de la administraci\u00f3n encabezada por el alcalde Jos\u00e9 Luis Uri\u00f3stegui, implementada desde su primer periodo de gobierno en cumplimiento con la Ley de Participaci\u00f3n Ciudadana del Estado de Morelos. Este mecanismo ha permitido construir una nueva cultura de gobernanza donde las y los cuernavaquenses son protagonistas activos en la toma de decisiones y la priorizaci\u00f3n de pol\u00edticas p\u00fablicas.<\/p>\n<p>Cabe mencionar que la sesi\u00f3n cont\u00f3 tambi\u00e9n con la presencia de delegadas, delegados y ayudantes municipales, fortaleciendo la coordinaci\u00f3n entre autoridades auxiliares y el Gobierno Municipal, y dando continuidad al trabajo conjunto por el desarrollo integral de la ciudad.<\/p>\n\n\t\t<style type=\"text\/css\">\n\t\t\t#gallery-1 {\n\t\t\t\tmargin: auto;\n\t\t\t}\n\t\t\t#gallery-1 .gallery-item {\n\t\t\t\tfloat: left;\n\t\t\t\tmargin-top: 10px;\n\t\t\t\ttext-align: center;\n\t\t\t\twidth: 33%;\n\t\t\t}\n\t\t\t#gallery-1 img {\n\t\t\t\tborder: 2px solid #cfcfcf;\n\t\t\t}\n\t\t\t#gallery-1 .gallery-caption {\n\t\t\t\tmargin-left: 0;\n\t\t\t}\n\t\t\t\/* see gallery_shortcode() in wp-includes\/media.php *\/\n\t\t<\/style>\n\t\t<div id='gallery-1' class='gallery galleryid-49772 gallery-columns-3 gallery-size-thumbnail'><dl class='gallery-item'>\n\t\t\t<dt class='gallery-icon landscape'>\n\t\t\t\t<a href='https:\/\/cuernavaca.gob.mx\/?attachment_id=49773'><img width=\"150\" height=\"150\" src=\"https:\/\/cuernavaca.gob.mx\/wp-content\/uploads\/2025\/04\/SE-FORTALECE-LA-PARTICIPACIO\u0301N-CIUDADANA-EN-CUERNAVACA-CON-EXITOSA-CUARTA-SESIO\u0301N-DE-CABILDO-ABIERTO-1-150x150.jpg\" class=\"attachment-thumbnail size-thumbnail\" alt=\"\" loading=\"lazy\" \/><\/a>\n\t\t\t<\/dt><\/dl><dl class='gallery-item'>\n\t\t\t<dt class='gallery-icon landscape'>\n\t\t\t\t<a href='https:\/\/cuernavaca.gob.mx\/?attachment_id=49774'><img width=\"150\" height=\"150\" src=\"https:\/\/cuernavaca.gob.mx\/wp-content\/uploads\/2025\/04\/SE-FORTALECE-LA-PARTICIPACIO\u0301N-CIUDADANA-EN-CUERNAVACA-CON-EXITOSA-CUARTA-SESIO\u0301N-DE-CABILDO-ABIERTO-2-150x150.jpg\" class=\"attachment-thumbnail size-thumbnail\" alt=\"\" loading=\"lazy\" \/><\/a>\n\t\t\t<\/dt><\/dl><dl class='gallery-item'>\n\t\t\t<dt class='gallery-icon landscape'>\n\t\t\t\t<a href='https:\/\/cuernavaca.gob.mx\/?attachment_id=49775'><img width=\"150\" height=\"150\" src=\"https:\/\/cuernavaca.gob.mx\/wp-content\/uploads\/2025\/04\/SE-FORTALECE-LA-PARTICIPACIO\u0301N-CIUDADANA-EN-CUERNAVACA-CON-EXITOSA-CUARTA-SESIO\u0301N-DE-CABILDO-ABIERTO-3-150x150.jpg\" class=\"attachment-thumbnail size-thumbnail\" alt=\"\" loading=\"lazy\" \/><\/a>\n\t\t\t<\/dt><\/dl><br style=\"clear: both\" \/><dl class='gallery-item'>\n\t\t\t<dt class='gallery-icon landscape'>\n\t\t\t\t<a href='https:\/\/cuernavaca.gob.mx\/?attachment_id=49776'><img width=\"150\" height=\"150\" src=\"https:\/\/cuernavaca.gob.mx\/wp-content\/uploads\/2025\/04\/SE-FORTALECE-LA-PARTICIPACIO\u0301N-CIUDADANA-EN-CUERNAVACA-CON-EXITOSA-CUARTA-SESIO\u0301N-DE-CABILDO-ABIERTO-4-150x150.jpg\" class=\"attachment-thumbnail size-thumbnail\" alt=\"\" loading=\"lazy\" \/><\/a>\n\t\t\t<\/dt><\/dl><dl class='gallery-item'>\n\t\t\t<dt class='gallery-icon landscape'>\n\t\t\t\t<a href='https:\/\/cuernavaca.gob.mx\/?attachment_id=49777'><img width=\"150\" height=\"150\" src=\"https:\/\/cuernavaca.gob.mx\/wp-content\/uploads\/2025\/04\/SE-FORTALECE-LA-PARTICIPACIO\u0301N-CIUDADANA-EN-CUERNAVACA-CON-EXITOSA-CUARTA-SESIO\u0301N-DE-CABILDO-ABIERTO-5-150x150.jpg\" class=\"attachment-thumbnail size-thumbnail\" alt=\"\" loading=\"lazy\" \/><\/a>\n\t\t\t<\/dt><\/dl><dl class='gallery-item'>\n\t\t\t<dt class='gallery-icon landscape'>\n\t\t\t\t<a href='https:\/\/cuernavaca.gob.mx\/?attachment_id=49778'><img width=\"150\" height=\"150\" src=\"https:\/\/cuernavaca.gob.mx\/wp-content\/uploads\/2025\/04\/SE-FORTALECE-LA-PARTICIPACIO\u0301N-CIUDADANA-EN-CUERNAVACA-CON-EXITOSA-CUARTA-SESIO\u0301N-DE-CABILDO-ABIERTO-6-150x150.jpg\" class=\"attachment-thumbnail size-thumbnail\" alt=\"\" loading=\"lazy\" \/><\/a>\n\t\t\t<\/dt><\/dl><br style=\"clear: both\" \/><dl class='gallery-item'>\n\t\t\t<dt class='gallery-icon landscape'>\n\t\t\t\t<a href='https:\/\/cuernavaca.gob.mx\/?attachment_id=49779'><img width=\"150\" height=\"150\" src=\"https:\/\/cuernavaca.gob.mx\/wp-content\/uploads\/2025\/04\/SE-FORTALECE-LA-PARTICIPACIO\u0301N-CIUDADANA-EN-CUERNAVACA-CON-EXITOSA-CUARTA-SESIO\u0301N-DE-CABILDO-ABIERTO-7-150x150.jpg\" class=\"attachment-thumbnail size-thumbnail\" alt=\"\" loading=\"lazy\" \/><\/a>\n\t\t\t<\/dt><\/dl><dl class='gallery-item'>\n\t\t\t<dt class='gallery-icon landscape'>\n\t\t\t\t<a href='https:\/\/cuernavaca.gob.mx\/?attachment_id=49780'><img width=\"150\" height=\"150\" src=\"https:\/\/cuernavaca.gob.mx\/wp-content\/uploads\/2025\/04\/SE-FORTALECE-LA-PARTICIPACIO\u0301N-CIUDADANA-EN-CUERNAVACA-CON-EXITOSA-CUARTA-SESIO\u0301N-DE-CABILDO-ABIERTO-8-150x150.jpg\" class=\"attachment-thumbnail size-thumbnail\" alt=\"\" loading=\"lazy\" \/><\/a>\n\t\t\t<\/dt><\/dl>\n\t\t\t<br style='clear: both' \/>\n\t\t<\/div>\n\n<p>&nbsp;<\/p>\n","protected":false},"excerpt":{"rendered":"<p>\u2022 Como cada \u00faltimo viernes del mes, el Ayuntamiento de Cuernavaca reafirma su compromiso con la participaci\u00f3n ciudadana, atendiendo de manera directa las necesidades de la poblaci\u00f3n En un ejercicio m\u00e1s de apertura, transparencia y cercan\u00eda con la ciudadan\u00eda, el Ayuntamiento de Cuernavaca realiz\u00f3 con \u00e9xito la cuarta sesi\u00f3n de Cabildo Abierto en la colonia [&hellip;]<\/p>\n","protected":false},"author":1,"featured_media":49780,"comment_status":"closed","ping_status":"open","sticky":false,"template":"","format":"standard","meta":[],"categories":[3047],"tags":[158,875,121,120,206,1098,127],"aioseo_notices":[],"_links":{"self":[{"href":"https:\/\/cuernavaca.gob.mx\/index.php?rest_route=\/wp\/v2\/posts\/49772"}],"collection":[{"href":"https:\/\/cuernavaca.gob.mx\/index.php?rest_route=\/wp\/v2\/posts"}],"about":[{"href":"https:\/\/cuernavaca.gob.mx\/index.php?rest_route=\/wp\/v2\/types\/post"}],"author":[{"embeddable":true,"href":"https:\/\/cuernavaca.gob.mx\/index.php?rest_route=\/wp\/v2\/users\/1"}],"replies":[{"embeddable":true,"href":"https:\/\/cuernavaca.gob.mx\/index.php?rest_route=%2Fwp%2Fv2%2Fcomments&post=49772"}],"version-history":[{"count":1,"href":"https:\/\/cuernavaca.gob.mx\/index.php?rest_route=\/wp\/v2\/posts\/49772\/revisions"}],"predecessor-version":[{"id":49781,"href":"https:\/\/cuernavaca.gob.mx\/index.php?rest_route=\/wp\/v2\/posts\/49772\/revisions\/49781"}],"wp:featuredmedia":[{"embeddable":true,"href":"https:\/\/cuernavaca.gob.mx\/index.php?rest_route=\/wp\/v2\/media\/49780"}],"wp:attachment":[{"href":"https:\/\/cuernavaca.gob.mx\/index.php?rest_route=%2Fwp%2Fv2%2Fmedia&parent=49772"}],"wp:term":[{"taxonomy":"category","embeddable":true,"href":"https:\/\/cuernavaca.gob.mx\/index.php?rest_route=%2Fwp%2Fv2%2Fcategories&post=49772"},{"taxonomy":"post_tag","embeddable":true,"href":"https:\/\/cuernavaca.gob.mx\/index.php?rest_route=%2Fwp%2Fv2%2Ftags&post=49772"}],"curies":[{"name":"wp","href":"https:\/\/api.w.org\/{rel}","templated":true}]}}