{"id":49782,"date":"2025-04-25T16:35:48","date_gmt":"2025-04-25T22:35:48","guid":{"rendered":"https:\/\/cuernavaca.gob.mx\/?p=49782"},"modified":"2025-04-25T16:51:22","modified_gmt":"2025-04-25T22:51:22","slug":"b199-25-04-25-ayuntamiento-de-cuernavaca-premia-a-18-artesanos-por-su-excelencia-creatividad-y-vision-artistica","status":"publish","type":"post","link":"https:\/\/cuernavaca.gob.mx\/?p=49782","title":{"rendered":"B199 25\/04\/25 AYUNTAMIENTO DE CUERNAVACA PREMIA A 18 ARTESANOS POR SU EXCELENCIA, CREATIVIDAD Y VISI\u00d3N ART\u00cdSTICA"},"content":{"rendered":"<p><strong>\u2022 El Cuarto Concurso Municipal de Artesan\u00edas reuni\u00f3 72 piezas en seis categor\u00edas reafirmando el talento art\u00edstico<\/strong><\/p>\n<p>Por la calidad de sus obras, innovaci\u00f3n y proyecci\u00f3n de la visi\u00f3n art\u00edstica de creadores locales, fueron premiados 18 artesanos durante la ceremonia protocolaria de entrega de reconocimientos a los participantes del \u201cCuarto Concurso de Artesan\u00edas del Municipio de Cuernavaca 2025\u201d, llevada a cabo en el Museo de la Ciudad de Cuernavaca (Mucic).<\/p>\n<p>El concurso, organizado por el Ayuntamiento de Cuernavaca, a trav\u00e9s del Instituto de Cultura de la ciudad, distingui\u00f3 a los primeros tres lugares de cada una de las seis categor\u00edas del certamen, los cuales fueron en Alfarer\u00eda: Roberto Solorio Rom\u00e1n, con la pieza \u201cJarr\u00f3n axolotes\u201d; Michelle Valle D\u00e1vila, con \u201cPeque\u00f1os mundos\u201d, y No\u00e9 Landa Elizalde con \u201cL\u00f3bulo\u201d. En Cartoner\u00eda: Juliana Valle Romero, con \u201c\u00c1rbol de la vida\u201d; Carlos Gante Calder\u00f3n, con \u201cVendedor de carb\u00f3n\u201d, y Sof\u00eda Peralta Torres, con \u201cEl ropavejero\u201d.<\/p>\n<p>Por su parte, en Orfebrer\u00eda fueron premiados: Neptal\u00ed Garc\u00eda Fajardo, con \u201cCollar b\u00faho\u201d; Carmen Zacar\u00edas Vargas, con \u201cCollar tlachichiuhi\u201d, y Mariana Ceballos Ca\u00f1edo, con \u201cCriaturas elementales\u201d. En Cerer\u00eda: Juan Garc\u00eda Gonz\u00e1lez, con \u201cVela tallada grande morada\u201d y \u201cVela tallada chica morado naranja\u201d, y Jenny L\u00f3pez D\u00edaz, con \u201cCeras escamadas de flores bolita\u201d.<\/p>\n<p>Asimismo, en Lapidaria: Trinidad Zagal Silva, con \u201cPopochcomitl \u2013Sahumador-\u201c; Luis Zagal Guti\u00e9rrez, con \u201cTlapixqui \u2013El guardi\u00e1n-\u201c, e Irma Guti\u00e9rrez Reyes, con \u201cAmanecer\u201d. Finalmente, en Textiler\u00eda: M\u00f3nica Rosales Alarc\u00f3n, con \u201cXochiquetzal. Diosa del amor, la belleza y el arte\u201d; Mar\u00eda Alarc\u00f3n Nava, con \u201cDe la ofrenda para Sidronia\u201d, y Ximena P\u00e9rez Dorantes, con \u201cTonantzin\u201d.<\/p>\n<p>Los 18 ganadores del \u201cCuarto Concurso de Artesan\u00edas del Municipio de Cuernavaca 2025\u201d obtendr\u00e1n por parte del Ayuntamiento de Cuernavaca un est\u00edmulo econ\u00f3mico consistente en 10 mil pesos para los primeros lugares, siete mil para los segundos, y 3 mil 500 pesos para los terceros lugares, lo cual representa m\u00e1s de 120 mil pesos para reconocer la labor art\u00edstica y cultural de las y los artesanos de la ciudad.<\/p>\n<p>En representaci\u00f3n del Presidente Municipal, la secretaria de Desarrollo Humano y Participaci\u00f3n Social del Ayuntamiento, Sandra Adelina Pinz\u00f3n S\u00e1nchez, felicit\u00f3 a todos los participantes, y destac\u00f3 la destreza de cada uno para crear tan bellas obras que muestran la visi\u00f3n de las y los creadores de Cuernavaca. De igual forma, llam\u00f3 a todos los participantes como \u201cganadores\u201d, por el hecho de haber formado parte del \u201cCuarto concurso de artesan\u00eda\u201d de la ciudad, el cual cada a\u00f1o recibe m\u00e1s obras y de mayor calidad, hecho que demuestra el compromiso de los creadores locales con su arte y t\u00e9cnica.<\/p>\n<p>Cabe destacar que, esta primera edici\u00f3n de 2025 cont\u00f3 con la inscripci\u00f3n de 73 obras de 60 artesanos de Cuernavaca, hecho que destacaron los integrantes del pres\u00eddium: Juan Contreras de Oteyza, Cecile Camil Garza de Abe, Valent\u00edn L\u00f3pez Gonz\u00e1lez, Jorge C\u00e1zares Clement y Carmen Zacar\u00edas.<\/p>\n\n\t\t<style type=\"text\/css\">\n\t\t\t#gallery-1 {\n\t\t\t\tmargin: auto;\n\t\t\t}\n\t\t\t#gallery-1 .gallery-item {\n\t\t\t\tfloat: left;\n\t\t\t\tmargin-top: 10px;\n\t\t\t\ttext-align: center;\n\t\t\t\twidth: 33%;\n\t\t\t}\n\t\t\t#gallery-1 img {\n\t\t\t\tborder: 2px solid #cfcfcf;\n\t\t\t}\n\t\t\t#gallery-1 .gallery-caption {\n\t\t\t\tmargin-left: 0;\n\t\t\t}\n\t\t\t\/* see gallery_shortcode() in wp-includes\/media.php *\/\n\t\t<\/style>\n\t\t<div id='gallery-1' class='gallery galleryid-49782 gallery-columns-3 gallery-size-thumbnail'><dl class='gallery-item'>\n\t\t\t<dt class='gallery-icon landscape'>\n\t\t\t\t<a href='https:\/\/cuernavaca.gob.mx\/?attachment_id=49783'><img width=\"150\" height=\"150\" src=\"https:\/\/cuernavaca.gob.mx\/wp-content\/uploads\/2025\/04\/AYUNTAMIENTO-DE-CUERNAVACA-PREMIA-A-18-ARTESANOS-POR-SU-EXCELENCIA-CREATIVIDAD-Y-VISIO\u0301N-ARTI\u0301STICA-1-150x150.jpg\" class=\"attachment-thumbnail size-thumbnail\" alt=\"\" loading=\"lazy\" \/><\/a>\n\t\t\t<\/dt><\/dl><dl class='gallery-item'>\n\t\t\t<dt class='gallery-icon portrait'>\n\t\t\t\t<a href='https:\/\/cuernavaca.gob.mx\/?attachment_id=49784'><img width=\"150\" height=\"150\" src=\"https:\/\/cuernavaca.gob.mx\/wp-content\/uploads\/2025\/04\/AYUNTAMIENTO-DE-CUERNAVACA-PREMIA-A-18-ARTESANOS-POR-SU-EXCELENCIA-CREATIVIDAD-Y-VISIO\u0301N-ARTI\u0301STICA-2-150x150.jpg\" class=\"attachment-thumbnail size-thumbnail\" alt=\"\" loading=\"lazy\" \/><\/a>\n\t\t\t<\/dt><\/dl><dl class='gallery-item'>\n\t\t\t<dt class='gallery-icon portrait'>\n\t\t\t\t<a href='https:\/\/cuernavaca.gob.mx\/?attachment_id=49785'><img width=\"150\" height=\"150\" src=\"https:\/\/cuernavaca.gob.mx\/wp-content\/uploads\/2025\/04\/AYUNTAMIENTO-DE-CUERNAVACA-PREMIA-A-18-ARTESANOS-POR-SU-EXCELENCIA-CREATIVIDAD-Y-VISIO\u0301N-ARTI\u0301STICA-3-150x150.jpg\" class=\"attachment-thumbnail size-thumbnail\" alt=\"\" loading=\"lazy\" \/><\/a>\n\t\t\t<\/dt><\/dl><br style=\"clear: both\" \/><dl class='gallery-item'>\n\t\t\t<dt class='gallery-icon landscape'>\n\t\t\t\t<a href='https:\/\/cuernavaca.gob.mx\/?attachment_id=49786'><img width=\"150\" height=\"150\" src=\"https:\/\/cuernavaca.gob.mx\/wp-content\/uploads\/2025\/04\/AYUNTAMIENTO-DE-CUERNAVACA-PREMIA-A-18-ARTESANOS-POR-SU-EXCELENCIA-CREATIVIDAD-Y-VISIO\u0301N-ARTI\u0301STICA-4-150x150.jpg\" class=\"attachment-thumbnail size-thumbnail\" alt=\"\" loading=\"lazy\" \/><\/a>\n\t\t\t<\/dt><\/dl><dl class='gallery-item'>\n\t\t\t<dt class='gallery-icon landscape'>\n\t\t\t\t<a href='https:\/\/cuernavaca.gob.mx\/?attachment_id=49787'><img width=\"150\" height=\"150\" src=\"https:\/\/cuernavaca.gob.mx\/wp-content\/uploads\/2025\/04\/AYUNTAMIENTO-DE-CUERNAVACA-PREMIA-A-18-ARTESANOS-POR-SU-EXCELENCIA-CREATIVIDAD-Y-VISIO\u0301N-ARTI\u0301STICA-5-150x150.jpg\" class=\"attachment-thumbnail size-thumbnail\" alt=\"\" loading=\"lazy\" \/><\/a>\n\t\t\t<\/dt><\/dl><dl class='gallery-item'>\n\t\t\t<dt class='gallery-icon landscape'>\n\t\t\t\t<a href='https:\/\/cuernavaca.gob.mx\/?attachment_id=49788'><img width=\"150\" height=\"150\" src=\"https:\/\/cuernavaca.gob.mx\/wp-content\/uploads\/2025\/04\/AYUNTAMIENTO-DE-CUERNAVACA-PREMIA-A-18-ARTESANOS-POR-SU-EXCELENCIA-CREATIVIDAD-Y-VISIO\u0301N-ARTI\u0301STICA-6-150x150.jpg\" class=\"attachment-thumbnail size-thumbnail\" alt=\"\" loading=\"lazy\" \/><\/a>\n\t\t\t<\/dt><\/dl><br style=\"clear: both\" \/><dl class='gallery-item'>\n\t\t\t<dt class='gallery-icon landscape'>\n\t\t\t\t<a href='https:\/\/cuernavaca.gob.mx\/?attachment_id=49789'><img width=\"150\" height=\"150\" src=\"https:\/\/cuernavaca.gob.mx\/wp-content\/uploads\/2025\/04\/AYUNTAMIENTO-DE-CUERNAVACA-PREMIA-A-18-ARTESANOS-POR-SU-EXCELENCIA-CREATIVIDAD-Y-VISIO\u0301N-ARTI\u0301STICA-7-150x150.jpg\" class=\"attachment-thumbnail size-thumbnail\" alt=\"\" loading=\"lazy\" \/><\/a>\n\t\t\t<\/dt><\/dl><dl class='gallery-item'>\n\t\t\t<dt class='gallery-icon landscape'>\n\t\t\t\t<a href='https:\/\/cuernavaca.gob.mx\/?attachment_id=49790'><img width=\"150\" height=\"150\" src=\"https:\/\/cuernavaca.gob.mx\/wp-content\/uploads\/2025\/04\/AYUNTAMIENTO-DE-CUERNAVACA-PREMIA-A-18-ARTESANOS-POR-SU-EXCELENCIA-CREATIVIDAD-Y-VISIO\u0301N-ARTI\u0301STICA-8-150x150.png\" class=\"attachment-thumbnail size-thumbnail\" alt=\"\" loading=\"lazy\" \/><\/a>\n\t\t\t<\/dt><\/dl>\n\t\t\t<br style='clear: both' \/>\n\t\t<\/div>\n\n","protected":false},"excerpt":{"rendered":"<p>\u2022 El Cuarto Concurso Municipal de Artesan\u00edas reuni\u00f3 72 piezas en seis categor\u00edas reafirmando el talento art\u00edstico Por la calidad de sus obras, innovaci\u00f3n y proyecci\u00f3n de la visi\u00f3n art\u00edstica de creadores locales, fueron premiados 18 artesanos durante la ceremonia protocolaria de entrega de reconocimientos a los participantes del \u201cCuarto Concurso de Artesan\u00edas del Municipio [&hellip;]<\/p>\n","protected":false},"author":1,"featured_media":49789,"comment_status":"closed","ping_status":"open","sticky":false,"template":"","format":"standard","meta":[],"categories":[2292],"tags":[1300,3152,2502,121,190,120,206,2628,127],"aioseo_notices":[],"_links":{"self":[{"href":"https:\/\/cuernavaca.gob.mx\/index.php?rest_route=\/wp\/v2\/posts\/49782"}],"collection":[{"href":"https:\/\/cuernavaca.gob.mx\/index.php?rest_route=\/wp\/v2\/posts"}],"about":[{"href":"https:\/\/cuernavaca.gob.mx\/index.php?rest_route=\/wp\/v2\/types\/post"}],"author":[{"embeddable":true,"href":"https:\/\/cuernavaca.gob.mx\/index.php?rest_route=\/wp\/v2\/users\/1"}],"replies":[{"embeddable":true,"href":"https:\/\/cuernavaca.gob.mx\/index.php?rest_route=%2Fwp%2Fv2%2Fcomments&post=49782"}],"version-history":[{"count":1,"href":"https:\/\/cuernavaca.gob.mx\/index.php?rest_route=\/wp\/v2\/posts\/49782\/revisions"}],"predecessor-version":[{"id":49791,"href":"https:\/\/cuernavaca.gob.mx\/index.php?rest_route=\/wp\/v2\/posts\/49782\/revisions\/49791"}],"wp:featuredmedia":[{"embeddable":true,"href":"https:\/\/cuernavaca.gob.mx\/index.php?rest_route=\/wp\/v2\/media\/49789"}],"wp:attachment":[{"href":"https:\/\/cuernavaca.gob.mx\/index.php?rest_route=%2Fwp%2Fv2%2Fmedia&parent=49782"}],"wp:term":[{"taxonomy":"category","embeddable":true,"href":"https:\/\/cuernavaca.gob.mx\/index.php?rest_route=%2Fwp%2Fv2%2Fcategories&post=49782"},{"taxonomy":"post_tag","embeddable":true,"href":"https:\/\/cuernavaca.gob.mx\/index.php?rest_route=%2Fwp%2Fv2%2Ftags&post=49782"}],"curies":[{"name":"wp","href":"https:\/\/api.w.org\/{rel}","templated":true}]}}