{"id":49792,"date":"2025-04-26T08:00:30","date_gmt":"2025-04-26T14:00:30","guid":{"rendered":"https:\/\/cuernavaca.gob.mx\/?p=49792"},"modified":"2025-04-26T12:30:08","modified_gmt":"2025-04-26T18:30:08","slug":"b200-26-04-25-ayuntamiento-de-cuernavaca-impulsa-programa-de-mejora-de-las-areas-de-atencion-al-publico","status":"publish","type":"post","link":"https:\/\/cuernavaca.gob.mx\/?p=49792","title":{"rendered":"B200 26\/04\/25 AYUNTAMIENTO DE CUERNAVACA IMPULSA PROGRAMA DE MEJORA DE LAS \u00c1REAS DE ATENCI\u00d3N AL P\u00daBLICO"},"content":{"rendered":"<p><strong>* Las \u00e1reas administrativas que brindan atenci\u00f3n directa al p\u00fablico contar\u00e1n con la infraestructura, equipamiento, as\u00ed como las condiciones humanas y materiales suficientes para ofrecer un servicio eficiente, digno y accesible<\/strong><\/p>\n<p>Con el prop\u00f3sito de fortalecer la confianza ciudadana, promover la transparencia y hacer m\u00e1s eficiente la gesti\u00f3n administrativa, el Cabildo del Ayuntamiento de Cuernavaca, encabezado por el alcalde Jos\u00e9 Luis Uri\u00f3stegui Salgado, ha instruido a la Secretar\u00eda de Administraci\u00f3n para que, en coordinaci\u00f3n con las \u00e1reas correspondientes, elabore un Programa de Mejora de las Condiciones de las \u00c1reas de Atenci\u00f3n al P\u00fablico en las oficinas del Gobierno Municipal.<\/p>\n<p>Este programa, propuesto por la regidora Erika Lastra Jaimes, contempla un diagn\u00f3stico f\u00edsico, funcional y humano de los espacios destinados a la atenci\u00f3n ciudadana. Entre sus principales objetivos se encuentran: identificar necesidades prioritarias en temas de infraestructura, mobiliario, se\u00f1al\u00e9tica, accesibilidad, ventilaci\u00f3n, condiciones de espera y dotaci\u00f3n de servicios b\u00e1sicos como agua.<\/p>\n<p>Asimismo, establece el dise\u00f1o de una propuesta de acciones inmediatas, a corto y mediano plazo, con un cronograma de implementaci\u00f3n que abarcar\u00e1 los dos primeros a\u00f1os de la actual administraci\u00f3n.<\/p>\n<p>Al referir que la implementaci\u00f3n del programa se realizar\u00e1 conforme a la disponibilidad presupuestal del municipio y de acuerdo con el orden de prioridades establecido en el mismo, el proyecto requiere una estimaci\u00f3n de los recursos necesarios y posibles mecanismos de financiamiento.<\/p>\n<p>Durante la sesi\u00f3n de Cabildo, Jos\u00e9 Luis Uri\u00f3stegui Salgado subray\u00f3 la importancia de seguir atendiendolos espacios donde la ciudadan\u00eda realiza sus tr\u00e1mites administrativos y donde el personal pasa gran parte de su d\u00eda. Se\u00f1al\u00f3 que si bien muchas veces se pasa por alto la calidad de las condiciones en las que se brinda el servicio, es posible mejorarlas con inversi\u00f3n gradual y voluntad.<\/p>\n<p>Con este programa, el Gobierno Municipal de Cuernavaca reafirma su compromiso con la mejora continua de la atenci\u00f3n p\u00fablica, respondiendo a las necesidades de la poblaci\u00f3n y fortaleciendo el v\u00ednculo entre poblaci\u00f3n y gobierno.<\/p>\n\n\t\t<style type=\"text\/css\">\n\t\t\t#gallery-1 {\n\t\t\t\tmargin: auto;\n\t\t\t}\n\t\t\t#gallery-1 .gallery-item {\n\t\t\t\tfloat: left;\n\t\t\t\tmargin-top: 10px;\n\t\t\t\ttext-align: center;\n\t\t\t\twidth: 33%;\n\t\t\t}\n\t\t\t#gallery-1 img {\n\t\t\t\tborder: 2px solid #cfcfcf;\n\t\t\t}\n\t\t\t#gallery-1 .gallery-caption {\n\t\t\t\tmargin-left: 0;\n\t\t\t}\n\t\t\t\/* see gallery_shortcode() in wp-includes\/media.php *\/\n\t\t<\/style>\n\t\t<div id='gallery-1' class='gallery galleryid-49792 gallery-columns-3 gallery-size-thumbnail'><dl class='gallery-item'>\n\t\t\t<dt class='gallery-icon landscape'>\n\t\t\t\t<a href='https:\/\/cuernavaca.gob.mx\/?attachment_id=49793'><img width=\"150\" height=\"150\" src=\"https:\/\/cuernavaca.gob.mx\/wp-content\/uploads\/2025\/04\/AYUNTAMIENTO-DE-CUERNAVACA-IMPULSA-PROGRAMA-DE-MEJORA-DE-LAS-A\u0301REAS-DE-ATENCIO\u0301N-AL-PU\u0301BLICO-1-150x150.jpg\" class=\"attachment-thumbnail size-thumbnail\" alt=\"\" loading=\"lazy\" \/><\/a>\n\t\t\t<\/dt><\/dl><dl class='gallery-item'>\n\t\t\t<dt class='gallery-icon landscape'>\n\t\t\t\t<a href='https:\/\/cuernavaca.gob.mx\/?attachment_id=49794'><img width=\"150\" height=\"150\" src=\"https:\/\/cuernavaca.gob.mx\/wp-content\/uploads\/2025\/04\/AYUNTAMIENTO-DE-CUERNAVACA-IMPULSA-PROGRAMA-DE-MEJORA-DE-LAS-A\u0301REAS-DE-ATENCIO\u0301N-AL-PU\u0301BLICO-2-150x150.jpg\" class=\"attachment-thumbnail size-thumbnail\" alt=\"\" loading=\"lazy\" \/><\/a>\n\t\t\t<\/dt><\/dl><dl class='gallery-item'>\n\t\t\t<dt class='gallery-icon landscape'>\n\t\t\t\t<a href='https:\/\/cuernavaca.gob.mx\/?attachment_id=49795'><img width=\"150\" height=\"150\" src=\"https:\/\/cuernavaca.gob.mx\/wp-content\/uploads\/2025\/04\/AYUNTAMIENTO-DE-CUERNAVACA-IMPULSA-PROGRAMA-DE-MEJORA-DE-LAS-A\u0301REAS-DE-ATENCIO\u0301N-AL-PU\u0301BLICO-3-150x150.jpg\" class=\"attachment-thumbnail size-thumbnail\" alt=\"\" loading=\"lazy\" \/><\/a>\n\t\t\t<\/dt><\/dl><br style=\"clear: both\" \/>\n\t\t<\/div>\n\n","protected":false},"excerpt":{"rendered":"<p>* Las \u00e1reas administrativas que brindan atenci\u00f3n directa al p\u00fablico contar\u00e1n con la infraestructura, equipamiento, as\u00ed como las condiciones humanas y materiales suficientes para ofrecer un servicio eficiente, digno y accesible Con el prop\u00f3sito de fortalecer la confianza ciudadana, promover la transparencia y hacer m\u00e1s eficiente la gesti\u00f3n administrativa, el Cabildo del Ayuntamiento de Cuernavaca, [&hellip;]<\/p>\n","protected":false},"author":1,"featured_media":49795,"comment_status":"closed","ping_status":"open","sticky":false,"template":"","format":"standard","meta":[],"categories":[3047],"tags":[529,200,1885,121,120,206,127,432],"aioseo_notices":[],"_links":{"self":[{"href":"https:\/\/cuernavaca.gob.mx\/index.php?rest_route=\/wp\/v2\/posts\/49792"}],"collection":[{"href":"https:\/\/cuernavaca.gob.mx\/index.php?rest_route=\/wp\/v2\/posts"}],"about":[{"href":"https:\/\/cuernavaca.gob.mx\/index.php?rest_route=\/wp\/v2\/types\/post"}],"author":[{"embeddable":true,"href":"https:\/\/cuernavaca.gob.mx\/index.php?rest_route=\/wp\/v2\/users\/1"}],"replies":[{"embeddable":true,"href":"https:\/\/cuernavaca.gob.mx\/index.php?rest_route=%2Fwp%2Fv2%2Fcomments&post=49792"}],"version-history":[{"count":1,"href":"https:\/\/cuernavaca.gob.mx\/index.php?rest_route=\/wp\/v2\/posts\/49792\/revisions"}],"predecessor-version":[{"id":49801,"href":"https:\/\/cuernavaca.gob.mx\/index.php?rest_route=\/wp\/v2\/posts\/49792\/revisions\/49801"}],"wp:featuredmedia":[{"embeddable":true,"href":"https:\/\/cuernavaca.gob.mx\/index.php?rest_route=\/wp\/v2\/media\/49795"}],"wp:attachment":[{"href":"https:\/\/cuernavaca.gob.mx\/index.php?rest_route=%2Fwp%2Fv2%2Fmedia&parent=49792"}],"wp:term":[{"taxonomy":"category","embeddable":true,"href":"https:\/\/cuernavaca.gob.mx\/index.php?rest_route=%2Fwp%2Fv2%2Fcategories&post=49792"},{"taxonomy":"post_tag","embeddable":true,"href":"https:\/\/cuernavaca.gob.mx\/index.php?rest_route=%2Fwp%2Fv2%2Ftags&post=49792"}],"curies":[{"name":"wp","href":"https:\/\/api.w.org\/{rel}","templated":true}]}}