{"id":49802,"date":"2025-04-26T13:00:01","date_gmt":"2025-04-26T19:00:01","guid":{"rendered":"https:\/\/cuernavaca.gob.mx\/?p=49802"},"modified":"2025-04-26T14:03:36","modified_gmt":"2025-04-26T20:03:36","slug":"b201-26-04-26-cuernavaca-celebra-a-lo-grande-el-dia-de-las-ninas-y-los-ninos-con-alegria-y-muchas-sorpresas","status":"publish","type":"post","link":"https:\/\/cuernavaca.gob.mx\/?p=49802","title":{"rendered":"B201 26\/04\/26 CUERNAVACA CELEBRA A LO GRANDE EL D\u00cdA DE LAS NI\u00d1AS Y LOS NI\u00d1OS, CON ALEGR\u00cdA Y MUCHAS SORPRESAS"},"content":{"rendered":"<p><strong>\u2022 En Cuernavaca, la ni\u00f1ez es sin\u00f3nimo de esperanza y merece disfrutar de una ma\u00f1ana m\u00e1gica como verdaderos protagonistas<\/strong><\/p>\n<p><strong>\u2022 Familias y m\u00e1s de mil ni\u00f1as y ni\u00f1os disfrutaron de un s\u00e1bado de alegr\u00eda, diversi\u00f3n y muchas sorpresas en la sede Papagayo del Ayuntamiento capitalino<\/strong><\/p>\n<p>La sede Papagayo del Ayuntamiento de Cuernavaca vibr\u00f3 este s\u00e1bado con una explosi\u00f3n de color, risas y ternura al convertirse en el epicentro de la celebraci\u00f3n del D\u00eda de las Ni\u00f1as y los Ni\u00f1os. Familias enteras se congregaron para disfrutar de una ma\u00f1ana m\u00e1gica, donde las y los peque\u00f1os del hogar fueron los aut\u00e9nticos protagonistas.<\/p>\n<p>Esta inolvidable jornada fue posible gracias a la iniciativa del presidente municipal, Jos\u00e9 Luis Uri\u00f3stegui Salgado, trabajando en estrecha colaboraci\u00f3n con el Sistema Municipal DIF Cuernavaca, liderado por su esposa, la presidenta Luz Mar\u00eda Zagal Guzm\u00e1n, y diversas \u00e1reas del municipio.<\/p>\n<p>La explanada de las oficinas municipales se transform\u00f3 en un verdadero parque de diversiones, ofreciendo a las y los asistentes juegos de feria llenos de emoci\u00f3n, la creatividad de los pinta caritas, la energ\u00eda de los brincolines, la simpat\u00eda de las botargas y muchas sorpresas m\u00e1s. El ambiente festivo y la alegr\u00eda desbordante fueron la t\u00f3nica del d\u00eda, permitiendo a las m\u00e1s de mil ni\u00f1as y los ni\u00f1os celebrar en grande junto a sus princesas y superh\u00e9roes favoritos.<\/p>\n<p>El alcalde Jos\u00e9 Luis Uri\u00f3stegui, acompa\u00f1ado por integrantes del Cabildo, el Gabinete Municipal y numerosos servidores p\u00fablicos que dedicaron su s\u00e1bado a esta noble causa, dio una c\u00e1lida bienvenida a las familias que acudieron con gran entusiasmo. Madres, padres, abuelitas, abuelitos, hermanas y hermanos se unieron a la celebraci\u00f3n, compartiendo momentos de alegr\u00eda y afecto.<\/p>\n<p>La gran fiesta tambi\u00e9n ofreci\u00f3 stands con una variedad de juguetes y deliciosos antojitos, especialmente pensados para consentir a las y los festejados en su d\u00eda. Gracias a la gesti\u00f3n de Luz Mar\u00eda Zagal Guzm\u00e1n, la tienda departamental Liverpool realiz\u00f3 la donaci\u00f3n de dos carritos de bater\u00eda, los cuales fueron rifados entre las ni\u00f1as y ni\u00f1os que asistieron gustosos a este festejo.<\/p>\n<p>Es importante destacar la participaci\u00f3n activa de diversas dependencias municipales y autoridades auxiliares, que se sumaron a la celebraci\u00f3n con juegos de destreza y otras actividades, consolidando este d\u00eda como una jornada dedicada por y para la familia.<\/p>\n<p>Este evento dej\u00f3 una huella imborrable en los corazones de quienes asistieron, fortaleciendo los lazos de comunidad y el amor familiar. Porque en Cuernavaca, la ni\u00f1ez es sin\u00f3nimo de alegr\u00eda y esperanza, y merece ser celebrada en grande.<\/p>\n\n\t\t<style type=\"text\/css\">\n\t\t\t#gallery-1 {\n\t\t\t\tmargin: auto;\n\t\t\t}\n\t\t\t#gallery-1 .gallery-item {\n\t\t\t\tfloat: left;\n\t\t\t\tmargin-top: 10px;\n\t\t\t\ttext-align: center;\n\t\t\t\twidth: 33%;\n\t\t\t}\n\t\t\t#gallery-1 img {\n\t\t\t\tborder: 2px solid #cfcfcf;\n\t\t\t}\n\t\t\t#gallery-1 .gallery-caption {\n\t\t\t\tmargin-left: 0;\n\t\t\t}\n\t\t\t\/* see gallery_shortcode() in wp-includes\/media.php *\/\n\t\t<\/style>\n\t\t<div id='gallery-1' class='gallery galleryid-49802 gallery-columns-3 gallery-size-thumbnail'><dl class='gallery-item'>\n\t\t\t<dt class='gallery-icon landscape'>\n\t\t\t\t<a href='https:\/\/cuernavaca.gob.mx\/?attachment_id=49803'><img width=\"150\" height=\"150\" src=\"https:\/\/cuernavaca.gob.mx\/wp-content\/uploads\/2025\/04\/CUERNAVACA-CELEBRA-A-LO-GRANDE-EL-DI\u0301A-DE-LAS-NIN\u0303AS-Y-LOS-NIN\u0303OS-CON-ALEGRI\u0301A-Y-MUCHAS-SORPRESAS-1-150x150.jpg\" class=\"attachment-thumbnail size-thumbnail\" alt=\"\" loading=\"lazy\" \/><\/a>\n\t\t\t<\/dt><\/dl><dl class='gallery-item'>\n\t\t\t<dt class='gallery-icon landscape'>\n\t\t\t\t<a href='https:\/\/cuernavaca.gob.mx\/?attachment_id=49804'><img width=\"150\" height=\"150\" src=\"https:\/\/cuernavaca.gob.mx\/wp-content\/uploads\/2025\/04\/CUERNAVACA-CELEBRA-A-LO-GRANDE-EL-DI\u0301A-DE-LAS-NIN\u0303AS-Y-LOS-NIN\u0303OS-CON-ALEGRI\u0301A-Y-MUCHAS-SORPRESAS-2-150x150.jpg\" class=\"attachment-thumbnail size-thumbnail\" alt=\"\" loading=\"lazy\" \/><\/a>\n\t\t\t<\/dt><\/dl><dl class='gallery-item'>\n\t\t\t<dt class='gallery-icon landscape'>\n\t\t\t\t<a href='https:\/\/cuernavaca.gob.mx\/?attachment_id=49805'><img width=\"150\" height=\"150\" src=\"https:\/\/cuernavaca.gob.mx\/wp-content\/uploads\/2025\/04\/CUERNAVACA-CELEBRA-A-LO-GRANDE-EL-DI\u0301A-DE-LAS-NIN\u0303AS-Y-LOS-NIN\u0303OS-CON-ALEGRI\u0301A-Y-MUCHAS-SORPRESAS-3-150x150.jpg\" class=\"attachment-thumbnail size-thumbnail\" alt=\"\" loading=\"lazy\" \/><\/a>\n\t\t\t<\/dt><\/dl><br style=\"clear: both\" \/><dl class='gallery-item'>\n\t\t\t<dt class='gallery-icon landscape'>\n\t\t\t\t<a href='https:\/\/cuernavaca.gob.mx\/?attachment_id=49806'><img width=\"150\" height=\"150\" src=\"https:\/\/cuernavaca.gob.mx\/wp-content\/uploads\/2025\/04\/CUERNAVACA-CELEBRA-A-LO-GRANDE-EL-DI\u0301A-DE-LAS-NIN\u0303AS-Y-LOS-NIN\u0303OS-CON-ALEGRI\u0301A-Y-MUCHAS-SORPRESAS-4-150x150.jpg\" class=\"attachment-thumbnail size-thumbnail\" alt=\"\" loading=\"lazy\" \/><\/a>\n\t\t\t<\/dt><\/dl><dl class='gallery-item'>\n\t\t\t<dt class='gallery-icon landscape'>\n\t\t\t\t<a href='https:\/\/cuernavaca.gob.mx\/?attachment_id=49807'><img width=\"150\" height=\"150\" src=\"https:\/\/cuernavaca.gob.mx\/wp-content\/uploads\/2025\/04\/CUERNAVACA-CELEBRA-A-LO-GRANDE-EL-DI\u0301A-DE-LAS-NIN\u0303AS-Y-LOS-NIN\u0303OS-CON-ALEGRI\u0301A-Y-MUCHAS-SORPRESAS-5-150x150.jpg\" class=\"attachment-thumbnail size-thumbnail\" alt=\"\" loading=\"lazy\" \/><\/a>\n\t\t\t<\/dt><\/dl><dl class='gallery-item'>\n\t\t\t<dt class='gallery-icon landscape'>\n\t\t\t\t<a href='https:\/\/cuernavaca.gob.mx\/?attachment_id=49808'><img width=\"150\" height=\"150\" src=\"https:\/\/cuernavaca.gob.mx\/wp-content\/uploads\/2025\/04\/CUERNAVACA-CELEBRA-A-LO-GRANDE-EL-DI\u0301A-DE-LAS-NIN\u0303AS-Y-LOS-NIN\u0303OS-CON-ALEGRI\u0301A-Y-MUCHAS-SORPRESAS-6-150x150.jpg\" class=\"attachment-thumbnail size-thumbnail\" alt=\"\" loading=\"lazy\" \/><\/a>\n\t\t\t<\/dt><\/dl><br style=\"clear: both\" \/><dl class='gallery-item'>\n\t\t\t<dt class='gallery-icon landscape'>\n\t\t\t\t<a href='https:\/\/cuernavaca.gob.mx\/?attachment_id=49809'><img width=\"150\" height=\"150\" src=\"https:\/\/cuernavaca.gob.mx\/wp-content\/uploads\/2025\/04\/CUERNAVACA-CELEBRA-A-LO-GRANDE-EL-DI\u0301A-DE-LAS-NIN\u0303AS-Y-LOS-NIN\u0303OS-CON-ALEGRI\u0301A-Y-MUCHAS-SORPRESAS-7-150x150.jpg\" class=\"attachment-thumbnail size-thumbnail\" alt=\"\" loading=\"lazy\" \/><\/a>\n\t\t\t<\/dt><\/dl><dl class='gallery-item'>\n\t\t\t<dt class='gallery-icon landscape'>\n\t\t\t\t<a href='https:\/\/cuernavaca.gob.mx\/?attachment_id=49810'><img width=\"150\" height=\"150\" src=\"https:\/\/cuernavaca.gob.mx\/wp-content\/uploads\/2025\/04\/CUERNAVACA-CELEBRA-A-LO-GRANDE-EL-DI\u0301A-DE-LAS-NIN\u0303AS-Y-LOS-NIN\u0303OS-CON-ALEGRI\u0301A-Y-MUCHAS-SORPRESAS-8-150x150.jpg\" class=\"attachment-thumbnail size-thumbnail\" alt=\"\" loading=\"lazy\" \/><\/a>\n\t\t\t<\/dt><\/dl><dl class='gallery-item'>\n\t\t\t<dt class='gallery-icon landscape'>\n\t\t\t\t<a href='https:\/\/cuernavaca.gob.mx\/?attachment_id=49811'><img width=\"150\" height=\"150\" src=\"https:\/\/cuernavaca.gob.mx\/wp-content\/uploads\/2025\/04\/CUERNAVACA-CELEBRA-A-LO-GRANDE-EL-DI\u0301A-DE-LAS-NIN\u0303AS-Y-LOS-NIN\u0303OS-CON-ALEGRI\u0301A-Y-MUCHAS-SORPRESAS-9-150x150.jpg\" class=\"attachment-thumbnail size-thumbnail\" alt=\"\" loading=\"lazy\" \/><\/a>\n\t\t\t<\/dt><\/dl><br style=\"clear: both\" \/><dl class='gallery-item'>\n\t\t\t<dt class='gallery-icon landscape'>\n\t\t\t\t<a href='https:\/\/cuernavaca.gob.mx\/?attachment_id=49812'><img width=\"150\" height=\"150\" src=\"https:\/\/cuernavaca.gob.mx\/wp-content\/uploads\/2025\/04\/CUERNAVACA-CELEBRA-A-LO-GRANDE-EL-DI\u0301A-DE-LAS-NIN\u0303AS-Y-LOS-NIN\u0303OS-CON-ALEGRI\u0301A-Y-MUCHAS-SORPRESAS-10-150x150.jpg\" class=\"attachment-thumbnail size-thumbnail\" alt=\"\" loading=\"lazy\" \/><\/a>\n\t\t\t<\/dt><\/dl><dl class='gallery-item'>\n\t\t\t<dt class='gallery-icon landscape'>\n\t\t\t\t<a href='https:\/\/cuernavaca.gob.mx\/?attachment_id=49813'><img width=\"150\" height=\"150\" src=\"https:\/\/cuernavaca.gob.mx\/wp-content\/uploads\/2025\/04\/CUERNAVACA-CELEBRA-A-LO-GRANDE-EL-DI\u0301A-DE-LAS-NIN\u0303AS-Y-LOS-NIN\u0303OS-CON-ALEGRI\u0301A-Y-MUCHAS-SORPRESAS-11-150x150.jpg\" class=\"attachment-thumbnail size-thumbnail\" alt=\"\" loading=\"lazy\" \/><\/a>\n\t\t\t<\/dt><\/dl><dl class='gallery-item'>\n\t\t\t<dt class='gallery-icon landscape'>\n\t\t\t\t<a href='https:\/\/cuernavaca.gob.mx\/?attachment_id=49814'><img width=\"150\" height=\"150\" src=\"https:\/\/cuernavaca.gob.mx\/wp-content\/uploads\/2025\/04\/CUERNAVACA-CELEBRA-A-LO-GRANDE-EL-DI\u0301A-DE-LAS-NIN\u0303AS-Y-LOS-NIN\u0303OS-CON-ALEGRI\u0301A-Y-MUCHAS-SORPRESAS-12-150x150.jpg\" class=\"attachment-thumbnail size-thumbnail\" alt=\"\" loading=\"lazy\" \/><\/a>\n\t\t\t<\/dt><\/dl><br style=\"clear: both\" \/><dl class='gallery-item'>\n\t\t\t<dt class='gallery-icon landscape'>\n\t\t\t\t<a href='https:\/\/cuernavaca.gob.mx\/?attachment_id=49815'><img width=\"150\" height=\"150\" src=\"https:\/\/cuernavaca.gob.mx\/wp-content\/uploads\/2025\/04\/CUERNAVACA-CELEBRA-A-LO-GRANDE-EL-DI\u0301A-DE-LAS-NIN\u0303AS-Y-LOS-NIN\u0303OS-CON-ALEGRI\u0301A-Y-MUCHAS-SORPRESAS-13-150x150.jpg\" class=\"attachment-thumbnail size-thumbnail\" alt=\"\" loading=\"lazy\" \/><\/a>\n\t\t\t<\/dt><\/dl><dl class='gallery-item'>\n\t\t\t<dt class='gallery-icon landscape'>\n\t\t\t\t<a href='https:\/\/cuernavaca.gob.mx\/?attachment_id=49816'><img width=\"150\" height=\"150\" src=\"https:\/\/cuernavaca.gob.mx\/wp-content\/uploads\/2025\/04\/CUERNAVACA-CELEBRA-A-LO-GRANDE-EL-DI\u0301A-DE-LAS-NIN\u0303AS-Y-LOS-NIN\u0303OS-CON-ALEGRI\u0301A-Y-MUCHAS-SORPRESAS-14-150x150.jpg\" class=\"attachment-thumbnail size-thumbnail\" alt=\"\" loading=\"lazy\" \/><\/a>\n\t\t\t<\/dt><\/dl><dl class='gallery-item'>\n\t\t\t<dt class='gallery-icon landscape'>\n\t\t\t\t<a href='https:\/\/cuernavaca.gob.mx\/?attachment_id=49817'><img width=\"150\" height=\"150\" src=\"https:\/\/cuernavaca.gob.mx\/wp-content\/uploads\/2025\/04\/CUERNAVACA-CELEBRA-A-LO-GRANDE-EL-DI\u0301A-DE-LAS-NIN\u0303AS-Y-LOS-NIN\u0303OS-CON-ALEGRI\u0301A-Y-MUCHAS-SORPRESAS-15-150x150.jpg\" class=\"attachment-thumbnail size-thumbnail\" alt=\"\" loading=\"lazy\" \/><\/a>\n\t\t\t<\/dt><\/dl><br style=\"clear: both\" \/><dl class='gallery-item'>\n\t\t\t<dt class='gallery-icon landscape'>\n\t\t\t\t<a href='https:\/\/cuernavaca.gob.mx\/?attachment_id=49818'><img width=\"150\" height=\"150\" src=\"https:\/\/cuernavaca.gob.mx\/wp-content\/uploads\/2025\/04\/CUERNAVACA-CELEBRA-A-LO-GRANDE-EL-DI\u0301A-DE-LAS-NIN\u0303AS-Y-LOS-NIN\u0303OS-CON-ALEGRI\u0301A-Y-MUCHAS-SORPRESAS-16-150x150.jpg\" class=\"attachment-thumbnail size-thumbnail\" alt=\"\" loading=\"lazy\" \/><\/a>\n\t\t\t<\/dt><\/dl>\n\t\t\t<br style='clear: both' \/>\n\t\t<\/div>\n\n","protected":false},"excerpt":{"rendered":"<p>\u2022 En Cuernavaca, la ni\u00f1ez es sin\u00f3nimo de esperanza y merece disfrutar de una ma\u00f1ana m\u00e1gica como verdaderos protagonistas \u2022 Familias y m\u00e1s de mil ni\u00f1as y ni\u00f1os disfrutaron de un s\u00e1bado de alegr\u00eda, diversi\u00f3n y muchas sorpresas en la sede Papagayo del Ayuntamiento capitalino La sede Papagayo del Ayuntamiento de Cuernavaca vibr\u00f3 este s\u00e1bado [&hellip;]<\/p>\n","protected":false},"author":1,"featured_media":49807,"comment_status":"closed","ping_status":"open","sticky":false,"template":"","format":"standard","meta":[],"categories":[16],"tags":[121,543,1922,2337,120,206,434,3040,127],"aioseo_notices":[],"_links":{"self":[{"href":"https:\/\/cuernavaca.gob.mx\/index.php?rest_route=\/wp\/v2\/posts\/49802"}],"collection":[{"href":"https:\/\/cuernavaca.gob.mx\/index.php?rest_route=\/wp\/v2\/posts"}],"about":[{"href":"https:\/\/cuernavaca.gob.mx\/index.php?rest_route=\/wp\/v2\/types\/post"}],"author":[{"embeddable":true,"href":"https:\/\/cuernavaca.gob.mx\/index.php?rest_route=\/wp\/v2\/users\/1"}],"replies":[{"embeddable":true,"href":"https:\/\/cuernavaca.gob.mx\/index.php?rest_route=%2Fwp%2Fv2%2Fcomments&post=49802"}],"version-history":[{"count":1,"href":"https:\/\/cuernavaca.gob.mx\/index.php?rest_route=\/wp\/v2\/posts\/49802\/revisions"}],"predecessor-version":[{"id":49819,"href":"https:\/\/cuernavaca.gob.mx\/index.php?rest_route=\/wp\/v2\/posts\/49802\/revisions\/49819"}],"wp:featuredmedia":[{"embeddable":true,"href":"https:\/\/cuernavaca.gob.mx\/index.php?rest_route=\/wp\/v2\/media\/49807"}],"wp:attachment":[{"href":"https:\/\/cuernavaca.gob.mx\/index.php?rest_route=%2Fwp%2Fv2%2Fmedia&parent=49802"}],"wp:term":[{"taxonomy":"category","embeddable":true,"href":"https:\/\/cuernavaca.gob.mx\/index.php?rest_route=%2Fwp%2Fv2%2Fcategories&post=49802"},{"taxonomy":"post_tag","embeddable":true,"href":"https:\/\/cuernavaca.gob.mx\/index.php?rest_route=%2Fwp%2Fv2%2Ftags&post=49802"}],"curies":[{"name":"wp","href":"https:\/\/api.w.org\/{rel}","templated":true}]}}