{"id":50444,"date":"2025-05-30T13:00:26","date_gmt":"2025-05-30T19:00:26","guid":{"rendered":"https:\/\/cuernavaca.gob.mx\/?p=50444"},"modified":"2025-05-30T15:28:48","modified_gmt":"2025-05-30T21:28:48","slug":"b275-30-05-25-ayuntamiento-de-cuernavaca-refrenda-su-compromiso-en-mantener-limpia-y-ordenada-la-imagen-urbana-de-la-ciudad","status":"publish","type":"post","link":"https:\/\/cuernavaca.gob.mx\/?p=50444","title":{"rendered":"B275 30\/05\/25 AYUNTAMIENTO DE CUERNAVACA REFRENDA SU COMPROMISO EN MANTENER LIMPIA Y ORDENADA LA IMAGEN URBANA DE LA CIUDAD"},"content":{"rendered":"<p><strong>\u2022 En colaboraci\u00f3n con la brigada del Programa Integral de Eventuales se realiz\u00f3 un operativo nocturno para restaurar la imagen urbana del Boulevard Cuauhn\u00e1huac<\/strong><\/p>\n<p>Durante los \u00faltimos seis meses de la administraci\u00f3n del presidente municipal de Cuernavaca, Jos\u00e9 Luis Uri\u00f3stegui Salgado, se han realizado operativos nocturnos de limpieza en distintas zonas de la capital morelense para preservar la imagen de la zona metropolitana.<\/p>\n<p>Derivado del temporal de lluvias, el Ayuntamiento de Cuernavaca, en colaboraci\u00f3n con la brigada del Programa Integral de Eventuales del \u00e1rea de Aseo Urbano, llev\u00f3 a cabo un operativo la noche del jueves 29 de mayo, con el objetivo de mejorar la imagen urbana de la ciudad.<\/p>\n<p>Esta iniciativa tiene como prop\u00f3sito preservar la est\u00e9tica y salubridad de Boulevard Cuauhn\u00e1huac, a la altura del Puente Desnivel Jacarandas, contribuyendo a crear un entorno m\u00e1s agradable. Desde la Secretar\u00eda de Desarrollo Sustentable y Servicios P\u00fablicos, se reitera el compromiso de realizar acciones integrales de limpieza y conservaci\u00f3n para mantener la ciudad en \u00f3ptimas condiciones.<\/p>\n<p>A trav\u00e9s de estas acciones, se busca no solo embellecer la ciudad de la Eterna Primavera, sino tambi\u00e9n mejorar el bienestar y la calidad de vida de las familias que residen o visitan Cuernavaca.<\/p>\n<p>Finalmente, se hace un llamado a la ciudadan\u00eda a continuar realizando sus reportes al n\u00famero de atenci\u00f3n 070. \u201cJuntos podemos seguir construyendo una ciudad m\u00e1s pr\u00f3spera y limpia\u201d.<\/p>\n\n\t\t<style type=\"text\/css\">\n\t\t\t#gallery-1 {\n\t\t\t\tmargin: auto;\n\t\t\t}\n\t\t\t#gallery-1 .gallery-item {\n\t\t\t\tfloat: left;\n\t\t\t\tmargin-top: 10px;\n\t\t\t\ttext-align: center;\n\t\t\t\twidth: 33%;\n\t\t\t}\n\t\t\t#gallery-1 img {\n\t\t\t\tborder: 2px solid #cfcfcf;\n\t\t\t}\n\t\t\t#gallery-1 .gallery-caption {\n\t\t\t\tmargin-left: 0;\n\t\t\t}\n\t\t\t\/* see gallery_shortcode() in wp-includes\/media.php *\/\n\t\t<\/style>\n\t\t<div id='gallery-1' class='gallery galleryid-50444 gallery-columns-3 gallery-size-thumbnail'><dl class='gallery-item'>\n\t\t\t<dt class='gallery-icon portrait'>\n\t\t\t\t<a href='https:\/\/cuernavaca.gob.mx\/?attachment_id=50445'><img width=\"150\" height=\"150\" src=\"https:\/\/cuernavaca.gob.mx\/wp-content\/uploads\/2025\/05\/AYUNTAMIENTO-DE-CUERNAVACA-REFRENDA-SU-COMPROMISO-EN-MANTENER-LIMPIA-Y-ORDENADA-LA-IMAGEN-URBANA-DE-LA-CIUDAD-1-150x150.jpg\" class=\"attachment-thumbnail size-thumbnail\" alt=\"\" loading=\"lazy\" \/><\/a>\n\t\t\t<\/dt><\/dl><dl class='gallery-item'>\n\t\t\t<dt class='gallery-icon portrait'>\n\t\t\t\t<a href='https:\/\/cuernavaca.gob.mx\/?attachment_id=50446'><img width=\"150\" height=\"150\" src=\"https:\/\/cuernavaca.gob.mx\/wp-content\/uploads\/2025\/05\/AYUNTAMIENTO-DE-CUERNAVACA-REFRENDA-SU-COMPROMISO-EN-MANTENER-LIMPIA-Y-ORDENADA-LA-IMAGEN-URBANA-DE-LA-CIUDAD-2-150x150.jpg\" class=\"attachment-thumbnail size-thumbnail\" alt=\"\" loading=\"lazy\" \/><\/a>\n\t\t\t<\/dt><\/dl><dl class='gallery-item'>\n\t\t\t<dt class='gallery-icon landscape'>\n\t\t\t\t<a href='https:\/\/cuernavaca.gob.mx\/?attachment_id=50447'><img width=\"150\" height=\"150\" src=\"https:\/\/cuernavaca.gob.mx\/wp-content\/uploads\/2025\/05\/AYUNTAMIENTO-DE-CUERNAVACA-REFRENDA-SU-COMPROMISO-EN-MANTENER-LIMPIA-Y-ORDENADA-LA-IMAGEN-URBANA-DE-LA-CIUDAD-3-150x150.jpg\" class=\"attachment-thumbnail size-thumbnail\" alt=\"\" loading=\"lazy\" \/><\/a>\n\t\t\t<\/dt><\/dl><br style=\"clear: both\" \/><dl class='gallery-item'>\n\t\t\t<dt class='gallery-icon portrait'>\n\t\t\t\t<a href='https:\/\/cuernavaca.gob.mx\/?attachment_id=50448'><img width=\"150\" height=\"150\" src=\"https:\/\/cuernavaca.gob.mx\/wp-content\/uploads\/2025\/05\/AYUNTAMIENTO-DE-CUERNAVACA-REFRENDA-SU-COMPROMISO-EN-MANTENER-LIMPIA-Y-ORDENADA-LA-IMAGEN-URBANA-DE-LA-CIUDAD-4-150x150.jpg\" class=\"attachment-thumbnail size-thumbnail\" alt=\"\" loading=\"lazy\" \/><\/a>\n\t\t\t<\/dt><\/dl>\n\t\t\t<br style='clear: both' \/>\n\t\t<\/div>\n\n","protected":false},"excerpt":{"rendered":"<p>\u2022 En colaboraci\u00f3n con la brigada del Programa Integral de Eventuales se realiz\u00f3 un operativo nocturno para restaurar la imagen urbana del Boulevard Cuauhn\u00e1huac Durante los \u00faltimos seis meses de la administraci\u00f3n del presidente municipal de Cuernavaca, Jos\u00e9 Luis Uri\u00f3stegui Salgado, se han realizado operativos nocturnos de limpieza en distintas zonas de la capital morelense [&hellip;]<\/p>\n","protected":false},"author":1,"featured_media":50445,"comment_status":"closed","ping_status":"open","sticky":false,"template":"","format":"standard","meta":[],"categories":[1],"tags":[916,121,2376,120,218,206,127],"aioseo_notices":[],"_links":{"self":[{"href":"https:\/\/cuernavaca.gob.mx\/index.php?rest_route=\/wp\/v2\/posts\/50444"}],"collection":[{"href":"https:\/\/cuernavaca.gob.mx\/index.php?rest_route=\/wp\/v2\/posts"}],"about":[{"href":"https:\/\/cuernavaca.gob.mx\/index.php?rest_route=\/wp\/v2\/types\/post"}],"author":[{"embeddable":true,"href":"https:\/\/cuernavaca.gob.mx\/index.php?rest_route=\/wp\/v2\/users\/1"}],"replies":[{"embeddable":true,"href":"https:\/\/cuernavaca.gob.mx\/index.php?rest_route=%2Fwp%2Fv2%2Fcomments&post=50444"}],"version-history":[{"count":1,"href":"https:\/\/cuernavaca.gob.mx\/index.php?rest_route=\/wp\/v2\/posts\/50444\/revisions"}],"predecessor-version":[{"id":50449,"href":"https:\/\/cuernavaca.gob.mx\/index.php?rest_route=\/wp\/v2\/posts\/50444\/revisions\/50449"}],"wp:featuredmedia":[{"embeddable":true,"href":"https:\/\/cuernavaca.gob.mx\/index.php?rest_route=\/wp\/v2\/media\/50445"}],"wp:attachment":[{"href":"https:\/\/cuernavaca.gob.mx\/index.php?rest_route=%2Fwp%2Fv2%2Fmedia&parent=50444"}],"wp:term":[{"taxonomy":"category","embeddable":true,"href":"https:\/\/cuernavaca.gob.mx\/index.php?rest_route=%2Fwp%2Fv2%2Fcategories&post=50444"},{"taxonomy":"post_tag","embeddable":true,"href":"https:\/\/cuernavaca.gob.mx\/index.php?rest_route=%2Fwp%2Fv2%2Ftags&post=50444"}],"curies":[{"name":"wp","href":"https:\/\/api.w.org\/{rel}","templated":true}]}}