{"id":50467,"date":"2025-06-01T10:00:51","date_gmt":"2025-06-01T16:00:51","guid":{"rendered":"https:\/\/cuernavaca.gob.mx\/?p=50467"},"modified":"2025-06-01T10:38:12","modified_gmt":"2025-06-01T16:38:12","slug":"b278-01-06-25-vamos-a-transformar-espacios-publicos","status":"publish","type":"post","link":"https:\/\/cuernavaca.gob.mx\/?p=50467","title":{"rendered":"B278 01\/06\/25 \u00a1VAMOS A TRANSFORMAR ESPACIOS P\u00daBLICOS!"},"content":{"rendered":"<p><strong>\u00a1Ciudadano (a) Bien Hecho (a) de COMEX llega a Cuernavaca para mejorar nuestros entornos con tu participaci\u00f3n y de las autoridades municipales y estatales!<\/strong><\/p>\n<p>\u00a1Aqu\u00ed te decimos c\u00f3mo y cu\u00e1ndo!<\/p>\n<p>Consulta la convocatoria para registrar un espacio p\u00fablico en donde deseas realizar una pinta comunitaria, debe ser factible para ser pintado en el lapso de un d\u00eda, de manera colectiva y solidaria.<\/p>\n<p>Ser\u00e1n seleccionados los 2 espacios estrat\u00e9gicos en Cuernavaca que cumplan con las especificaciones de la presente convocatoria.<\/p>\n<p>La pinta deber\u00e1 ser comunitaria y participativa, organizando actividades de conexi\u00f3n y de buen convivir entre los(as) asistentes. La uni\u00f3n hace la fuerza comunitaria, vamos a pintar trazos de identidad y bienestar.<\/p>\n<p>Comex, el Gobierno del Estado de Morelos y el Ayuntamiento de Cuernavaca aliados para hacer comunidad.<\/p>\n<p>Consulta toda la informaci\u00f3n aqu\u00ed https:\/\/linktr.ee\/Ciudadano_Bien_Hecho<\/p>\n\n\t\t<style type=\"text\/css\">\n\t\t\t#gallery-1 {\n\t\t\t\tmargin: auto;\n\t\t\t}\n\t\t\t#gallery-1 .gallery-item {\n\t\t\t\tfloat: left;\n\t\t\t\tmargin-top: 10px;\n\t\t\t\ttext-align: center;\n\t\t\t\twidth: 33%;\n\t\t\t}\n\t\t\t#gallery-1 img {\n\t\t\t\tborder: 2px solid #cfcfcf;\n\t\t\t}\n\t\t\t#gallery-1 .gallery-caption {\n\t\t\t\tmargin-left: 0;\n\t\t\t}\n\t\t\t\/* see gallery_shortcode() in wp-includes\/media.php *\/\n\t\t<\/style>\n\t\t<div id='gallery-1' class='gallery galleryid-50467 gallery-columns-3 gallery-size-thumbnail'><dl class='gallery-item'>\n\t\t\t<dt class='gallery-icon portrait'>\n\t\t\t\t<a href='https:\/\/cuernavaca.gob.mx\/?attachment_id=50470'><img width=\"150\" height=\"150\" src=\"https:\/\/cuernavaca.gob.mx\/wp-content\/uploads\/2025\/06\/VAMOS-A-TRANSFORMAR-ESPACIOS-PUBLICOS-1-150x150.jpeg\" class=\"attachment-thumbnail size-thumbnail\" alt=\"\" loading=\"lazy\" \/><\/a>\n\t\t\t<\/dt><\/dl>\n\t\t\t<br style='clear: both' \/>\n\t\t<\/div>\n\n<p>&nbsp;<\/p>\n","protected":false},"excerpt":{"rendered":"<p>\u00a1Ciudadano (a) Bien Hecho (a) de COMEX llega a Cuernavaca para mejorar nuestros entornos con tu participaci\u00f3n y de las autoridades municipales y estatales! \u00a1Aqu\u00ed te decimos c\u00f3mo y cu\u00e1ndo! Consulta la convocatoria para registrar un espacio p\u00fablico en donde deseas realizar una pinta comunitaria, debe ser factible para ser pintado en el lapso de [&hellip;]<\/p>\n","protected":false},"author":1,"featured_media":50470,"comment_status":"closed","ping_status":"open","sticky":false,"template":"","format":"standard","meta":[],"categories":[2414],"tags":[121,303,2376,120,2917],"aioseo_notices":[],"_links":{"self":[{"href":"https:\/\/cuernavaca.gob.mx\/index.php?rest_route=\/wp\/v2\/posts\/50467"}],"collection":[{"href":"https:\/\/cuernavaca.gob.mx\/index.php?rest_route=\/wp\/v2\/posts"}],"about":[{"href":"https:\/\/cuernavaca.gob.mx\/index.php?rest_route=\/wp\/v2\/types\/post"}],"author":[{"embeddable":true,"href":"https:\/\/cuernavaca.gob.mx\/index.php?rest_route=\/wp\/v2\/users\/1"}],"replies":[{"embeddable":true,"href":"https:\/\/cuernavaca.gob.mx\/index.php?rest_route=%2Fwp%2Fv2%2Fcomments&post=50467"}],"version-history":[{"count":1,"href":"https:\/\/cuernavaca.gob.mx\/index.php?rest_route=\/wp\/v2\/posts\/50467\/revisions"}],"predecessor-version":[{"id":50471,"href":"https:\/\/cuernavaca.gob.mx\/index.php?rest_route=\/wp\/v2\/posts\/50467\/revisions\/50471"}],"wp:featuredmedia":[{"embeddable":true,"href":"https:\/\/cuernavaca.gob.mx\/index.php?rest_route=\/wp\/v2\/media\/50470"}],"wp:attachment":[{"href":"https:\/\/cuernavaca.gob.mx\/index.php?rest_route=%2Fwp%2Fv2%2Fmedia&parent=50467"}],"wp:term":[{"taxonomy":"category","embeddable":true,"href":"https:\/\/cuernavaca.gob.mx\/index.php?rest_route=%2Fwp%2Fv2%2Fcategories&post=50467"},{"taxonomy":"post_tag","embeddable":true,"href":"https:\/\/cuernavaca.gob.mx\/index.php?rest_route=%2Fwp%2Fv2%2Ftags&post=50467"}],"curies":[{"name":"wp","href":"https:\/\/api.w.org\/{rel}","templated":true}]}}