{"id":50472,"date":"2025-06-02T08:00:41","date_gmt":"2025-06-02T14:00:41","guid":{"rendered":"https:\/\/cuernavaca.gob.mx\/?p=50472"},"modified":"2025-06-02T09:03:21","modified_gmt":"2025-06-02T15:03:21","slug":"b279-02-06-25-cabildo-abierto-se-consolida-como-espacio-de-dialogo-y-solucion-en-cuernavaca","status":"publish","type":"post","link":"https:\/\/cuernavaca.gob.mx\/?p=50472","title":{"rendered":"B279 02\/06\/25 CABILDO ABIERTO SE CONSOLIDA COMO ESPACIO DE DI\u00c1LOGO Y SOLUCI\u00d3N EN CUERNAVACA"},"content":{"rendered":"<p><strong>\u2022 Cada mes, m\u00e1s ciudadanas y ciudadanos encuentran eco a sus propuestas en este ejercicio de gobernanza liderado por el Cabildo del Ayuntamiento de Cuernavaca, presidido por Jos\u00e9 Luis Uri\u00f3stegui Salgado<\/strong><\/p>\n<p>Con una nutrida participaci\u00f3n ciudadana, el Ayuntamiento de Cuernavaca llev\u00f3 a cabo con \u00e9xito la sesi\u00f3n de Cabildo Abierto encabezada por el alcalde Jos\u00e9 Luis Uri\u00f3stegui Salgado correspondiente al mes de mayo, en esta ocasi\u00f3n realizada en el Recinto Ferial de Acapantzingo, donde habitantes de distintas colonias de Cuernavaca se dieron cita para presentar sus inquietudes, solicitudes y propuestas ante las autoridades municipales.<\/p>\n<p>En un ambiente de di\u00e1logo abierto y constructivo, ciudadanas y ciudadanos de colonias como Ciudad Chapultepec, Bosques de la Florida, Loma Bonita, Lomas de la Selva, La Pradera, Para\u00edso de las Flores, Centro, Vergel y del poblado de Tlaltenango plantearon necesidades en temas clave como drenaje, agua potable, alcantarillado, alumbrado p\u00fablico, descacharrizaci\u00f3n, seguridad, pavimentaci\u00f3n, poda de \u00e1rboles y movilidad, esta \u00faltima incluyendo la propuesta de instalaci\u00f3n de reductores de velocidad.<\/p>\n<p>Durante la sesi\u00f3n, se reconoci\u00f3 el trabajo del Gobierno capitalino para dar respuesta oportuna a las peticiones ciudadanas, lo que ha permitido mejorar las condiciones de vida en diversas comunidades. Las y los participantes agradecieron el seguimiento puntual a sus solicitudes, reflejo del compromiso de la administraci\u00f3n municipal con el bienestar colectivo.<\/p>\n<p>Asimismo, expresaron su reconocimiento a la s\u00edndica municipal Paula Trade Hidalgo, as\u00ed como a las regidoras El\u00eda Ortiz Garc\u00eda, Arnett Jim\u00e9nez Gaspar, Paz Hern\u00e1ndez Pardo, Miriam Barajas Basilio y a los regidores Gabriel Rivas R\u00edos, Juan Miguel Serrano Gastelum, Salvador Aguilar Rea, Alfredo Gonz\u00e1lez S\u00e1nchez, Alan Moreno Dom\u00ednguez y Sergio Bar\u00f3n Pulido, por su cercan\u00eda y disposici\u00f3n para atender directamente las demandas vecinales.<\/p>\n<p>En este ejercicio tambi\u00e9n participaron integrantes del Gabinete municipal, quienes atendieron personalmente cada una de las peticiones.<\/p>\n<p>Desde la primera administraci\u00f3n de Uri\u00f3stegui Salgado, el Ayuntamiento de Cuernavaca ha priorizado la participaci\u00f3n ciudadana en la toma de decisiones, consolidando el Cabildo Abierto como un ejercicio mensual que se celebra el \u00faltimo viernes de cada mes, con el objetivo de fortalecer la gobernanza, la transparencia y el trabajo conjunto entre ciudadan\u00eda y autoridades.<\/p>\n\n\t\t<style type=\"text\/css\">\n\t\t\t#gallery-1 {\n\t\t\t\tmargin: auto;\n\t\t\t}\n\t\t\t#gallery-1 .gallery-item {\n\t\t\t\tfloat: left;\n\t\t\t\tmargin-top: 10px;\n\t\t\t\ttext-align: center;\n\t\t\t\twidth: 33%;\n\t\t\t}\n\t\t\t#gallery-1 img {\n\t\t\t\tborder: 2px solid #cfcfcf;\n\t\t\t}\n\t\t\t#gallery-1 .gallery-caption {\n\t\t\t\tmargin-left: 0;\n\t\t\t}\n\t\t\t\/* see gallery_shortcode() in wp-includes\/media.php *\/\n\t\t<\/style>\n\t\t<div id='gallery-1' class='gallery galleryid-50472 gallery-columns-3 gallery-size-thumbnail'><dl class='gallery-item'>\n\t\t\t<dt class='gallery-icon landscape'>\n\t\t\t\t<a href='https:\/\/cuernavaca.gob.mx\/?attachment_id=50473'><img width=\"150\" height=\"150\" src=\"https:\/\/cuernavaca.gob.mx\/wp-content\/uploads\/2025\/06\/CABILDO-ABIERTO-SE-CONSOLIDA-COMO-ESPACIO-DE-DIA\u0301LOGO-Y-SOLUCIO\u0301N-EN-CUERNAVACA-1-150x150.jpg\" class=\"attachment-thumbnail size-thumbnail\" alt=\"\" loading=\"lazy\" \/><\/a>\n\t\t\t<\/dt><\/dl><dl class='gallery-item'>\n\t\t\t<dt class='gallery-icon landscape'>\n\t\t\t\t<a href='https:\/\/cuernavaca.gob.mx\/?attachment_id=50474'><img width=\"150\" height=\"150\" src=\"https:\/\/cuernavaca.gob.mx\/wp-content\/uploads\/2025\/06\/CABILDO-ABIERTO-SE-CONSOLIDA-COMO-ESPACIO-DE-DIA\u0301LOGO-Y-SOLUCIO\u0301N-EN-CUERNAVACA-2-150x150.jpg\" class=\"attachment-thumbnail size-thumbnail\" alt=\"\" loading=\"lazy\" \/><\/a>\n\t\t\t<\/dt><\/dl><dl class='gallery-item'>\n\t\t\t<dt class='gallery-icon landscape'>\n\t\t\t\t<a href='https:\/\/cuernavaca.gob.mx\/?attachment_id=50475'><img width=\"150\" height=\"150\" src=\"https:\/\/cuernavaca.gob.mx\/wp-content\/uploads\/2025\/06\/CABILDO-ABIERTO-SE-CONSOLIDA-COMO-ESPACIO-DE-DIA\u0301LOGO-Y-SOLUCIO\u0301N-EN-CUERNAVACA-3-150x150.jpg\" class=\"attachment-thumbnail size-thumbnail\" alt=\"\" loading=\"lazy\" \/><\/a>\n\t\t\t<\/dt><\/dl><br style=\"clear: both\" \/><dl class='gallery-item'>\n\t\t\t<dt class='gallery-icon landscape'>\n\t\t\t\t<a href='https:\/\/cuernavaca.gob.mx\/?attachment_id=50476'><img width=\"150\" height=\"150\" src=\"https:\/\/cuernavaca.gob.mx\/wp-content\/uploads\/2025\/06\/CABILDO-ABIERTO-SE-CONSOLIDA-COMO-ESPACIO-DE-DIA\u0301LOGO-Y-SOLUCIO\u0301N-EN-CUERNAVACA-4-150x150.jpg\" class=\"attachment-thumbnail size-thumbnail\" alt=\"\" loading=\"lazy\" \/><\/a>\n\t\t\t<\/dt><\/dl><dl class='gallery-item'>\n\t\t\t<dt class='gallery-icon landscape'>\n\t\t\t\t<a href='https:\/\/cuernavaca.gob.mx\/?attachment_id=50477'><img width=\"150\" height=\"150\" src=\"https:\/\/cuernavaca.gob.mx\/wp-content\/uploads\/2025\/06\/CABILDO-ABIERTO-SE-CONSOLIDA-COMO-ESPACIO-DE-DIA\u0301LOGO-Y-SOLUCIO\u0301N-EN-CUERNAVACA-5-150x150.jpg\" class=\"attachment-thumbnail size-thumbnail\" alt=\"\" loading=\"lazy\" \/><\/a>\n\t\t\t<\/dt><\/dl><dl class='gallery-item'>\n\t\t\t<dt class='gallery-icon landscape'>\n\t\t\t\t<a href='https:\/\/cuernavaca.gob.mx\/?attachment_id=50478'><img width=\"150\" height=\"150\" src=\"https:\/\/cuernavaca.gob.mx\/wp-content\/uploads\/2025\/06\/CABILDO-ABIERTO-SE-CONSOLIDA-COMO-ESPACIO-DE-DIA\u0301LOGO-Y-SOLUCIO\u0301N-EN-CUERNAVACA-6-150x150.jpg\" class=\"attachment-thumbnail size-thumbnail\" alt=\"\" loading=\"lazy\" \/><\/a>\n\t\t\t<\/dt><\/dl><br style=\"clear: both\" \/><dl class='gallery-item'>\n\t\t\t<dt class='gallery-icon landscape'>\n\t\t\t\t<a href='https:\/\/cuernavaca.gob.mx\/?attachment_id=50479'><img width=\"150\" height=\"150\" src=\"https:\/\/cuernavaca.gob.mx\/wp-content\/uploads\/2025\/06\/CABILDO-ABIERTO-SE-CONSOLIDA-COMO-ESPACIO-DE-DIA\u0301LOGO-Y-SOLUCIO\u0301N-EN-CUERNAVACA-7-150x150.jpg\" class=\"attachment-thumbnail size-thumbnail\" alt=\"\" loading=\"lazy\" \/><\/a>\n\t\t\t<\/dt><\/dl>\n\t\t\t<br style='clear: both' \/>\n\t\t<\/div>\n\n","protected":false},"excerpt":{"rendered":"<p>\u2022 Cada mes, m\u00e1s ciudadanas y ciudadanos encuentran eco a sus propuestas en este ejercicio de gobernanza liderado por el Cabildo del Ayuntamiento de Cuernavaca, presidido por Jos\u00e9 Luis Uri\u00f3stegui Salgado Con una nutrida participaci\u00f3n ciudadana, el Ayuntamiento de Cuernavaca llev\u00f3 a cabo con \u00e9xito la sesi\u00f3n de Cabildo Abierto encabezada por el alcalde Jos\u00e9 [&hellip;]<\/p>\n","protected":false},"author":1,"featured_media":50480,"comment_status":"closed","ping_status":"open","sticky":false,"template":"","format":"standard","meta":[],"categories":[3047],"tags":[158,875,988,121,288,1929,120,206,1264,3853],"aioseo_notices":[],"_links":{"self":[{"href":"https:\/\/cuernavaca.gob.mx\/index.php?rest_route=\/wp\/v2\/posts\/50472"}],"collection":[{"href":"https:\/\/cuernavaca.gob.mx\/index.php?rest_route=\/wp\/v2\/posts"}],"about":[{"href":"https:\/\/cuernavaca.gob.mx\/index.php?rest_route=\/wp\/v2\/types\/post"}],"author":[{"embeddable":true,"href":"https:\/\/cuernavaca.gob.mx\/index.php?rest_route=\/wp\/v2\/users\/1"}],"replies":[{"embeddable":true,"href":"https:\/\/cuernavaca.gob.mx\/index.php?rest_route=%2Fwp%2Fv2%2Fcomments&post=50472"}],"version-history":[{"count":1,"href":"https:\/\/cuernavaca.gob.mx\/index.php?rest_route=\/wp\/v2\/posts\/50472\/revisions"}],"predecessor-version":[{"id":50481,"href":"https:\/\/cuernavaca.gob.mx\/index.php?rest_route=\/wp\/v2\/posts\/50472\/revisions\/50481"}],"wp:featuredmedia":[{"embeddable":true,"href":"https:\/\/cuernavaca.gob.mx\/index.php?rest_route=\/wp\/v2\/media\/50480"}],"wp:attachment":[{"href":"https:\/\/cuernavaca.gob.mx\/index.php?rest_route=%2Fwp%2Fv2%2Fmedia&parent=50472"}],"wp:term":[{"taxonomy":"category","embeddable":true,"href":"https:\/\/cuernavaca.gob.mx\/index.php?rest_route=%2Fwp%2Fv2%2Fcategories&post=50472"},{"taxonomy":"post_tag","embeddable":true,"href":"https:\/\/cuernavaca.gob.mx\/index.php?rest_route=%2Fwp%2Fv2%2Ftags&post=50472"}],"curies":[{"name":"wp","href":"https:\/\/api.w.org\/{rel}","templated":true}]}}