{"id":50506,"date":"2025-06-03T11:04:24","date_gmt":"2025-06-03T17:04:24","guid":{"rendered":"https:\/\/cuernavaca.gob.mx\/?p=50506"},"modified":"2025-06-03T11:04:24","modified_gmt":"2025-06-03T17:04:24","slug":"b284-03-06-25-supervisa-jose-luis-uriostegui-obra-estrategica-para-sanear-aguas-en-acapantzingo","status":"publish","type":"post","link":"https:\/\/cuernavaca.gob.mx\/?p=50506","title":{"rendered":"B284 03\/06\/25 SUPERVISA JOS\u00c9 LUIS URI\u00d3STEGUI OBRA ESTRAT\u00c9GICA PARA SANEAR AGUAS EN ACAPANTZINGO"},"content":{"rendered":"<p><strong>\u2022 Con una inversi\u00f3n tripartita de 14 millones de pesos entre el Gobierno Federal, el Estado y el Municipio, Cuernavaca avanza en infraestructura sanitaria con la rehabilitaci\u00f3n del colector marginal y c\u00e1rcamo de bombeo en Acapantzingo<\/strong><\/p>\n<p>El presidente municipal de Cuernavaca, Jos\u00e9 Luis Uri\u00f3stegui Salgado, encabez\u00f3 un recorrido de supervisi\u00f3n en la obra de rehabilitaci\u00f3n del colector marginal y c\u00e1rcamo de bombeo en el poblado de Acapantzingo, una intervenci\u00f3n estrat\u00e9gica que canalizar\u00e1 el agua del drenaje sanitario hacia la Planta de Tratamiento de Aguas Residuales (PTAR) ubicada en la comunidad, con el objetivo de reducir la contaminaci\u00f3n del r\u00edo Apatlaco.<\/p>\n<p>La obra cuenta con una inversi\u00f3n tripartita aproximada de 14 millones de pesos, aportada por el Gobierno Federal, a trav\u00e9s de la Comisi\u00f3n Nacional del Agua (Conagua); el Gobierno del Estado, mediante la Comisi\u00f3n Estatal del Agua (Ceagua); y el Ayuntamiento de Cuernavaca, en coordinaci\u00f3n con el Sistema de Agua Potable y Alcantarillado de Cuernavaca (Sapac).<\/p>\n<p>Durante el recorrido, Uri\u00f3stegui Salgado estuvo acompa\u00f1ado por la titular de Conagua Cuenca Balsas, Esther Mart\u00ednez Bahena; autoridades de la Ceagua; el director general de Sapac, Arnoldo Heredia Romero; y el secretario de Desarrollo Urbano y Obras P\u00fablicas de Cuernavaca, Demetrio Chavira de la Torre.<\/p>\n<p>El alcalde destac\u00f3 que, aunque Cuernavaca a\u00fan no cuenta con un sistema integral de drenaje sanitario, se est\u00e1n desarrollando redes de drenaje sanitario y pluvial con el objetivo de evitar que el agua siga escurriendo de forma natural hacia las barrancas, lo que representa un avance ambiental y social sin precedentes para la capital morelense. Estas acciones se suman a las obras priorizadas desde su primera administraci\u00f3n para mejorar el servicio de distribuci\u00f3n de agua potable en los hogares.<\/p>\n<p>Esta obra incluye tecnolog\u00eda de \u00faltima generaci\u00f3n y permitir\u00e1 que el agua tratada sea reutilizada incluso en los ejidos del poblado de Acapantzingo, beneficiando, tanto al medio ambiente como a la productividad local.<\/p>\n\n\t\t<style type=\"text\/css\">\n\t\t\t#gallery-1 {\n\t\t\t\tmargin: auto;\n\t\t\t}\n\t\t\t#gallery-1 .gallery-item {\n\t\t\t\tfloat: left;\n\t\t\t\tmargin-top: 10px;\n\t\t\t\ttext-align: center;\n\t\t\t\twidth: 33%;\n\t\t\t}\n\t\t\t#gallery-1 img {\n\t\t\t\tborder: 2px solid #cfcfcf;\n\t\t\t}\n\t\t\t#gallery-1 .gallery-caption {\n\t\t\t\tmargin-left: 0;\n\t\t\t}\n\t\t\t\/* see gallery_shortcode() in wp-includes\/media.php *\/\n\t\t<\/style>\n\t\t<div id='gallery-1' class='gallery galleryid-50506 gallery-columns-3 gallery-size-thumbnail'><dl class='gallery-item'>\n\t\t\t<dt class='gallery-icon landscape'>\n\t\t\t\t<a href='https:\/\/cuernavaca.gob.mx\/?attachment_id=50507'><img width=\"150\" height=\"150\" src=\"https:\/\/cuernavaca.gob.mx\/wp-content\/uploads\/2025\/06\/SUPERVISA-JOSE\u0301-LUIS-URIO\u0301STEGUI-OBRA-ESTRATE\u0301GICA-PARA-SANEAR-AGUAS-EN-ACAPANTZINGO-1-150x150.jpg\" class=\"attachment-thumbnail size-thumbnail\" alt=\"\" loading=\"lazy\" \/><\/a>\n\t\t\t<\/dt><\/dl><dl class='gallery-item'>\n\t\t\t<dt class='gallery-icon landscape'>\n\t\t\t\t<a href='https:\/\/cuernavaca.gob.mx\/?attachment_id=50508'><img width=\"150\" height=\"150\" src=\"https:\/\/cuernavaca.gob.mx\/wp-content\/uploads\/2025\/06\/SUPERVISA-JOSE\u0301-LUIS-URIO\u0301STEGUI-OBRA-ESTRATE\u0301GICA-PARA-SANEAR-AGUAS-EN-ACAPANTZINGO-2-150x150.jpg\" class=\"attachment-thumbnail size-thumbnail\" alt=\"\" loading=\"lazy\" \/><\/a>\n\t\t\t<\/dt><\/dl><dl class='gallery-item'>\n\t\t\t<dt class='gallery-icon landscape'>\n\t\t\t\t<a href='https:\/\/cuernavaca.gob.mx\/?attachment_id=50509'><img width=\"150\" height=\"150\" src=\"https:\/\/cuernavaca.gob.mx\/wp-content\/uploads\/2025\/06\/SUPERVISA-JOSE\u0301-LUIS-URIO\u0301STEGUI-OBRA-ESTRATE\u0301GICA-PARA-SANEAR-AGUAS-EN-ACAPANTZINGO-3-150x150.jpg\" class=\"attachment-thumbnail size-thumbnail\" alt=\"\" loading=\"lazy\" \/><\/a>\n\t\t\t<\/dt><\/dl><br style=\"clear: both\" \/><dl class='gallery-item'>\n\t\t\t<dt class='gallery-icon landscape'>\n\t\t\t\t<a href='https:\/\/cuernavaca.gob.mx\/?attachment_id=50510'><img width=\"150\" height=\"150\" src=\"https:\/\/cuernavaca.gob.mx\/wp-content\/uploads\/2025\/06\/SUPERVISA-JOSE\u0301-LUIS-URIO\u0301STEGUI-OBRA-ESTRATE\u0301GICA-PARA-SANEAR-AGUAS-EN-ACAPANTZINGO-4-150x150.jpg\" class=\"attachment-thumbnail size-thumbnail\" alt=\"\" loading=\"lazy\" \/><\/a>\n\t\t\t<\/dt><\/dl><dl class='gallery-item'>\n\t\t\t<dt class='gallery-icon landscape'>\n\t\t\t\t<a href='https:\/\/cuernavaca.gob.mx\/?attachment_id=50511'><img width=\"150\" height=\"150\" src=\"https:\/\/cuernavaca.gob.mx\/wp-content\/uploads\/2025\/06\/SUPERVISA-JOSE\u0301-LUIS-URIO\u0301STEGUI-OBRA-ESTRATE\u0301GICA-PARA-SANEAR-AGUAS-EN-ACAPANTZINGO-6-150x150.jpg\" class=\"attachment-thumbnail size-thumbnail\" alt=\"\" loading=\"lazy\" \/><\/a>\n\t\t\t<\/dt><\/dl>\n\t\t\t<br style='clear: both' \/>\n\t\t<\/div>\n\n","protected":false},"excerpt":{"rendered":"<p>\u2022 Con una inversi\u00f3n tripartita de 14 millones de pesos entre el Gobierno Federal, el Estado y el Municipio, Cuernavaca avanza en infraestructura sanitaria con la rehabilitaci\u00f3n del colector marginal y c\u00e1rcamo de bombeo en Acapantzingo El presidente municipal de Cuernavaca, Jos\u00e9 Luis Uri\u00f3stegui Salgado, encabez\u00f3 un recorrido de supervisi\u00f3n en la obra de rehabilitaci\u00f3n [&hellip;]<\/p>\n","protected":false},"author":1,"featured_media":50510,"comment_status":"closed","ping_status":"open","sticky":false,"template":"","format":"standard","meta":[],"categories":[145],"tags":[395,615,121,652,120,422,4125,127],"aioseo_notices":[],"_links":{"self":[{"href":"https:\/\/cuernavaca.gob.mx\/index.php?rest_route=\/wp\/v2\/posts\/50506"}],"collection":[{"href":"https:\/\/cuernavaca.gob.mx\/index.php?rest_route=\/wp\/v2\/posts"}],"about":[{"href":"https:\/\/cuernavaca.gob.mx\/index.php?rest_route=\/wp\/v2\/types\/post"}],"author":[{"embeddable":true,"href":"https:\/\/cuernavaca.gob.mx\/index.php?rest_route=\/wp\/v2\/users\/1"}],"replies":[{"embeddable":true,"href":"https:\/\/cuernavaca.gob.mx\/index.php?rest_route=%2Fwp%2Fv2%2Fcomments&post=50506"}],"version-history":[{"count":1,"href":"https:\/\/cuernavaca.gob.mx\/index.php?rest_route=\/wp\/v2\/posts\/50506\/revisions"}],"predecessor-version":[{"id":50512,"href":"https:\/\/cuernavaca.gob.mx\/index.php?rest_route=\/wp\/v2\/posts\/50506\/revisions\/50512"}],"wp:featuredmedia":[{"embeddable":true,"href":"https:\/\/cuernavaca.gob.mx\/index.php?rest_route=\/wp\/v2\/media\/50510"}],"wp:attachment":[{"href":"https:\/\/cuernavaca.gob.mx\/index.php?rest_route=%2Fwp%2Fv2%2Fmedia&parent=50506"}],"wp:term":[{"taxonomy":"category","embeddable":true,"href":"https:\/\/cuernavaca.gob.mx\/index.php?rest_route=%2Fwp%2Fv2%2Fcategories&post=50506"},{"taxonomy":"post_tag","embeddable":true,"href":"https:\/\/cuernavaca.gob.mx\/index.php?rest_route=%2Fwp%2Fv2%2Ftags&post=50506"}],"curies":[{"name":"wp","href":"https:\/\/api.w.org\/{rel}","templated":true}]}}