{"id":50527,"date":"2025-06-04T15:00:52","date_gmt":"2025-06-04T21:00:52","guid":{"rendered":"https:\/\/cuernavaca.gob.mx\/?p=50527"},"modified":"2025-06-04T15:04:25","modified_gmt":"2025-06-04T21:04:25","slug":"f36-04-06-25-cabildo-de-cuernavaca-avanza-en-temas-de-interes-ciudadano","status":"publish","type":"post","link":"https:\/\/cuernavaca.gob.mx\/?p=50527","title":{"rendered":"F36 04\/06\/25 CABILDO DE CUERNAVACA AVANZA EN TEMAS DE INTER\u00c9S CIUDADANO"},"content":{"rendered":"<p>Encabezada por la s\u00edndica municipal, Paula Trade Hidalgo, este mi\u00e9rcoles se llev\u00f3 a cabo la sesi\u00f3n ordinaria de Cabildo del Ayuntamiento de Cuernavaca, en la que se abordaron temas relevantes para la vida p\u00fablica de la ciudad, especialmente en materia de impuestos y derechos municipales.<\/p>\n<p>La sesi\u00f3n tuvo lugar en el Sal\u00f3n Presidentes del Museo de la Ciudad de Cuernavaca (MuCiC), donde se desarroll\u00f3 con orden, civilidad y compromiso institucional, reafirmando el trabajo conjunto de las y los integrantes del cuerpo edilicio para continuar atendiendo las necesidades de la poblaci\u00f3n y fortalecer la vida democr\u00e1tica del municipio.<\/p>\n<p>Durante la sesi\u00f3n, se record\u00f3 que el Cabildo autoriz\u00f3 previamente al alcalde Jos\u00e9 Luis Uri\u00f3stegui Salgado a realizar un viaje oficial a Bogot\u00e1, Colombia, donde recibi\u00f3 la Orden del Congreso de Colombia en el Grado de Caballero. Esta distinci\u00f3n internacional reconoce su trayectoria como servidor p\u00fablico, liderazgo comunitario y firme compromiso con la democracia, la libertad y los derechos humanos.<\/p>\n\n\t\t<style type=\"text\/css\">\n\t\t\t#gallery-1 {\n\t\t\t\tmargin: auto;\n\t\t\t}\n\t\t\t#gallery-1 .gallery-item {\n\t\t\t\tfloat: left;\n\t\t\t\tmargin-top: 10px;\n\t\t\t\ttext-align: center;\n\t\t\t\twidth: 33%;\n\t\t\t}\n\t\t\t#gallery-1 img {\n\t\t\t\tborder: 2px solid #cfcfcf;\n\t\t\t}\n\t\t\t#gallery-1 .gallery-caption {\n\t\t\t\tmargin-left: 0;\n\t\t\t}\n\t\t\t\/* see gallery_shortcode() in wp-includes\/media.php *\/\n\t\t<\/style>\n\t\t<div id='gallery-1' class='gallery galleryid-50527 gallery-columns-3 gallery-size-thumbnail'><dl class='gallery-item'>\n\t\t\t<dt class='gallery-icon landscape'>\n\t\t\t\t<a href='https:\/\/cuernavaca.gob.mx\/?attachment_id=50528'><img width=\"150\" height=\"150\" src=\"https:\/\/cuernavaca.gob.mx\/wp-content\/uploads\/2025\/06\/CABILDO-DE-CUERNAVACA-AVANZA-EN-TEMAS-DE-INTERE\u0301S-CIUDADANO-1-150x150.jpg\" class=\"attachment-thumbnail size-thumbnail\" alt=\"\" loading=\"lazy\" \/><\/a>\n\t\t\t<\/dt><\/dl><dl class='gallery-item'>\n\t\t\t<dt class='gallery-icon landscape'>\n\t\t\t\t<a href='https:\/\/cuernavaca.gob.mx\/?attachment_id=50529'><img width=\"150\" height=\"150\" src=\"https:\/\/cuernavaca.gob.mx\/wp-content\/uploads\/2025\/06\/CABILDO-DE-CUERNAVACA-AVANZA-EN-TEMAS-DE-INTERE\u0301S-CIUDADANO-2-150x150.jpg\" class=\"attachment-thumbnail size-thumbnail\" alt=\"\" loading=\"lazy\" \/><\/a>\n\t\t\t<\/dt><\/dl><dl class='gallery-item'>\n\t\t\t<dt class='gallery-icon landscape'>\n\t\t\t\t<a href='https:\/\/cuernavaca.gob.mx\/?attachment_id=50530'><img width=\"150\" height=\"150\" src=\"https:\/\/cuernavaca.gob.mx\/wp-content\/uploads\/2025\/06\/CABILDO-DE-CUERNAVACA-AVANZA-EN-TEMAS-DE-INTERE\u0301S-CIUDADANO-3-150x150.jpg\" class=\"attachment-thumbnail size-thumbnail\" alt=\"\" loading=\"lazy\" \/><\/a>\n\t\t\t<\/dt><\/dl><br style=\"clear: both\" \/>\n\t\t<\/div>\n\n","protected":false},"excerpt":{"rendered":"<p>Encabezada por la s\u00edndica municipal, Paula Trade Hidalgo, este mi\u00e9rcoles se llev\u00f3 a cabo la sesi\u00f3n ordinaria de Cabildo del Ayuntamiento de Cuernavaca, en la que se abordaron temas relevantes para la vida p\u00fablica de la ciudad, especialmente en materia de impuestos y derechos municipales. La sesi\u00f3n tuvo lugar en el Sal\u00f3n Presidentes del Museo [&hellip;]<\/p>\n","protected":false},"author":1,"featured_media":50530,"comment_status":"closed","ping_status":"open","sticky":false,"template":"","format":"standard","meta":[],"categories":[3047],"tags":[158,121,3251,4127,206,4065,127],"aioseo_notices":[],"_links":{"self":[{"href":"https:\/\/cuernavaca.gob.mx\/index.php?rest_route=\/wp\/v2\/posts\/50527"}],"collection":[{"href":"https:\/\/cuernavaca.gob.mx\/index.php?rest_route=\/wp\/v2\/posts"}],"about":[{"href":"https:\/\/cuernavaca.gob.mx\/index.php?rest_route=\/wp\/v2\/types\/post"}],"author":[{"embeddable":true,"href":"https:\/\/cuernavaca.gob.mx\/index.php?rest_route=\/wp\/v2\/users\/1"}],"replies":[{"embeddable":true,"href":"https:\/\/cuernavaca.gob.mx\/index.php?rest_route=%2Fwp%2Fv2%2Fcomments&post=50527"}],"version-history":[{"count":1,"href":"https:\/\/cuernavaca.gob.mx\/index.php?rest_route=\/wp\/v2\/posts\/50527\/revisions"}],"predecessor-version":[{"id":50531,"href":"https:\/\/cuernavaca.gob.mx\/index.php?rest_route=\/wp\/v2\/posts\/50527\/revisions\/50531"}],"wp:featuredmedia":[{"embeddable":true,"href":"https:\/\/cuernavaca.gob.mx\/index.php?rest_route=\/wp\/v2\/media\/50530"}],"wp:attachment":[{"href":"https:\/\/cuernavaca.gob.mx\/index.php?rest_route=%2Fwp%2Fv2%2Fmedia&parent=50527"}],"wp:term":[{"taxonomy":"category","embeddable":true,"href":"https:\/\/cuernavaca.gob.mx\/index.php?rest_route=%2Fwp%2Fv2%2Fcategories&post=50527"},{"taxonomy":"post_tag","embeddable":true,"href":"https:\/\/cuernavaca.gob.mx\/index.php?rest_route=%2Fwp%2Fv2%2Ftags&post=50527"}],"curies":[{"name":"wp","href":"https:\/\/api.w.org\/{rel}","templated":true}]}}