{"id":50532,"date":"2025-06-04T13:00:33","date_gmt":"2025-06-04T19:00:33","guid":{"rendered":"https:\/\/cuernavaca.gob.mx\/?p=50532"},"modified":"2025-06-04T15:23:32","modified_gmt":"2025-06-04T21:23:32","slug":"b287-05-06-25-cuernavaca-avanza-en-la-construccion-de-planta-tratadora-en-la-union","status":"publish","type":"post","link":"https:\/\/cuernavaca.gob.mx\/?p=50532","title":{"rendered":"B287 05\/06\/25 CUERNAVACA AVANZA EN LA CONSTRUCCI\u00d3N DE PLANTA TRATADORA EN LA UNI\u00d3N"},"content":{"rendered":"<p>\u2022<strong> Como parte del programa Proagua 2024, esta nueva infraestructura marca un avance hist\u00f3rico en la cobertura de servicios b\u00e1sicos para comunidades con rezago<\/strong><\/p>\n<p>En cumplimiento a las instrucciones del presidente municipal de Cuernavaca, Jos\u00e9 Luis Uri\u00f3stegui Salgado, de fortalecer la infraestructura hidr\u00e1ulica y brindar soluciones sustentables a las comunidades, el Sistema de Agua Potable y Alcantarillado de Cuernavaca (Sapac) informa que, mediante el Programa de Agua Potable, Drenaje y Tratamiento (Proagua) ejercicio fiscal 2024, se concret\u00f3 la construcci\u00f3n del primer m\u00f3dulo de la Planta de Tratamiento de Aguas Residuales (PTAR), en la localidad de La Uni\u00f3n, con una capacidad de 4.0 litros por segundo.<\/p>\n<p>Esta obra forma parte de los compromisos del gobierno municipal para garantizar el saneamiento del agua y promover el desarrollo sostenible en zonas con rezago, beneficiando a m\u00e1s de dos mil habitantes de Cuernavaca. El proyecto tuvo una inversi\u00f3n total de nueve millones 283 mil 220.81 pesos, con el siguiente esquema de financiamiento: aportaci\u00f3n federal de cuatro millones 246 mil 509.43 pesos y aportaci\u00f3n estatal de cinco millones 036 mil 711.38 pesos.<\/p>\n<p>Por su parte, la participaci\u00f3n del municipio consisti\u00f3 en otorgar los permisos necesarios para la construcci\u00f3n, entre ellos, la licencia de construcci\u00f3n gestionada por Sapac y expedida por la Secretar\u00eda de Desarrollo Urbano y Obras P\u00fablicas. Asimismo, se realiz\u00f3 la gesti\u00f3n ante el Comisariado Ejidal de San Ant\u00f3n, que permiti\u00f3 la donaci\u00f3n del terreno a trav\u00e9s de una asamblea ejidal formal.<\/p>\n<p>Cabe destacar que, la obra incluy\u00f3 la construcci\u00f3n de estructuras de pretratamiento, reactor aerobio, filtro anaerobio, humedales, lecho de secado, c\u00e1rcamo de lixiviados, tanque de cloraci\u00f3n, canal Parshall, caseta de control, ba\u00f1o, barda perimetral, tuber\u00eda para complementar el emisor, estructura de descarga pluvial, pozos de visita, y el sistema fotovoltaico aut\u00f3nomo.<\/p>\n<p>La planta viene a complementar la primera y segunda etapa de alcantarillado sanitario ejecutadas en la zona durante la primera administraci\u00f3n de Uri\u00f3stegui Salgado, en los a\u00f1os 2022 y 2023.<\/p>\n\n\t\t<style type=\"text\/css\">\n\t\t\t#gallery-1 {\n\t\t\t\tmargin: auto;\n\t\t\t}\n\t\t\t#gallery-1 .gallery-item {\n\t\t\t\tfloat: left;\n\t\t\t\tmargin-top: 10px;\n\t\t\t\ttext-align: center;\n\t\t\t\twidth: 33%;\n\t\t\t}\n\t\t\t#gallery-1 img {\n\t\t\t\tborder: 2px solid #cfcfcf;\n\t\t\t}\n\t\t\t#gallery-1 .gallery-caption {\n\t\t\t\tmargin-left: 0;\n\t\t\t}\n\t\t\t\/* see gallery_shortcode() in wp-includes\/media.php *\/\n\t\t<\/style>\n\t\t<div id='gallery-1' class='gallery galleryid-50532 gallery-columns-3 gallery-size-thumbnail'><dl class='gallery-item'>\n\t\t\t<dt class='gallery-icon landscape'>\n\t\t\t\t<a href='https:\/\/cuernavaca.gob.mx\/?attachment_id=50533'><img width=\"150\" height=\"150\" src=\"https:\/\/cuernavaca.gob.mx\/wp-content\/uploads\/2025\/06\/CUERNAVACA-AVANZA-EN-LA-CONSTRUCCIO\u0301N-DE-PLANTA-TRATADORA-EN-LA-UNIO\u0301N-1-150x150.jpg\" class=\"attachment-thumbnail size-thumbnail\" alt=\"\" loading=\"lazy\" \/><\/a>\n\t\t\t<\/dt><\/dl><dl class='gallery-item'>\n\t\t\t<dt class='gallery-icon portrait'>\n\t\t\t\t<a href='https:\/\/cuernavaca.gob.mx\/?attachment_id=50534'><img width=\"150\" height=\"150\" src=\"https:\/\/cuernavaca.gob.mx\/wp-content\/uploads\/2025\/06\/CUERNAVACA-AVANZA-EN-LA-CONSTRUCCIO\u0301N-DE-PLANTA-TRATADORA-EN-LA-UNIO\u0301N-2-150x150.jpg\" class=\"attachment-thumbnail size-thumbnail\" alt=\"\" loading=\"lazy\" \/><\/a>\n\t\t\t<\/dt><\/dl><dl class='gallery-item'>\n\t\t\t<dt class='gallery-icon portrait'>\n\t\t\t\t<a href='https:\/\/cuernavaca.gob.mx\/?attachment_id=50535'><img width=\"150\" height=\"150\" src=\"https:\/\/cuernavaca.gob.mx\/wp-content\/uploads\/2025\/06\/CUERNAVACA-AVANZA-EN-LA-CONSTRUCCIO\u0301N-DE-PLANTA-TRATADORA-EN-LA-UNIO\u0301N-3-150x150.jpg\" class=\"attachment-thumbnail size-thumbnail\" alt=\"\" loading=\"lazy\" \/><\/a>\n\t\t\t<\/dt><\/dl><br style=\"clear: both\" \/><dl class='gallery-item'>\n\t\t\t<dt class='gallery-icon landscape'>\n\t\t\t\t<a href='https:\/\/cuernavaca.gob.mx\/?attachment_id=50536'><img width=\"150\" height=\"150\" src=\"https:\/\/cuernavaca.gob.mx\/wp-content\/uploads\/2025\/06\/CUERNAVACA-AVANZA-EN-LA-CONSTRUCCIO\u0301N-DE-PLANTA-TRATADORA-EN-LA-UNIO\u0301N-4-150x150.jpg\" class=\"attachment-thumbnail size-thumbnail\" alt=\"\" loading=\"lazy\" \/><\/a>\n\t\t\t<\/dt><\/dl><dl class='gallery-item'>\n\t\t\t<dt class='gallery-icon landscape'>\n\t\t\t\t<a href='https:\/\/cuernavaca.gob.mx\/?attachment_id=50537'><img width=\"150\" height=\"150\" src=\"https:\/\/cuernavaca.gob.mx\/wp-content\/uploads\/2025\/06\/CUERNAVACA-AVANZA-EN-LA-CONSTRUCCIO\u0301N-DE-PLANTA-TRATADORA-EN-LA-UNIO\u0301N-5-150x150.jpg\" class=\"attachment-thumbnail size-thumbnail\" alt=\"\" loading=\"lazy\" \/><\/a>\n\t\t\t<\/dt><\/dl><dl class='gallery-item'>\n\t\t\t<dt class='gallery-icon landscape'>\n\t\t\t\t<a href='https:\/\/cuernavaca.gob.mx\/?attachment_id=50538'><img width=\"150\" height=\"150\" src=\"https:\/\/cuernavaca.gob.mx\/wp-content\/uploads\/2025\/06\/CUERNAVACA-AVANZA-EN-LA-CONSTRUCCIO\u0301N-DE-PLANTA-TRATADORA-EN-LA-UNIO\u0301N-6-150x150.jpg\" class=\"attachment-thumbnail size-thumbnail\" alt=\"\" loading=\"lazy\" \/><\/a>\n\t\t\t<\/dt><\/dl><br style=\"clear: both\" \/><dl class='gallery-item'>\n\t\t\t<dt class='gallery-icon portrait'>\n\t\t\t\t<a href='https:\/\/cuernavaca.gob.mx\/?attachment_id=50539'><img width=\"150\" height=\"150\" src=\"https:\/\/cuernavaca.gob.mx\/wp-content\/uploads\/2025\/06\/CUERNAVACA-AVANZA-EN-LA-CONSTRUCCIO\u0301N-DE-PLANTA-TRATADORA-EN-LA-UNIO\u0301N-7-150x150.jpg\" class=\"attachment-thumbnail size-thumbnail\" alt=\"\" loading=\"lazy\" \/><\/a>\n\t\t\t<\/dt><\/dl>\n\t\t\t<br style='clear: both' \/>\n\t\t<\/div>\n\n","protected":false},"excerpt":{"rendered":"<p>\u2022 Como parte del programa Proagua 2024, esta nueva infraestructura marca un avance hist\u00f3rico en la cobertura de servicios b\u00e1sicos para comunidades con rezago En cumplimiento a las instrucciones del presidente municipal de Cuernavaca, Jos\u00e9 Luis Uri\u00f3stegui Salgado, de fortalecer la infraestructura hidr\u00e1ulica y brindar soluciones sustentables a las comunidades, el Sistema de Agua Potable [&hellip;]<\/p>\n","protected":false},"author":1,"featured_media":50536,"comment_status":"closed","ping_status":"open","sticky":false,"template":"","format":"standard","meta":[],"categories":[145],"tags":[395,121,120,422,206,4125,127],"aioseo_notices":[],"_links":{"self":[{"href":"https:\/\/cuernavaca.gob.mx\/index.php?rest_route=\/wp\/v2\/posts\/50532"}],"collection":[{"href":"https:\/\/cuernavaca.gob.mx\/index.php?rest_route=\/wp\/v2\/posts"}],"about":[{"href":"https:\/\/cuernavaca.gob.mx\/index.php?rest_route=\/wp\/v2\/types\/post"}],"author":[{"embeddable":true,"href":"https:\/\/cuernavaca.gob.mx\/index.php?rest_route=\/wp\/v2\/users\/1"}],"replies":[{"embeddable":true,"href":"https:\/\/cuernavaca.gob.mx\/index.php?rest_route=%2Fwp%2Fv2%2Fcomments&post=50532"}],"version-history":[{"count":1,"href":"https:\/\/cuernavaca.gob.mx\/index.php?rest_route=\/wp\/v2\/posts\/50532\/revisions"}],"predecessor-version":[{"id":50540,"href":"https:\/\/cuernavaca.gob.mx\/index.php?rest_route=\/wp\/v2\/posts\/50532\/revisions\/50540"}],"wp:featuredmedia":[{"embeddable":true,"href":"https:\/\/cuernavaca.gob.mx\/index.php?rest_route=\/wp\/v2\/media\/50536"}],"wp:attachment":[{"href":"https:\/\/cuernavaca.gob.mx\/index.php?rest_route=%2Fwp%2Fv2%2Fmedia&parent=50532"}],"wp:term":[{"taxonomy":"category","embeddable":true,"href":"https:\/\/cuernavaca.gob.mx\/index.php?rest_route=%2Fwp%2Fv2%2Fcategories&post=50532"},{"taxonomy":"post_tag","embeddable":true,"href":"https:\/\/cuernavaca.gob.mx\/index.php?rest_route=%2Fwp%2Fv2%2Ftags&post=50532"}],"curies":[{"name":"wp","href":"https:\/\/api.w.org\/{rel}","templated":true}]}}