{"id":50554,"date":"2025-06-05T11:30:20","date_gmt":"2025-06-05T17:30:20","guid":{"rendered":"https:\/\/cuernavaca.gob.mx\/?p=50554"},"modified":"2025-06-05T14:04:38","modified_gmt":"2025-06-05T20:04:38","slug":"b291-05-05-25-arranca-el-consejo-municipal-de-participacion-escolar-con-enfoque-en-areas-clave-de-atencion-en-cuernavaca","status":"publish","type":"post","link":"https:\/\/cuernavaca.gob.mx\/?p=50554","title":{"rendered":"B291 05\/05\/25 ARRANCA EL CONSEJO MUNICIPAL DE PARTICIPACI\u00d3N ESCOLAR CON ENFOQUE EN \u00c1REAS CLAVE DE ATENCI\u00d3N EN CUERNAVACA"},"content":{"rendered":"<p><strong>\u2022 En la primera sesi\u00f3n ordinaria, se integraron los comit\u00e9s de Protecci\u00f3n Civil, Saneamiento B\u00e1sico, y Salud Escolar que impulsar\u00e1n diversas acciones en jardines de ni\u00f1os, primarias y secundarias del municipio<\/strong><\/p>\n<p>Con el compromiso de arrancar a la brevedad los trabajos focalizados en \u00e1reas espec\u00edficas de atenci\u00f3n en jardines de ni\u00f1os, primarias y secundarias p\u00fablicas ubicadas en Cuernavaca, se realiz\u00f3 la Primera Sesi\u00f3n Ordinaria del Consejo Municipal de Participaci\u00f3n Escolar, organizada por el Ayuntamiento de Cuernavaca, mediante la Secretar\u00eda de Desarrollo Humano y Participaci\u00f3n Social (SDHyPS).<\/p>\n<p>Teniendo como punto de reuni\u00f3n la Biblioteca &#8220;Dr. Jos\u00e9 F\u00e9lix Fr\u00edas S\u00e1nchez&#8221;, ubicada en el Parque &#8220;Melchor Ocampo&#8221; del Barrio Gualupita, las y los 13 consejeros integraron los comit\u00e9s de Protecci\u00f3n Civil y Saneamiento B\u00e1sico, y el de Salud Escolar. Los miembros del primer comit\u00e9 mencionado se encargar\u00e1n de capacitar a las comunidades escolares de la ciudad en simulacros de evacuaci\u00f3n, elaborar planes de emergencia para identificar riesgos dentro y alrededor de los planteles, establecer se\u00f1alizaciones, designar puntos de reuni\u00f3n y proponer brigadas de primeros auxilios entre el personal docente.<\/p>\n<p>En cuanto a los integrantes del Comit\u00e9 de Salud Escolar, les corresponder\u00e1 promover el bienestar de las comunidades escolares entre alumnos, madres y padres de familia, as\u00ed como del personal docente, mediante jornadas m\u00e9dicas, aplicaci\u00f3n de vacunas, impartici\u00f3n de pl\u00e1ticas acerca de prevenci\u00f3n de enfermedades, higiene bucal y buen h\u00e1bito alimenticio.<\/p>\n<p>De acuerdo con autoridades de la SDHyPS, la importancia de estos sectores de la sociedad reunidos en el Consejo Municipal de Participaci\u00f3n Escolar es para trabajar por el bien com\u00fan de las comunidades educativas de los niveles preescolar, b\u00e1sico y medio asentadas en Cuernavaca, mediante la gesti\u00f3n de mejoras y capacitaciones constantes, por lo cual dar\u00e1n inicio a su labor en 75 jardines de ni\u00f1os, 101 primarias y 36 secundarias del municipio, mediante las representaciones existentes en el consejo.<\/p>\n<p>Cabe recordar que el Consejo Municipal de Participaci\u00f3n Escolar est\u00e1 integrado por directivos de jardines de ni\u00f1os, primarias y secundarias p\u00fablicas de la ciudad capital; madres y padres de familia de alumnos de \u00e9stas; la Jefatura de Sector N\u00famero 1; la Secretar\u00eda de Desarrollo Sustentable y Servicios P\u00fablicos (SDSySP); Coordinaci\u00f3n de Protecci\u00f3n Civil municipal y el Sistema de Agua Potable y Alcantarillado de Cuernavaca (SAPAC).<\/p>\n\n\t\t<style type=\"text\/css\">\n\t\t\t#gallery-1 {\n\t\t\t\tmargin: auto;\n\t\t\t}\n\t\t\t#gallery-1 .gallery-item {\n\t\t\t\tfloat: left;\n\t\t\t\tmargin-top: 10px;\n\t\t\t\ttext-align: center;\n\t\t\t\twidth: 33%;\n\t\t\t}\n\t\t\t#gallery-1 img {\n\t\t\t\tborder: 2px solid #cfcfcf;\n\t\t\t}\n\t\t\t#gallery-1 .gallery-caption {\n\t\t\t\tmargin-left: 0;\n\t\t\t}\n\t\t\t\/* see gallery_shortcode() in wp-includes\/media.php *\/\n\t\t<\/style>\n\t\t<div id='gallery-1' class='gallery galleryid-50554 gallery-columns-3 gallery-size-thumbnail'><dl class='gallery-item'>\n\t\t\t<dt class='gallery-icon landscape'>\n\t\t\t\t<a href='https:\/\/cuernavaca.gob.mx\/?attachment_id=50555'><img width=\"150\" height=\"150\" src=\"https:\/\/cuernavaca.gob.mx\/wp-content\/uploads\/2025\/06\/ARRANCA-EL-CONSEJO-MUNICIPAL-DE-PARTICIPACIO\u0301N-ESCOLAR-CON-ENFOQUE-EN-A\u0301REAS-CLAVE-DE-ATENCIO\u0301N-EN-CUERNAVACA-2-150x150.jpg\" class=\"attachment-thumbnail size-thumbnail\" alt=\"\" loading=\"lazy\" \/><\/a>\n\t\t\t<\/dt><\/dl><dl class='gallery-item'>\n\t\t\t<dt class='gallery-icon landscape'>\n\t\t\t\t<a href='https:\/\/cuernavaca.gob.mx\/?attachment_id=50556'><img width=\"150\" height=\"150\" src=\"https:\/\/cuernavaca.gob.mx\/wp-content\/uploads\/2025\/06\/ARRANCA-EL-CONSEJO-MUNICIPAL-DE-PARTICIPACIO\u0301N-ESCOLAR-CON-ENFOQUE-EN-A\u0301REAS-CLAVE-DE-ATENCIO\u0301N-EN-CUERNAVACA-3-150x150.jpg\" class=\"attachment-thumbnail size-thumbnail\" alt=\"\" loading=\"lazy\" \/><\/a>\n\t\t\t<\/dt><\/dl><dl class='gallery-item'>\n\t\t\t<dt class='gallery-icon landscape'>\n\t\t\t\t<a href='https:\/\/cuernavaca.gob.mx\/?attachment_id=50557'><img width=\"150\" height=\"150\" src=\"https:\/\/cuernavaca.gob.mx\/wp-content\/uploads\/2025\/06\/ARRANCA-EL-CONSEJO-MUNICIPAL-DE-PARTICIPACIO\u0301N-ESCOLAR-CON-ENFOQUE-EN-A\u0301REAS-CLAVE-DE-ATENCIO\u0301N-EN-CUERNAVACA-1-150x150.jpg\" class=\"attachment-thumbnail size-thumbnail\" alt=\"\" loading=\"lazy\" \/><\/a>\n\t\t\t<\/dt><\/dl><br style=\"clear: both\" \/>\n\t\t<\/div>\n\n","protected":false},"excerpt":{"rendered":"<p>\u2022 En la primera sesi\u00f3n ordinaria, se integraron los comit\u00e9s de Protecci\u00f3n Civil, Saneamiento B\u00e1sico, y Salud Escolar que impulsar\u00e1n diversas acciones en jardines de ni\u00f1os, primarias y secundarias del municipio Con el compromiso de arrancar a la brevedad los trabajos focalizados en \u00e1reas espec\u00edficas de atenci\u00f3n en jardines de ni\u00f1os, primarias y secundarias p\u00fablicas [&hellip;]<\/p>\n","protected":false},"author":1,"featured_media":50556,"comment_status":"closed","ping_status":"open","sticky":false,"template":"","format":"standard","meta":[],"categories":[862],"tags":[966,121,576,1510,120,206,127],"aioseo_notices":[],"_links":{"self":[{"href":"https:\/\/cuernavaca.gob.mx\/index.php?rest_route=\/wp\/v2\/posts\/50554"}],"collection":[{"href":"https:\/\/cuernavaca.gob.mx\/index.php?rest_route=\/wp\/v2\/posts"}],"about":[{"href":"https:\/\/cuernavaca.gob.mx\/index.php?rest_route=\/wp\/v2\/types\/post"}],"author":[{"embeddable":true,"href":"https:\/\/cuernavaca.gob.mx\/index.php?rest_route=\/wp\/v2\/users\/1"}],"replies":[{"embeddable":true,"href":"https:\/\/cuernavaca.gob.mx\/index.php?rest_route=%2Fwp%2Fv2%2Fcomments&post=50554"}],"version-history":[{"count":1,"href":"https:\/\/cuernavaca.gob.mx\/index.php?rest_route=\/wp\/v2\/posts\/50554\/revisions"}],"predecessor-version":[{"id":50558,"href":"https:\/\/cuernavaca.gob.mx\/index.php?rest_route=\/wp\/v2\/posts\/50554\/revisions\/50558"}],"wp:featuredmedia":[{"embeddable":true,"href":"https:\/\/cuernavaca.gob.mx\/index.php?rest_route=\/wp\/v2\/media\/50556"}],"wp:attachment":[{"href":"https:\/\/cuernavaca.gob.mx\/index.php?rest_route=%2Fwp%2Fv2%2Fmedia&parent=50554"}],"wp:term":[{"taxonomy":"category","embeddable":true,"href":"https:\/\/cuernavaca.gob.mx\/index.php?rest_route=%2Fwp%2Fv2%2Fcategories&post=50554"},{"taxonomy":"post_tag","embeddable":true,"href":"https:\/\/cuernavaca.gob.mx\/index.php?rest_route=%2Fwp%2Fv2%2Ftags&post=50554"}],"curies":[{"name":"wp","href":"https:\/\/api.w.org\/{rel}","templated":true}]}}