{"id":50566,"date":"2025-06-06T08:00:36","date_gmt":"2025-06-06T14:00:36","guid":{"rendered":"https:\/\/cuernavaca.gob.mx\/?p=50566"},"modified":"2025-06-06T10:37:12","modified_gmt":"2025-06-06T16:37:12","slug":"b292-06-06-25-cuernavaca-fortalece-su-vocacion-turistica-con-eventos-de-nivel-nacional-e-internacional","status":"publish","type":"post","link":"https:\/\/cuernavaca.gob.mx\/?p=50566","title":{"rendered":"B292 06\/06\/25 CUERNAVACA FORTALECE SU VOCACI\u00d3N TUR\u00cdSTICA CON EVENTOS DE NIVEL NACIONAL E INTERNACIONAL"},"content":{"rendered":"<p><strong>\u2022 Bajo la instrucci\u00f3n del alcalde Jos\u00e9 Luis Uri\u00f3stegui Salgado, Cuernavaca impulsa su desarrollo tur\u00edstico y econ\u00f3mico mediante una serie de eventos que buscan proyectar la belleza, cultura y hospitalidad de la ciudad de la Eterna Primavera<\/strong><\/p>\n<p>Con su clima inigualable, paisajes exuberantes y una rica vida cultural, la ciudad de Cuernavaca se consolida como uno de los destinos tur\u00edsticos m\u00e1s atractivos de M\u00e9xico, gracias a la visi\u00f3n del presidente municipal, Jos\u00e9 Luis Uri\u00f3stegui Salgado, y al impulso de eventos y actividades de proyecci\u00f3n nacional e internacional.<\/p>\n<p>As\u00ed lo dio a conocer el secretario de Desarrollo Econ\u00f3mico y Turismo, Marcos Manuel Su\u00e1rez Gerard, al presentar la cartelera de pr\u00f3ximos eventos que tendr\u00e1n lugar en la ciudad, destacando que esta estrategia busca aprovechar al m\u00e1ximo la cercan\u00eda con la Ciudad de M\u00e9xico y su zona metropolitana, el mercado m\u00e1s grande de Am\u00e9rica Latina, con el objetivo de seguir posicionando a Cuernavaca en el inter\u00e9s de visitantes y turistas.<\/p>\n<p>\u201cEstamos trabajando para que Cuernavaca recupere su lugar como un referente tur\u00edstico, no solo por su belleza natural, su c\u00e1lido clima y su historia, sino tambi\u00e9n por su vida nocturna, su gastronom\u00eda y su capacidad para recibir al turismo de negocios y cultural\u201d, se\u00f1al\u00f3.<\/p>\n<p>Durante este a\u00f1o, la Feria de la Primavera volvi\u00f3 a brillar como un evento emblem\u00e1tico, reafirmando a Cuernavaca como epicentro regional de cultura, tradiciones y esparcimiento, recuperando incluso la riqueza ganadera y agropecuaria de la ciudad. Este esfuerzo continuar\u00e1 con el Festival Cultural de Verano, que llenar\u00e1 de m\u00fasica, danza y actividades art\u00edsticas los espacios p\u00fablicos del territorio, haciendo del arte un bien accesible para todas y todos.<\/p>\n<p>Asimismo, se planea la creaci\u00f3n de la Feria Internacional del Libro \u201cMalcolm Lowry\u201d, una propuesta que nacer\u00e1 en Cuernavaca con la visi\u00f3n de convertirse en un referente literario internacional. Esta feria busca atraer turismo cultural de alto nivel y consolidar a la ciudad como un punto de encuentro para las letras y el pensamiento.<\/p>\n<p>Como parte de esta estrategia integral, Su\u00e1rez Gerard inform\u00f3 que se trabaja estrechamente con el Gobierno del Estado para potenciar estos esfuerzos. Un ejemplo de ello ser\u00e1 la construcci\u00f3n del Centro de Convenciones, con sede en Cuernavaca, que fortalecer\u00e1 el turismo de negocios, fortalecer\u00e1 la infraestructura de servicios y se sumar\u00e1 al ya consolidado turismo de descanso.<\/p>\n<p>En este orden de ideas, se espera que Cuernavaca pueda integrarse a la Red de Ciudades Creativas de la UNESCO en el campo de la gastronom\u00eda, mediante la cual se busca reconocer y proyectar su identidad culinaria, impulsando el desarrollo sostenible y el fortalecimiento de la econom\u00eda local.<\/p>\n<p>Cuernavaca no solo ofrece un entorno privilegiado por la naturaleza y la historia, sino tambi\u00e9n una creciente oferta tur\u00edstica moderna y din\u00e1mica, pensada para todo el p\u00fablico. Esta cartelera de actividades ser\u00e1 posible gracias al trabajo conjunto con el sector empresarial, tur\u00edstico y la sociedad civil organizada, con quienes se busca seguir construyendo un destino digno de admiraci\u00f3n nacional e internacional.<\/p>\n\n\t\t<style type=\"text\/css\">\n\t\t\t#gallery-1 {\n\t\t\t\tmargin: auto;\n\t\t\t}\n\t\t\t#gallery-1 .gallery-item {\n\t\t\t\tfloat: left;\n\t\t\t\tmargin-top: 10px;\n\t\t\t\ttext-align: center;\n\t\t\t\twidth: 33%;\n\t\t\t}\n\t\t\t#gallery-1 img {\n\t\t\t\tborder: 2px solid #cfcfcf;\n\t\t\t}\n\t\t\t#gallery-1 .gallery-caption {\n\t\t\t\tmargin-left: 0;\n\t\t\t}\n\t\t\t\/* see gallery_shortcode() in wp-includes\/media.php *\/\n\t\t<\/style>\n\t\t<div id='gallery-1' class='gallery galleryid-50566 gallery-columns-3 gallery-size-thumbnail'><dl class='gallery-item'>\n\t\t\t<dt class='gallery-icon landscape'>\n\t\t\t\t<a href='https:\/\/cuernavaca.gob.mx\/?attachment_id=50567'><img width=\"150\" height=\"150\" src=\"https:\/\/cuernavaca.gob.mx\/wp-content\/uploads\/2025\/06\/CUERNAVACA-FORTALECE-SU-VOCACIO\u0301N-TURI\u0301STICA-CON-EVENTOS-DE-NIVEL-NACIONAL-E-INTERNACIONAL-1-150x150.jpg\" class=\"attachment-thumbnail size-thumbnail\" alt=\"\" loading=\"lazy\" \/><\/a>\n\t\t\t<\/dt><\/dl><dl class='gallery-item'>\n\t\t\t<dt class='gallery-icon landscape'>\n\t\t\t\t<a href='https:\/\/cuernavaca.gob.mx\/?attachment_id=50568'><img width=\"150\" height=\"150\" src=\"https:\/\/cuernavaca.gob.mx\/wp-content\/uploads\/2025\/06\/CUERNAVACA-FORTALECE-SU-VOCACIO\u0301N-TURI\u0301STICA-CON-EVENTOS-DE-NIVEL-NACIONAL-E-INTERNACIONAL-2-150x150.jpg\" class=\"attachment-thumbnail size-thumbnail\" alt=\"\" loading=\"lazy\" \/><\/a>\n\t\t\t<\/dt><\/dl><dl class='gallery-item'>\n\t\t\t<dt class='gallery-icon landscape'>\n\t\t\t\t<a href='https:\/\/cuernavaca.gob.mx\/?attachment_id=50569'><img width=\"150\" height=\"150\" src=\"https:\/\/cuernavaca.gob.mx\/wp-content\/uploads\/2025\/06\/CUERNAVACA-FORTALECE-SU-VOCACIO\u0301N-TURI\u0301STICA-CON-EVENTOS-DE-NIVEL-NACIONAL-E-INTERNACIONAL-3-150x150.jpg\" class=\"attachment-thumbnail size-thumbnail\" alt=\"\" loading=\"lazy\" \/><\/a>\n\t\t\t<\/dt><\/dl><br style=\"clear: both\" \/><dl class='gallery-item'>\n\t\t\t<dt class='gallery-icon landscape'>\n\t\t\t\t<a href='https:\/\/cuernavaca.gob.mx\/?attachment_id=50570'><img width=\"150\" height=\"150\" src=\"https:\/\/cuernavaca.gob.mx\/wp-content\/uploads\/2025\/06\/CUERNAVACA-FORTALECE-SU-VOCACIO\u0301N-TURI\u0301STICA-CON-EVENTOS-DE-NIVEL-NACIONAL-E-INTERNACIONAL-4-150x150.jpg\" class=\"attachment-thumbnail size-thumbnail\" alt=\"\" loading=\"lazy\" \/><\/a>\n\t\t\t<\/dt><\/dl><dl class='gallery-item'>\n\t\t\t<dt class='gallery-icon landscape'>\n\t\t\t\t<a href='https:\/\/cuernavaca.gob.mx\/?attachment_id=50571'><img width=\"150\" height=\"150\" src=\"https:\/\/cuernavaca.gob.mx\/wp-content\/uploads\/2025\/06\/CUERNAVACA-FORTALECE-SU-VOCACIO\u0301N-TURI\u0301STICA-CON-EVENTOS-DE-NIVEL-NACIONAL-E-INTERNACIONAL-5-150x150.jpg\" class=\"attachment-thumbnail size-thumbnail\" alt=\"\" loading=\"lazy\" \/><\/a>\n\t\t\t<\/dt><\/dl><dl class='gallery-item'>\n\t\t\t<dt class='gallery-icon landscape'>\n\t\t\t\t<a href='https:\/\/cuernavaca.gob.mx\/?attachment_id=50572'><img width=\"150\" height=\"150\" src=\"https:\/\/cuernavaca.gob.mx\/wp-content\/uploads\/2025\/06\/CUERNAVACA-FORTALECE-SU-VOCACIO\u0301N-TURI\u0301STICA-CON-EVENTOS-DE-NIVEL-NACIONAL-E-INTERNACIONAL-6-150x150.jpg\" class=\"attachment-thumbnail size-thumbnail\" alt=\"\" loading=\"lazy\" \/><\/a>\n\t\t\t<\/dt><\/dl><br style=\"clear: both\" \/><dl class='gallery-item'>\n\t\t\t<dt class='gallery-icon landscape'>\n\t\t\t\t<a href='https:\/\/cuernavaca.gob.mx\/?attachment_id=50573'><img width=\"150\" height=\"150\" src=\"https:\/\/cuernavaca.gob.mx\/wp-content\/uploads\/2025\/06\/CUERNAVACA-FORTALECE-SU-VOCACIO\u0301N-TURI\u0301STICA-CON-EVENTOS-DE-NIVEL-NACIONAL-E-INTERNACIONAL-7-150x150.jpg\" class=\"attachment-thumbnail size-thumbnail\" alt=\"\" loading=\"lazy\" \/><\/a>\n\t\t\t<\/dt><\/dl><dl class='gallery-item'>\n\t\t\t<dt class='gallery-icon landscape'>\n\t\t\t\t<a href='https:\/\/cuernavaca.gob.mx\/?attachment_id=50574'><img width=\"150\" height=\"150\" src=\"https:\/\/cuernavaca.gob.mx\/wp-content\/uploads\/2025\/06\/CUERNAVACA-FORTALECE-SU-VOCACIO\u0301N-TURI\u0301STICA-CON-EVENTOS-DE-NIVEL-NACIONAL-E-INTERNACIONAL-8-150x150.jpg\" class=\"attachment-thumbnail size-thumbnail\" alt=\"\" loading=\"lazy\" \/><\/a>\n\t\t\t<\/dt><\/dl><dl class='gallery-item'>\n\t\t\t<dt class='gallery-icon landscape'>\n\t\t\t\t<a href='https:\/\/cuernavaca.gob.mx\/?attachment_id=50575'><img width=\"150\" height=\"150\" src=\"https:\/\/cuernavaca.gob.mx\/wp-content\/uploads\/2025\/06\/CUERNAVACA-FORTALECE-SU-VOCACIO\u0301N-TURI\u0301STICA-CON-EVENTOS-DE-NIVEL-NACIONAL-E-INTERNACIONAL-9-150x150.jpg\" class=\"attachment-thumbnail size-thumbnail\" alt=\"\" loading=\"lazy\" \/><\/a>\n\t\t\t<\/dt><\/dl><br style=\"clear: both\" \/><dl class='gallery-item'>\n\t\t\t<dt class='gallery-icon landscape'>\n\t\t\t\t<a href='https:\/\/cuernavaca.gob.mx\/?attachment_id=50576'><img width=\"150\" height=\"150\" src=\"https:\/\/cuernavaca.gob.mx\/wp-content\/uploads\/2025\/06\/CUERNAVACA-FORTALECE-SU-VOCACIO\u0301N-TURI\u0301STICA-CON-EVENTOS-DE-NIVEL-NACIONAL-E-INTERNACIONAL-10-150x150.jpg\" class=\"attachment-thumbnail size-thumbnail\" alt=\"\" loading=\"lazy\" \/><\/a>\n\t\t\t<\/dt><\/dl><dl class='gallery-item'>\n\t\t\t<dt class='gallery-icon landscape'>\n\t\t\t\t<a href='https:\/\/cuernavaca.gob.mx\/?attachment_id=50577'><img width=\"150\" height=\"150\" src=\"https:\/\/cuernavaca.gob.mx\/wp-content\/uploads\/2025\/06\/CUERNAVACA-FORTALECE-SU-VOCACIO\u0301N-TURI\u0301STICA-CON-EVENTOS-DE-NIVEL-NACIONAL-E-INTERNACIONAL-11-150x150.jpg\" class=\"attachment-thumbnail size-thumbnail\" alt=\"\" loading=\"lazy\" \/><\/a>\n\t\t\t<\/dt><\/dl>\n\t\t\t<br style='clear: both' \/>\n\t\t<\/div>\n\n<p>&nbsp;<\/p>\n","protected":false},"excerpt":{"rendered":"<p>\u2022 Bajo la instrucci\u00f3n del alcalde Jos\u00e9 Luis Uri\u00f3stegui Salgado, Cuernavaca impulsa su desarrollo tur\u00edstico y econ\u00f3mico mediante una serie de eventos que buscan proyectar la belleza, cultura y hospitalidad de la ciudad de la Eterna Primavera Con su clima inigualable, paisajes exuberantes y una rica vida cultural, la ciudad de Cuernavaca se consolida como [&hellip;]<\/p>\n","protected":false},"author":1,"featured_media":50572,"comment_status":"closed","ping_status":"open","sticky":false,"template":"","format":"standard","meta":[],"categories":[2294],"tags":[121,190,375,120,206,127,3929,194,1301],"aioseo_notices":[],"_links":{"self":[{"href":"https:\/\/cuernavaca.gob.mx\/index.php?rest_route=\/wp\/v2\/posts\/50566"}],"collection":[{"href":"https:\/\/cuernavaca.gob.mx\/index.php?rest_route=\/wp\/v2\/posts"}],"about":[{"href":"https:\/\/cuernavaca.gob.mx\/index.php?rest_route=\/wp\/v2\/types\/post"}],"author":[{"embeddable":true,"href":"https:\/\/cuernavaca.gob.mx\/index.php?rest_route=\/wp\/v2\/users\/1"}],"replies":[{"embeddable":true,"href":"https:\/\/cuernavaca.gob.mx\/index.php?rest_route=%2Fwp%2Fv2%2Fcomments&post=50566"}],"version-history":[{"count":1,"href":"https:\/\/cuernavaca.gob.mx\/index.php?rest_route=\/wp\/v2\/posts\/50566\/revisions"}],"predecessor-version":[{"id":50578,"href":"https:\/\/cuernavaca.gob.mx\/index.php?rest_route=\/wp\/v2\/posts\/50566\/revisions\/50578"}],"wp:featuredmedia":[{"embeddable":true,"href":"https:\/\/cuernavaca.gob.mx\/index.php?rest_route=\/wp\/v2\/media\/50572"}],"wp:attachment":[{"href":"https:\/\/cuernavaca.gob.mx\/index.php?rest_route=%2Fwp%2Fv2%2Fmedia&parent=50566"}],"wp:term":[{"taxonomy":"category","embeddable":true,"href":"https:\/\/cuernavaca.gob.mx\/index.php?rest_route=%2Fwp%2Fv2%2Fcategories&post=50566"},{"taxonomy":"post_tag","embeddable":true,"href":"https:\/\/cuernavaca.gob.mx\/index.php?rest_route=%2Fwp%2Fv2%2Ftags&post=50566"}],"curies":[{"name":"wp","href":"https:\/\/api.w.org\/{rel}","templated":true}]}}