{"id":50579,"date":"2025-06-06T12:00:04","date_gmt":"2025-06-06T18:00:04","guid":{"rendered":"https:\/\/cuernavaca.gob.mx\/?p=50579"},"modified":"2025-06-06T14:35:03","modified_gmt":"2025-06-06T20:35:03","slug":"f37-06-06-25-cuernavaca-da-paso-firme-hacia-una-sociedad-mas-incluyente","status":"publish","type":"post","link":"https:\/\/cuernavaca.gob.mx\/?p=50579","title":{"rendered":"F37 06\/06\/25 CUERNAVACA DA PASO FIRME HACIA UNA SOCIEDAD M\u00c1S INCLUYENTE"},"content":{"rendered":"<p>Dando continuidad a la pol\u00edtica de inclusi\u00f3n y apertura a todas las voces que promueve el Ayuntamiento de Cuernavaca, el regidor Gabriel Rivas R\u00edos, presidente de la Comisi\u00f3n de Atenci\u00f3n a Personas con Discapacidad, encabez\u00f3 este viernes el Foro de Consulta para la Elaboraci\u00f3n de Legislaci\u00f3n para las Personas con Discapacidad, Incluidos Ni\u00f1as y Ni\u00f1os con Discapacidad, Adultos Mayores y sus Organizaciones Sociales.<\/p>\n<p>Durante el evento realizado en el Congreso del Estado de Morelos y acompa\u00f1ado del diputado local Alberto S\u00e1nchez Ortega, el presidente de la Comisi\u00f3n de Atenci\u00f3n a Grupos Vulnerables y Personas con Discapacidad destac\u00f3 la importancia del foro como un paso decisivo hacia la transformaci\u00f3n de pol\u00edticas p\u00fablicas, instituciones y pr\u00e1cticas culturales, con el fin de construir una sociedad verdaderamente inclusiva, accesible y equitativa.<\/p>\n<p>En presencia de representantes de este importante sector, el regidor Gabriel Rivas enfatiz\u00f3 que, de acuerdo con datos del Instituto Nacional de Estad\u00edstica y Geograf\u00eda (INEGI), en 2020, Cuernavaca contaba con una poblaci\u00f3n estimada de 23 mil 590 personas con discapacidad, de un total de 378 mil 476 habitantes. Estas cifras, dijo, evidencian la urgencia de contar con una legislaci\u00f3n que atienda sus necesidades reales y garantice su plena participaci\u00f3n en la vida comunitaria.<\/p>\n\n\t\t<style type=\"text\/css\">\n\t\t\t#gallery-1 {\n\t\t\t\tmargin: auto;\n\t\t\t}\n\t\t\t#gallery-1 .gallery-item {\n\t\t\t\tfloat: left;\n\t\t\t\tmargin-top: 10px;\n\t\t\t\ttext-align: center;\n\t\t\t\twidth: 33%;\n\t\t\t}\n\t\t\t#gallery-1 img {\n\t\t\t\tborder: 2px solid #cfcfcf;\n\t\t\t}\n\t\t\t#gallery-1 .gallery-caption {\n\t\t\t\tmargin-left: 0;\n\t\t\t}\n\t\t\t\/* see gallery_shortcode() in wp-includes\/media.php *\/\n\t\t<\/style>\n\t\t<div id='gallery-1' class='gallery galleryid-50579 gallery-columns-3 gallery-size-thumbnail'><dl class='gallery-item'>\n\t\t\t<dt class='gallery-icon landscape'>\n\t\t\t\t<a href='https:\/\/cuernavaca.gob.mx\/?attachment_id=50580'><img width=\"150\" height=\"150\" src=\"https:\/\/cuernavaca.gob.mx\/wp-content\/uploads\/2025\/06\/CUERNAVACA-DA-PASO-FIRME-HACIA-UNA-SOCIEDAD-MA\u0301S-INCLUYENTE-1-150x150.jpg\" class=\"attachment-thumbnail size-thumbnail\" alt=\"\" loading=\"lazy\" \/><\/a>\n\t\t\t<\/dt><\/dl><dl class='gallery-item'>\n\t\t\t<dt class='gallery-icon landscape'>\n\t\t\t\t<a href='https:\/\/cuernavaca.gob.mx\/?attachment_id=50581'><img width=\"150\" height=\"150\" src=\"https:\/\/cuernavaca.gob.mx\/wp-content\/uploads\/2025\/06\/CUERNAVACA-DA-PASO-FIRME-HACIA-UNA-SOCIEDAD-MA\u0301S-INCLUYENTE-2-150x150.jpg\" class=\"attachment-thumbnail size-thumbnail\" alt=\"\" loading=\"lazy\" \/><\/a>\n\t\t\t<\/dt><\/dl><dl class='gallery-item'>\n\t\t\t<dt class='gallery-icon landscape'>\n\t\t\t\t<a href='https:\/\/cuernavaca.gob.mx\/?attachment_id=50582'><img width=\"150\" height=\"150\" src=\"https:\/\/cuernavaca.gob.mx\/wp-content\/uploads\/2025\/06\/CUERNAVACA-DA-PASO-FIRME-HACIA-UNA-SOCIEDAD-MA\u0301S-INCLUYENTE-3-150x150.jpg\" class=\"attachment-thumbnail size-thumbnail\" alt=\"\" loading=\"lazy\" \/><\/a>\n\t\t\t<\/dt><\/dl><br style=\"clear: both\" \/><dl class='gallery-item'>\n\t\t\t<dt class='gallery-icon landscape'>\n\t\t\t\t<a href='https:\/\/cuernavaca.gob.mx\/?attachment_id=50583'><img width=\"150\" height=\"150\" src=\"https:\/\/cuernavaca.gob.mx\/wp-content\/uploads\/2025\/06\/CUERNAVACA-DA-PASO-FIRME-HACIA-UNA-SOCIEDAD-MA\u0301S-INCLUYENTE-4-150x150.jpg\" class=\"attachment-thumbnail size-thumbnail\" alt=\"\" loading=\"lazy\" \/><\/a>\n\t\t\t<\/dt><\/dl><dl class='gallery-item'>\n\t\t\t<dt class='gallery-icon landscape'>\n\t\t\t\t<a href='https:\/\/cuernavaca.gob.mx\/?attachment_id=50584'><img width=\"150\" height=\"150\" src=\"https:\/\/cuernavaca.gob.mx\/wp-content\/uploads\/2025\/06\/CUERNAVACA-DA-PASO-FIRME-HACIA-UNA-SOCIEDAD-MA\u0301S-INCLUYENTE-5-150x150.jpg\" class=\"attachment-thumbnail size-thumbnail\" alt=\"\" loading=\"lazy\" \/><\/a>\n\t\t\t<\/dt><\/dl>\n\t\t\t<br style='clear: both' \/>\n\t\t<\/div>\n\n","protected":false},"excerpt":{"rendered":"<p>Dando continuidad a la pol\u00edtica de inclusi\u00f3n y apertura a todas las voces que promueve el Ayuntamiento de Cuernavaca, el regidor Gabriel Rivas R\u00edos, presidente de la Comisi\u00f3n de Atenci\u00f3n a Personas con Discapacidad, encabez\u00f3 este viernes el Foro de Consulta para la Elaboraci\u00f3n de Legislaci\u00f3n para las Personas con Discapacidad, Incluidos Ni\u00f1as y Ni\u00f1os [&hellip;]<\/p>\n","protected":false},"author":1,"featured_media":50584,"comment_status":"closed","ping_status":"open","sticky":false,"template":"","format":"standard","meta":[],"categories":[862],"tags":[178,121,1739,956,2485,120,206,127],"aioseo_notices":[],"_links":{"self":[{"href":"https:\/\/cuernavaca.gob.mx\/index.php?rest_route=\/wp\/v2\/posts\/50579"}],"collection":[{"href":"https:\/\/cuernavaca.gob.mx\/index.php?rest_route=\/wp\/v2\/posts"}],"about":[{"href":"https:\/\/cuernavaca.gob.mx\/index.php?rest_route=\/wp\/v2\/types\/post"}],"author":[{"embeddable":true,"href":"https:\/\/cuernavaca.gob.mx\/index.php?rest_route=\/wp\/v2\/users\/1"}],"replies":[{"embeddable":true,"href":"https:\/\/cuernavaca.gob.mx\/index.php?rest_route=%2Fwp%2Fv2%2Fcomments&post=50579"}],"version-history":[{"count":1,"href":"https:\/\/cuernavaca.gob.mx\/index.php?rest_route=\/wp\/v2\/posts\/50579\/revisions"}],"predecessor-version":[{"id":50585,"href":"https:\/\/cuernavaca.gob.mx\/index.php?rest_route=\/wp\/v2\/posts\/50579\/revisions\/50585"}],"wp:featuredmedia":[{"embeddable":true,"href":"https:\/\/cuernavaca.gob.mx\/index.php?rest_route=\/wp\/v2\/media\/50584"}],"wp:attachment":[{"href":"https:\/\/cuernavaca.gob.mx\/index.php?rest_route=%2Fwp%2Fv2%2Fmedia&parent=50579"}],"wp:term":[{"taxonomy":"category","embeddable":true,"href":"https:\/\/cuernavaca.gob.mx\/index.php?rest_route=%2Fwp%2Fv2%2Fcategories&post=50579"},{"taxonomy":"post_tag","embeddable":true,"href":"https:\/\/cuernavaca.gob.mx\/index.php?rest_route=%2Fwp%2Fv2%2Ftags&post=50579"}],"curies":[{"name":"wp","href":"https:\/\/api.w.org\/{rel}","templated":true}]}}