{"id":50591,"date":"2025-06-07T08:00:03","date_gmt":"2025-06-07T14:00:03","guid":{"rendered":"https:\/\/cuernavaca.gob.mx\/?p=50591"},"modified":"2025-06-07T10:43:31","modified_gmt":"2025-06-07T16:43:31","slug":"b293-07-06-25-cuernavaca-refuerza-su-infraestructura-hidraulica-con-rehabilitacion-de-tanque-elevado-en-ejido-de-chapultepec","status":"publish","type":"post","link":"https:\/\/cuernavaca.gob.mx\/?p=50591","title":{"rendered":"B293 07\/06\/25 CUERNAVACA REFUERZA SU INFRAESTRUCTURA HIDR\u00c1ULICA CON REHABILITACI\u00d3N DE TANQUE ELEVADO EN EJIDO DE CHAPULTEPEC"},"content":{"rendered":"<div><strong>\u2022 Despu\u00e9s de a\u00f1os de abandono, el tanque elevado \u201cAmores Perros\u201d en Chapultepec ser\u00e1 rehabilitado gracias a un acuerdo entre el Ayuntamiento de Cuernavaca y el Comisariado Ejidal, en una acci\u00f3n que beneficiar\u00e1 a decenas de familias que enfrentaban problemas con el suministro de agua<\/strong><\/div>\n<div><\/div>\n<div>Con el objetivo de seguir garantizando el derecho humano al acceso al agua potable, el presidente municipal de Cuernavaca, Jos\u00e9 Luis Uri\u00f3stegui Salgado, encabez\u00f3 la firma de un contrato de comodato con el Comisariado Ejidal del poblado de Chapultepec, mediante el cual se autoriza al Sistema de Agua Potable y Alcantarillado de Cuernavaca (Sapac) la posesi\u00f3n, uso, mantenimiento y conservaci\u00f3n del tanque elevado denominado \u201cAmores Perros\u201d, ubicado en la colonia Granjas.<\/div>\n<div><\/div>\n<div>El acto se llev\u00f3 a cabo en el balneario La Cascada, y cont\u00f3 con la presencia de la s\u00edndica municipal Paula Trade Hidalgo; las regidoras Paz Hern\u00e1ndez y Miriam Barajas Basilio; el regidor Salvador Aguilar Rea y la diputada local Andrea Gordillo Vega, as\u00ed como representantes del Comisariado Ejidal, directivos de Sapac y vecinas y vecinos del poblado.<\/div>\n<div><\/div>\n<div>Durante su intervenci\u00f3n, el alcalde agradeci\u00f3 la disposici\u00f3n y generosidad del Comisariado Ejidal, destacando que este acuerdo permitir\u00e1 rehabilitar un tanque que por a\u00f1os permaneci\u00f3 en el abandono, imposibilitando su uso para el fin que fue construido: distribuir agua potable a los hogares de la zona, particularmente en la colonia Granjas.<\/div>\n<div><\/div>\n<div>\u201cEl comodato no solo nos brinda la oportunidad de intervenir con recursos p\u00fablicos en este tanque, sino tambi\u00e9n de garantizar el acceso a trav\u00e9s de una servidumbre de paso para que personal y veh\u00edculos puedan ingresar a realizar las reparaciones necesarias\u201d, se\u00f1al\u00f3 Uri\u00f3stegui Salgado.<\/div>\n<div><\/div>\n<div>Este contrato, con una vigencia de 20 a\u00f1os, permite a Sapac contar con la posesi\u00f3n legal del inmueble e infraestructura asociada, lo que facilitar\u00e1 las inversiones en infraestructura hidr\u00e1ulica, garantizando lo dispuesto en el art\u00edculo 4\u00ba constitucional, que establece el derecho de todas las personas al acceso, disposici\u00f3n y saneamiento de agua para consumo personal y dom\u00e9stico.<\/div>\n<div><\/div>\n<div>Por su parte, el presidente del Comisariado Ejidal de Chapultepec, Jos\u00e9 Alberto Cabrera Flores, celebr\u00f3 la colaboraci\u00f3n institucional y afirm\u00f3 que este acuerdo es muestra de los logros que se pueden alcanzar cuando se prioriza el di\u00e1logo y el trabajo conjunto. \u201cEste tanque dej\u00f3 de funcionar hace a\u00f1os, y eso afect\u00f3 la distribuci\u00f3n del vital l\u00edquido en muchas casas. Hoy damos un paso firme hacia la soluci\u00f3n de ese problema\u201d, expres\u00f3.<\/div>\n<div><\/div>\n<div>Finalmente, el director general de Sapac, Arnoldo Heredia Ramos, indic\u00f3 que la firma de este contrato marca el inicio de una etapa de mejoras significativas en la infraestructura hidr\u00e1ulica de la zona, lo que permitir\u00e1 una distribuci\u00f3n m\u00e1s eficiente y equitativa del agua en el poblado.<\/div>\n<div><\/div>\n<div>Este acto representa un paso significativo dentro de la estrategia integral del Ayuntamiento de Cuernavaca para fortalecer los servicios p\u00fablicos, garantizar el bienestar de la poblaci\u00f3n y avanzar en la construcci\u00f3n de la ciudad que todas y todos merecen.<\/div>\n<div><\/div>\n<div>\n\n\t\t<style type=\"text\/css\">\n\t\t\t#gallery-1 {\n\t\t\t\tmargin: auto;\n\t\t\t}\n\t\t\t#gallery-1 .gallery-item {\n\t\t\t\tfloat: left;\n\t\t\t\tmargin-top: 10px;\n\t\t\t\ttext-align: center;\n\t\t\t\twidth: 33%;\n\t\t\t}\n\t\t\t#gallery-1 img {\n\t\t\t\tborder: 2px solid #cfcfcf;\n\t\t\t}\n\t\t\t#gallery-1 .gallery-caption {\n\t\t\t\tmargin-left: 0;\n\t\t\t}\n\t\t\t\/* see gallery_shortcode() in wp-includes\/media.php *\/\n\t\t<\/style>\n\t\t<div id='gallery-1' class='gallery galleryid-50591 gallery-columns-3 gallery-size-thumbnail'><dl class='gallery-item'>\n\t\t\t<dt class='gallery-icon landscape'>\n\t\t\t\t<a href='https:\/\/cuernavaca.gob.mx\/?attachment_id=50592'><img width=\"150\" height=\"150\" src=\"https:\/\/cuernavaca.gob.mx\/wp-content\/uploads\/2025\/06\/CUERNAVACA-REFUERZA-SU-INFRAESTRUCTURA-HIDRAULICA-CON-REHABILITACION-DE-TANQUE-ELEVADO-EN-EJIDO-DE-CHAPULTEPEC-1-150x150.jpeg\" class=\"attachment-thumbnail size-thumbnail\" alt=\"\" loading=\"lazy\" \/><\/a>\n\t\t\t<\/dt><\/dl><dl class='gallery-item'>\n\t\t\t<dt class='gallery-icon landscape'>\n\t\t\t\t<a href='https:\/\/cuernavaca.gob.mx\/?attachment_id=50593'><img width=\"150\" height=\"150\" src=\"https:\/\/cuernavaca.gob.mx\/wp-content\/uploads\/2025\/06\/CUERNAVACA-REFUERZA-SU-INFRAESTRUCTURA-HIDRAULICA-CON-REHABILITACION-DE-TANQUE-ELEVADO-EN-EJIDO-DE-CHAPULTEPEC-2-150x150.jpeg\" class=\"attachment-thumbnail size-thumbnail\" alt=\"\" loading=\"lazy\" \/><\/a>\n\t\t\t<\/dt><\/dl><dl class='gallery-item'>\n\t\t\t<dt class='gallery-icon landscape'>\n\t\t\t\t<a href='https:\/\/cuernavaca.gob.mx\/?attachment_id=50594'><img width=\"150\" height=\"150\" src=\"https:\/\/cuernavaca.gob.mx\/wp-content\/uploads\/2025\/06\/CUERNAVACA-REFUERZA-SU-INFRAESTRUCTURA-HIDRAULICA-CON-REHABILITACION-DE-TANQUE-ELEVADO-EN-EJIDO-DE-CHAPULTEPEC-3-150x150.jpeg\" class=\"attachment-thumbnail size-thumbnail\" alt=\"\" loading=\"lazy\" \/><\/a>\n\t\t\t<\/dt><\/dl><br style=\"clear: both\" \/><dl class='gallery-item'>\n\t\t\t<dt class='gallery-icon landscape'>\n\t\t\t\t<a href='https:\/\/cuernavaca.gob.mx\/?attachment_id=50595'><img width=\"150\" height=\"150\" src=\"https:\/\/cuernavaca.gob.mx\/wp-content\/uploads\/2025\/06\/CUERNAVACA-REFUERZA-SU-INFRAESTRUCTURA-HIDRAULICA-CON-REHABILITACION-DE-TANQUE-ELEVADO-EN-EJIDO-DE-CHAPULTEPEC-4-150x150.jpeg\" class=\"attachment-thumbnail size-thumbnail\" alt=\"\" loading=\"lazy\" \/><\/a>\n\t\t\t<\/dt><\/dl><dl class='gallery-item'>\n\t\t\t<dt class='gallery-icon landscape'>\n\t\t\t\t<a href='https:\/\/cuernavaca.gob.mx\/?attachment_id=50596'><img width=\"150\" height=\"150\" src=\"https:\/\/cuernavaca.gob.mx\/wp-content\/uploads\/2025\/06\/CUERNAVACA-REFUERZA-SU-INFRAESTRUCTURA-HIDRAULICA-CON-REHABILITACION-DE-TANQUE-ELEVADO-EN-EJIDO-DE-CHAPULTEPEC-5-150x150.jpeg\" class=\"attachment-thumbnail size-thumbnail\" alt=\"\" loading=\"lazy\" \/><\/a>\n\t\t\t<\/dt><\/dl>\n\t\t\t<br style='clear: both' \/>\n\t\t<\/div>\n\n<\/div>\n<div><\/div>\n","protected":false},"excerpt":{"rendered":"<p>\u2022 Despu\u00e9s de a\u00f1os de abandono, el tanque elevado \u201cAmores Perros\u201d en Chapultepec ser\u00e1 rehabilitado gracias a un acuerdo entre el Ayuntamiento de Cuernavaca y el Comisariado Ejidal, en una acci\u00f3n que beneficiar\u00e1 a decenas de familias que enfrentaban problemas con el suministro de agua Con el objetivo de seguir garantizando el derecho humano al [&hellip;]<\/p>\n","protected":false},"author":1,"featured_media":50592,"comment_status":"closed","ping_status":"open","sticky":false,"template":"","format":"standard","meta":[],"categories":[145],"tags":[368,395,615,916,121,1152,2961,120,1075,127,4128],"aioseo_notices":[],"_links":{"self":[{"href":"https:\/\/cuernavaca.gob.mx\/index.php?rest_route=\/wp\/v2\/posts\/50591"}],"collection":[{"href":"https:\/\/cuernavaca.gob.mx\/index.php?rest_route=\/wp\/v2\/posts"}],"about":[{"href":"https:\/\/cuernavaca.gob.mx\/index.php?rest_route=\/wp\/v2\/types\/post"}],"author":[{"embeddable":true,"href":"https:\/\/cuernavaca.gob.mx\/index.php?rest_route=\/wp\/v2\/users\/1"}],"replies":[{"embeddable":true,"href":"https:\/\/cuernavaca.gob.mx\/index.php?rest_route=%2Fwp%2Fv2%2Fcomments&post=50591"}],"version-history":[{"count":1,"href":"https:\/\/cuernavaca.gob.mx\/index.php?rest_route=\/wp\/v2\/posts\/50591\/revisions"}],"predecessor-version":[{"id":50597,"href":"https:\/\/cuernavaca.gob.mx\/index.php?rest_route=\/wp\/v2\/posts\/50591\/revisions\/50597"}],"wp:featuredmedia":[{"embeddable":true,"href":"https:\/\/cuernavaca.gob.mx\/index.php?rest_route=\/wp\/v2\/media\/50592"}],"wp:attachment":[{"href":"https:\/\/cuernavaca.gob.mx\/index.php?rest_route=%2Fwp%2Fv2%2Fmedia&parent=50591"}],"wp:term":[{"taxonomy":"category","embeddable":true,"href":"https:\/\/cuernavaca.gob.mx\/index.php?rest_route=%2Fwp%2Fv2%2Fcategories&post=50591"},{"taxonomy":"post_tag","embeddable":true,"href":"https:\/\/cuernavaca.gob.mx\/index.php?rest_route=%2Fwp%2Fv2%2Ftags&post=50591"}],"curies":[{"name":"wp","href":"https:\/\/api.w.org\/{rel}","templated":true}]}}