{"id":50604,"date":"2025-06-09T10:00:23","date_gmt":"2025-06-09T16:00:23","guid":{"rendered":"https:\/\/cuernavaca.gob.mx\/?p=50604"},"modified":"2025-06-09T10:06:13","modified_gmt":"2025-06-09T16:06:13","slug":"f38-09-06-25-reconocen-instalaciones-de-la-secundaria-no-23-para-proxima-feria-de-convivencia-en-cuernavaca","status":"publish","type":"post","link":"https:\/\/cuernavaca.gob.mx\/?p=50604","title":{"rendered":"F38 09\/06\/25 RECONOCEN INSTALACIONES DE LA SECUNDARIA NO. 23 PARA PR\u00d3XIMA FERIA DE CONVIVENCIA EN CUERNAVACA"},"content":{"rendered":"<p>Como parte de las acciones para fortalecer la participaci\u00f3n comunitaria y generar entornos seguros para ni\u00f1as, ni\u00f1os y adolescentes, la secretaria de Desarrollo Humano y Participaci\u00f3n Social del Ayuntamiento de Cuernavaca, Sandra Adelina Pinz\u00f3n S\u00e1nchez, visit\u00f3 la Escuela Secundaria T\u00e9cnica No. 23, ubicada en la colonia Antonio Barona, para realizar el reconocimiento de las instalaciones donde se llevar\u00e1 a cabo la pr\u00f3xima Feria de Convivencia.<\/p>\n<p>Este evento busca fomentar espacios seguros, accesibles y recreativos para las y los estudiantes, mediante actividades l\u00fadicas, culturales y de bienestar, que promuevan la sana convivencia escolar y comunitaria.<\/p>\n<p>La secundaria No. 23 atiende a j\u00f3venes provenientes de al menos cuatro colonias aleda\u00f1as, adem\u00e1s de la Antonio Barona, por lo que esta feria ser\u00e1 una oportunidad para impactar positivamente en una amplia poblaci\u00f3n juvenil, fortaleciendo los lazos entre comunidad, gobierno y escuela. Cuentan con una poblaci\u00f3n estudiantil de poco m\u00e1s de 550 j\u00f3venes por turno.<\/p>\n<p>Durante el recorrido, la secretaria Sandra Pinz\u00f3n resalt\u00f3 la importancia de acercar estas actividades directamente a los planteles educativos, con el fin de brindar alternativas sanas, creativas y participativas que impulsen el desarrollo integral de las juventudes en Cuernavaca.<\/p>\n\n\t\t<style type=\"text\/css\">\n\t\t\t#gallery-1 {\n\t\t\t\tmargin: auto;\n\t\t\t}\n\t\t\t#gallery-1 .gallery-item {\n\t\t\t\tfloat: left;\n\t\t\t\tmargin-top: 10px;\n\t\t\t\ttext-align: center;\n\t\t\t\twidth: 33%;\n\t\t\t}\n\t\t\t#gallery-1 img {\n\t\t\t\tborder: 2px solid #cfcfcf;\n\t\t\t}\n\t\t\t#gallery-1 .gallery-caption {\n\t\t\t\tmargin-left: 0;\n\t\t\t}\n\t\t\t\/* see gallery_shortcode() in wp-includes\/media.php *\/\n\t\t<\/style>\n\t\t<div id='gallery-1' class='gallery galleryid-50604 gallery-columns-3 gallery-size-thumbnail'><dl class='gallery-item'>\n\t\t\t<dt class='gallery-icon landscape'>\n\t\t\t\t<a href='https:\/\/cuernavaca.gob.mx\/?attachment_id=50605'><img width=\"150\" height=\"150\" src=\"https:\/\/cuernavaca.gob.mx\/wp-content\/uploads\/2025\/06\/RECONOCEN-INSTALACIONES-DE-LA-SECUNDARIA-NO.-23-PARA-PRO\u0301XIMA-FERIA-DE-CONVIVENCIA-EN-CUERNAVACA-1-150x150.jpg\" class=\"attachment-thumbnail size-thumbnail\" alt=\"\" loading=\"lazy\" \/><\/a>\n\t\t\t<\/dt><\/dl><dl class='gallery-item'>\n\t\t\t<dt class='gallery-icon landscape'>\n\t\t\t\t<a href='https:\/\/cuernavaca.gob.mx\/?attachment_id=50606'><img width=\"150\" height=\"150\" src=\"https:\/\/cuernavaca.gob.mx\/wp-content\/uploads\/2025\/06\/RECONOCEN-INSTALACIONES-DE-LA-SECUNDARIA-NO.-23-PARA-PRO\u0301XIMA-FERIA-DE-CONVIVENCIA-EN-CUERNAVACA-2-150x150.jpg\" class=\"attachment-thumbnail size-thumbnail\" alt=\"\" loading=\"lazy\" \/><\/a>\n\t\t\t<\/dt><\/dl><dl class='gallery-item'>\n\t\t\t<dt class='gallery-icon portrait'>\n\t\t\t\t<a href='https:\/\/cuernavaca.gob.mx\/?attachment_id=50607'><img width=\"150\" height=\"150\" src=\"https:\/\/cuernavaca.gob.mx\/wp-content\/uploads\/2025\/06\/RECONOCEN-INSTALACIONES-DE-LA-SECUNDARIA-NO.-23-PARA-PRO\u0301XIMA-FERIA-DE-CONVIVENCIA-EN-CUERNAVACA-3-150x150.jpg\" class=\"attachment-thumbnail size-thumbnail\" alt=\"\" loading=\"lazy\" \/><\/a>\n\t\t\t<\/dt><\/dl><br style=\"clear: both\" \/>\n\t\t<\/div>\n\n","protected":false},"excerpt":{"rendered":"<p>Como parte de las acciones para fortalecer la participaci\u00f3n comunitaria y generar entornos seguros para ni\u00f1as, ni\u00f1os y adolescentes, la secretaria de Desarrollo Humano y Participaci\u00f3n Social del Ayuntamiento de Cuernavaca, Sandra Adelina Pinz\u00f3n S\u00e1nchez, visit\u00f3 la Escuela Secundaria T\u00e9cnica No. 23, ubicada en la colonia Antonio Barona, para realizar el reconocimiento de las instalaciones [&hellip;]<\/p>\n","protected":false},"author":1,"featured_media":50607,"comment_status":"closed","ping_status":"open","sticky":false,"template":"","format":"standard","meta":[],"categories":[862],"tags":[121,576,222,983,120,127],"aioseo_notices":[],"_links":{"self":[{"href":"https:\/\/cuernavaca.gob.mx\/index.php?rest_route=\/wp\/v2\/posts\/50604"}],"collection":[{"href":"https:\/\/cuernavaca.gob.mx\/index.php?rest_route=\/wp\/v2\/posts"}],"about":[{"href":"https:\/\/cuernavaca.gob.mx\/index.php?rest_route=\/wp\/v2\/types\/post"}],"author":[{"embeddable":true,"href":"https:\/\/cuernavaca.gob.mx\/index.php?rest_route=\/wp\/v2\/users\/1"}],"replies":[{"embeddable":true,"href":"https:\/\/cuernavaca.gob.mx\/index.php?rest_route=%2Fwp%2Fv2%2Fcomments&post=50604"}],"version-history":[{"count":1,"href":"https:\/\/cuernavaca.gob.mx\/index.php?rest_route=\/wp\/v2\/posts\/50604\/revisions"}],"predecessor-version":[{"id":50608,"href":"https:\/\/cuernavaca.gob.mx\/index.php?rest_route=\/wp\/v2\/posts\/50604\/revisions\/50608"}],"wp:featuredmedia":[{"embeddable":true,"href":"https:\/\/cuernavaca.gob.mx\/index.php?rest_route=\/wp\/v2\/media\/50607"}],"wp:attachment":[{"href":"https:\/\/cuernavaca.gob.mx\/index.php?rest_route=%2Fwp%2Fv2%2Fmedia&parent=50604"}],"wp:term":[{"taxonomy":"category","embeddable":true,"href":"https:\/\/cuernavaca.gob.mx\/index.php?rest_route=%2Fwp%2Fv2%2Fcategories&post=50604"},{"taxonomy":"post_tag","embeddable":true,"href":"https:\/\/cuernavaca.gob.mx\/index.php?rest_route=%2Fwp%2Fv2%2Ftags&post=50604"}],"curies":[{"name":"wp","href":"https:\/\/api.w.org\/{rel}","templated":true}]}}