{"id":50633,"date":"2025-06-09T12:51:06","date_gmt":"2025-06-09T18:51:06","guid":{"rendered":"https:\/\/cuernavaca.gob.mx\/?p=50633"},"modified":"2025-06-09T12:51:06","modified_gmt":"2025-06-09T18:51:06","slug":"b296-09-06-25-cuernavaca-impulsa-proyecto-piloto-inedito-para-escuchar-a-ninas-ninos-y-adolescentes-a-traves-del-buzon-de-diagnostico-del-sipinna-municipal","status":"publish","type":"post","link":"https:\/\/cuernavaca.gob.mx\/?p=50633","title":{"rendered":"B296 09\/06\/25 CUERNAVACA IMPULSA PROYECTO PILOTO IN\u00c9DITO PARA ESCUCHAR A NI\u00d1AS, NI\u00d1OS Y ADOLESCENTES A TRAV\u00c9S DEL &#8220;BUZ\u00d3N DE DIAGN\u00d3STICO&#8221; DEL SIPINNA MUNICIPAL"},"content":{"rendered":"<p><strong>\u2022 Este proyecto permitir\u00e1 a ni\u00f1as, ni\u00f1os y adolescentes expresar sus inquietudes para que el Ayuntamiento dise\u00f1e programas que mejoren sus entornos<\/strong><\/p>\n<p>Como un hecho sin precedentes en el estado de Morelos, el Ayuntamiento de Cuernavaca, a trav\u00e9s del Sistema Municipal de Protecci\u00f3n Integral de Ni\u00f1as, Ni\u00f1os y Adolescentes (SIPINNA), pondr\u00e1 en marcha un proyecto piloto que busca dar voz directa a la infancia y adolescencia del municipio, el \u201cBuz\u00f3n de Diagn\u00f3stico\u201d.<\/p>\n<p>Esta iniciativa surge de una propuesta presentada por las ni\u00f1as y ni\u00f1os integrantes del SIPINNA Municipal, quienes plantearon la necesidad de contar con un canal confidencial y accesible para expresar sus inquietudes, necesidades y problem\u00e1ticas cotidianas. El objetivo es que, a partir de esta informaci\u00f3n, se dise\u00f1en programas espec\u00edficos que mejoren su calidad de vida en sus diferentes entornos.<\/p>\n<p>Durante la sesi\u00f3n ordinaria del SIPINNA, Erika Sarita Guadalupe Y\u00e1\u00f1ez Flores, integrante del \u00f3rgano colegiado y promotora de la iniciativa, explic\u00f3 que el buz\u00f3n de diagn\u00f3stico est\u00e1 dirigido a ni\u00f1as, ni\u00f1os y adolescentes de entre 6 y 15 a\u00f1os de Cuernavaca, el cual contempla la conformaci\u00f3n de un Comit\u00e9 de Evaluaci\u00f3n por especialistas en psicolog\u00eda y derecho, quienes analizar\u00e1n la informaci\u00f3n recabada y canalizar\u00e1n cada caso de manera adecuada.<\/p>\n<p>Adem\u00e1s, se establecer\u00e1 un calendario peri\u00f3dico para la revisi\u00f3n de los buzones, as\u00ed como la elaboraci\u00f3n de informes que permitan dar seguimiento puntual a las solicitudes recibidas, siendo fundamental el respaldo del Instituto de la Educaci\u00f3n B\u00e1sica del Estado de Morelos (IEBEM), con el fin de que la instalaci\u00f3n del buz\u00f3n sea obligatoria en todas las escuelas del municipio.<\/p>\n<p>El alcalde de Cuernavaca, Jos\u00e9 Luis Uri\u00f3stegui Salgado, celebr\u00f3 la iniciativa al se\u00f1alar que este buz\u00f3n representa una oportunidad real de escuchar sin filtros a la infancia y adolescencia, permiti\u00e9ndoles expresarse de forma an\u00f3nima y segura, con la intenci\u00f3n de crear pol\u00edticas p\u00fablicas focalizadas desde el Ayuntamiento que les beneficien.<\/p>\n<p>Uri\u00f3stegui Salgado destac\u00f3 que, en sesiones previas del SIPINNA y el Cabildo Infantil, ni\u00f1as, ni\u00f1os y adolescentes cuernavacences han manifestado preocupaciones relacionadas con la seguridad escolar, el hostigamiento, el abuso y el maltrato entre pares. En ese sentido, subray\u00f3 que trabajar desde instancias como SIPINNA municipal, el DIF Cuernavaca, la Secretar\u00eda de Desarrollo Humano y Participaci\u00f3n Social, SEPRAC, entre otras, puede contribuir significativamente a mejorar el bienestar emocional y social de la ni\u00f1ez.<\/p>\n<p>Por su parte, la secretaria ejecutiva del SIPINNA Municipal, Claudia Popoca Gonz\u00e1lez, inform\u00f3 que el buz\u00f3n operar\u00e1 siguiendo criterios similares a los buzones ciudadanos impulsados por la Contralor\u00eda Municipal, asegurando un diagn\u00f3stico preciso sobre la situaci\u00f3n de los derechos de ni\u00f1as, ni\u00f1os y adolescentes. Se\u00f1al\u00f3 que este ejercicio es \u00fanico en todo el estado de Morelos y se plantea inicie en las escuelas de las y los representantes infantiles y juveniles del SIPINNA.<\/p>\n<p>Cabe mencionar que SIPINNA Municipal est\u00e1 conformado, tanto por autoridades como por representantes infantiles y juveniles, entre ellos Karime Sinahi Garc\u00eda Blas, Josu\u00e9 Isa\u00ed D\u00edaz Lara y Jorge David S\u00e1nchez Salazar; as\u00ed como por Mar\u00eda Eugenia Boyas Ramos, secretaria ejecutiva del SIPINNA Morelos, y del Tribunal Unitario de Justicia Penal para Adolescentes del Estado de Morelos (TUJA).<\/p>\n<p>&nbsp;<\/p>\n\n\t\t<style type=\"text\/css\">\n\t\t\t#gallery-1 {\n\t\t\t\tmargin: auto;\n\t\t\t}\n\t\t\t#gallery-1 .gallery-item {\n\t\t\t\tfloat: left;\n\t\t\t\tmargin-top: 10px;\n\t\t\t\ttext-align: center;\n\t\t\t\twidth: 33%;\n\t\t\t}\n\t\t\t#gallery-1 img {\n\t\t\t\tborder: 2px solid #cfcfcf;\n\t\t\t}\n\t\t\t#gallery-1 .gallery-caption {\n\t\t\t\tmargin-left: 0;\n\t\t\t}\n\t\t\t\/* see gallery_shortcode() in wp-includes\/media.php *\/\n\t\t<\/style>\n\t\t<div id='gallery-1' class='gallery galleryid-50633 gallery-columns-3 gallery-size-thumbnail'><dl class='gallery-item'>\n\t\t\t<dt class='gallery-icon landscape'>\n\t\t\t\t<a href='https:\/\/cuernavaca.gob.mx\/?attachment_id=50634'><img width=\"150\" height=\"150\" src=\"https:\/\/cuernavaca.gob.mx\/wp-content\/uploads\/2025\/06\/CUERNAVACA-IMPULSA-PROYECTO-PILOTO-INE\u0301DITO-PARA-ESCUCHAR-A-NIN\u0303AS-NIN\u0303OS-Y-ADOLESCENTES-A-TRAVE\u0301S-DEL-22BUZO\u0301N-DE-DIAGNO\u0301STICO22-DEL-SIPINNA-MUNICIPAL-1-150x150.jpg\" class=\"attachment-thumbnail size-thumbnail\" alt=\"\" loading=\"lazy\" \/><\/a>\n\t\t\t<\/dt><\/dl><dl class='gallery-item'>\n\t\t\t<dt class='gallery-icon landscape'>\n\t\t\t\t<a href='https:\/\/cuernavaca.gob.mx\/?attachment_id=50635'><img width=\"150\" height=\"150\" src=\"https:\/\/cuernavaca.gob.mx\/wp-content\/uploads\/2025\/06\/CUERNAVACA-IMPULSA-PROYECTO-PILOTO-INE\u0301DITO-PARA-ESCUCHAR-A-NIN\u0303AS-NIN\u0303OS-Y-ADOLESCENTES-A-TRAVE\u0301S-DEL-22BUZO\u0301N-DE-DIAGNO\u0301STICO22-DEL-SIPINNA-MUNICIPAL-2-150x150.jpg\" class=\"attachment-thumbnail size-thumbnail\" alt=\"\" loading=\"lazy\" \/><\/a>\n\t\t\t<\/dt><\/dl><dl class='gallery-item'>\n\t\t\t<dt class='gallery-icon landscape'>\n\t\t\t\t<a href='https:\/\/cuernavaca.gob.mx\/?attachment_id=50636'><img width=\"150\" height=\"150\" src=\"https:\/\/cuernavaca.gob.mx\/wp-content\/uploads\/2025\/06\/CUERNAVACA-IMPULSA-PROYECTO-PILOTO-INE\u0301DITO-PARA-ESCUCHAR-A-NIN\u0303AS-NIN\u0303OS-Y-ADOLESCENTES-A-TRAVE\u0301S-DEL-22BUZO\u0301N-DE-DIAGNO\u0301STICO22-DEL-SIPINNA-MUNICIPAL-3-150x150.jpg\" class=\"attachment-thumbnail size-thumbnail\" alt=\"\" loading=\"lazy\" \/><\/a>\n\t\t\t<\/dt><\/dl><br style=\"clear: both\" \/><dl class='gallery-item'>\n\t\t\t<dt class='gallery-icon landscape'>\n\t\t\t\t<a href='https:\/\/cuernavaca.gob.mx\/?attachment_id=50637'><img width=\"150\" height=\"150\" src=\"https:\/\/cuernavaca.gob.mx\/wp-content\/uploads\/2025\/06\/CUERNAVACA-IMPULSA-PROYECTO-PILOTO-INE\u0301DITO-PARA-ESCUCHAR-A-NIN\u0303AS-NIN\u0303OS-Y-ADOLESCENTES-A-TRAVE\u0301S-DEL-22BUZO\u0301N-DE-DIAGNO\u0301STICO22-DEL-SIPINNA-MUNICIPAL-4-150x150.jpg\" class=\"attachment-thumbnail size-thumbnail\" alt=\"\" loading=\"lazy\" \/><\/a>\n\t\t\t<\/dt><\/dl><dl class='gallery-item'>\n\t\t\t<dt class='gallery-icon landscape'>\n\t\t\t\t<a href='https:\/\/cuernavaca.gob.mx\/?attachment_id=50638'><img width=\"150\" height=\"150\" src=\"https:\/\/cuernavaca.gob.mx\/wp-content\/uploads\/2025\/06\/CUERNAVACA-IMPULSA-PROYECTO-PILOTO-INE\u0301DITO-PARA-ESCUCHAR-A-NIN\u0303AS-NIN\u0303OS-Y-ADOLESCENTES-A-TRAVE\u0301S-DEL-22BUZO\u0301N-DE-DIAGNO\u0301STICO22-DEL-SIPINNA-MUNICIPAL-5-150x150.jpg\" class=\"attachment-thumbnail size-thumbnail\" alt=\"\" loading=\"lazy\" \/><\/a>\n\t\t\t<\/dt><\/dl>\n\t\t\t<br style='clear: both' \/>\n\t\t<\/div>\n\n","protected":false},"excerpt":{"rendered":"<p>\u2022 Este proyecto permitir\u00e1 a ni\u00f1as, ni\u00f1os y adolescentes expresar sus inquietudes para que el Ayuntamiento dise\u00f1e programas que mejoren sus entornos Como un hecho sin precedentes en el estado de Morelos, el Ayuntamiento de Cuernavaca, a trav\u00e9s del Sistema Municipal de Protecci\u00f3n Integral de Ni\u00f1as, Ni\u00f1os y Adolescentes (SIPINNA), pondr\u00e1 en marcha un proyecto [&hellip;]<\/p>\n","protected":false},"author":1,"featured_media":50636,"comment_status":"closed","ping_status":"open","sticky":false,"template":"","format":"standard","meta":[],"categories":[20],"tags":[121,684,120,206,4129,379,2747,127,3013],"aioseo_notices":[],"_links":{"self":[{"href":"https:\/\/cuernavaca.gob.mx\/index.php?rest_route=\/wp\/v2\/posts\/50633"}],"collection":[{"href":"https:\/\/cuernavaca.gob.mx\/index.php?rest_route=\/wp\/v2\/posts"}],"about":[{"href":"https:\/\/cuernavaca.gob.mx\/index.php?rest_route=\/wp\/v2\/types\/post"}],"author":[{"embeddable":true,"href":"https:\/\/cuernavaca.gob.mx\/index.php?rest_route=\/wp\/v2\/users\/1"}],"replies":[{"embeddable":true,"href":"https:\/\/cuernavaca.gob.mx\/index.php?rest_route=%2Fwp%2Fv2%2Fcomments&post=50633"}],"version-history":[{"count":1,"href":"https:\/\/cuernavaca.gob.mx\/index.php?rest_route=\/wp\/v2\/posts\/50633\/revisions"}],"predecessor-version":[{"id":50639,"href":"https:\/\/cuernavaca.gob.mx\/index.php?rest_route=\/wp\/v2\/posts\/50633\/revisions\/50639"}],"wp:featuredmedia":[{"embeddable":true,"href":"https:\/\/cuernavaca.gob.mx\/index.php?rest_route=\/wp\/v2\/media\/50636"}],"wp:attachment":[{"href":"https:\/\/cuernavaca.gob.mx\/index.php?rest_route=%2Fwp%2Fv2%2Fmedia&parent=50633"}],"wp:term":[{"taxonomy":"category","embeddable":true,"href":"https:\/\/cuernavaca.gob.mx\/index.php?rest_route=%2Fwp%2Fv2%2Fcategories&post=50633"},{"taxonomy":"post_tag","embeddable":true,"href":"https:\/\/cuernavaca.gob.mx\/index.php?rest_route=%2Fwp%2Fv2%2Ftags&post=50633"}],"curies":[{"name":"wp","href":"https:\/\/api.w.org\/{rel}","templated":true}]}}