{"id":50694,"date":"2025-06-11T08:00:20","date_gmt":"2025-06-11T14:00:20","guid":{"rendered":"https:\/\/cuernavaca.gob.mx\/?p=50694"},"modified":"2025-06-11T10:31:25","modified_gmt":"2025-06-11T16:31:25","slug":"b298-11-06-25-cuernavaca-refuerza-acciones-preventivas-ante-temporada-de-lluvias","status":"publish","type":"post","link":"https:\/\/cuernavaca.gob.mx\/?p=50694","title":{"rendered":"B298 11\/06\/25 CUERNAVACA REFUERZA ACCIONES PREVENTIVAS ANTE TEMPORADA DE LLUVIAS"},"content":{"rendered":"<p>\u00b7 Para proteger a las familias cuernavacences, el Ayuntamiento encabezado por el alcalde Jos\u00e9 Luis Uri\u00f3stegui Salgado, refuerza la vigilancia en zonas de riesgo e invita a la ciudadan\u00eda a participar activamente en las medidas de prevenci\u00f3n<\/p>\n<p>Ante la temporada de lluvias, el Ayuntamiento de Cuernavaca, encabezado por el alcalde Jos\u00e9 Luis Uri\u00f3stegui Salgado, a trav\u00e9s de la Coordinaci\u00f3n Municipal de Protecci\u00f3n Civil, hace un llamado a la ciudadan\u00eda a adoptar medidas de prevenci\u00f3n y autocuidado para salvaguardar su integridad y la de sus familias.<\/p>\n<p>Con el objetivo de informar a la poblaci\u00f3n sobre c\u00f3mo actuar antes, durante y despu\u00e9s de un siniestro, se ha puesto en marcha una campa\u00f1a preventiva que proporciona orientaci\u00f3n \u00fatil y promueve la cultura de la protecci\u00f3n civil en los hogares cuernavacences.<\/p>\n<p>En este sentido, se han intensificado los recorridos de vigilancia en cauces y barrancas del municipio, con especial atenci\u00f3n en zonas de riesgo como las barrancas de Chulavista, Chapultepec, Santa Martha, Avenida Plan de Ayala y San Ant\u00f3n. Estas acciones buscan identificar asentamientos humanos irregulares, detectar acumulaci\u00f3n de basura y dar seguimiento al monitoreo constante de posibles focos de riesgo.<\/p>\n<p>Cuernavaca enfrenta distintos desaf\u00edos derivados de las lluvias, tales como inundaciones, encharcamientos, desbordamientos de barrancas, ca\u00edda de \u00e1rboles, deslizamientos, colapsos y fallas el\u00e9ctricas ocasionadas por postes en mal estado. Por ello, se han fortalecido las labores preventivas para atender de forma inmediata cualquier contingencia.<\/p>\n<p>Entre las principales acciones realizadas por Protecci\u00f3n Civil destacan las certificaciones del personal operativo, la atenci\u00f3n a m\u00e1s de 500 emergencias y denuncias ciudadanas, capacitaciones constantes al personal, la ejecuci\u00f3n de medidas preventivas y de mitigaci\u00f3n de riesgos, la detecci\u00f3n oportuna de acumulaci\u00f3n de basura en calles y barrancas, as\u00ed como el fomento del Plan Familiar de Protecci\u00f3n entre la ciudadan\u00eda.<\/p>\n<p>La Coordinaci\u00f3n exhorta a la poblaci\u00f3n a colaborar activamente en la prevenci\u00f3n, evitando tirar basura en la v\u00eda p\u00fablica y barrancas, realizando la poda de \u00e1rboles cercanos a viviendas o cables, y manteni\u00e9ndose informada sobre las condiciones climatol\u00f3gicas.<\/p>\n<p>Cabe recordar que para reportar cualquier emergencia est\u00e1 disponible el n\u00famero del C4 de Cuernavaca, el 777 312 1274.<\/p>\n\n\t\t<style type=\"text\/css\">\n\t\t\t#gallery-1 {\n\t\t\t\tmargin: auto;\n\t\t\t}\n\t\t\t#gallery-1 .gallery-item {\n\t\t\t\tfloat: left;\n\t\t\t\tmargin-top: 10px;\n\t\t\t\ttext-align: center;\n\t\t\t\twidth: 33%;\n\t\t\t}\n\t\t\t#gallery-1 img {\n\t\t\t\tborder: 2px solid #cfcfcf;\n\t\t\t}\n\t\t\t#gallery-1 .gallery-caption {\n\t\t\t\tmargin-left: 0;\n\t\t\t}\n\t\t\t\/* see gallery_shortcode() in wp-includes\/media.php *\/\n\t\t<\/style>\n\t\t<div id='gallery-1' class='gallery galleryid-50694 gallery-columns-3 gallery-size-thumbnail'><dl class='gallery-item'>\n\t\t\t<dt class='gallery-icon portrait'>\n\t\t\t\t<a href='https:\/\/cuernavaca.gob.mx\/?attachment_id=50695'><img width=\"150\" height=\"150\" src=\"https:\/\/cuernavaca.gob.mx\/wp-content\/uploads\/2025\/06\/CUERNAVACA-REFUERZA-ACCIONES-PREVENTIVAS-ANTE-TEMPORADA-DE-LLUVIAS-1-150x150.jpg\" class=\"attachment-thumbnail size-thumbnail\" alt=\"\" loading=\"lazy\" \/><\/a>\n\t\t\t<\/dt><\/dl><dl class='gallery-item'>\n\t\t\t<dt class='gallery-icon portrait'>\n\t\t\t\t<a href='https:\/\/cuernavaca.gob.mx\/?attachment_id=50696'><img width=\"150\" height=\"150\" src=\"https:\/\/cuernavaca.gob.mx\/wp-content\/uploads\/2025\/06\/CUERNAVACA-REFUERZA-ACCIONES-PREVENTIVAS-ANTE-TEMPORADA-DE-LLUVIAS-2-150x150.jpg\" class=\"attachment-thumbnail size-thumbnail\" alt=\"\" loading=\"lazy\" \/><\/a>\n\t\t\t<\/dt><\/dl><dl class='gallery-item'>\n\t\t\t<dt class='gallery-icon landscape'>\n\t\t\t\t<a href='https:\/\/cuernavaca.gob.mx\/?attachment_id=50697'><img width=\"150\" height=\"150\" src=\"https:\/\/cuernavaca.gob.mx\/wp-content\/uploads\/2025\/06\/CUERNAVACA-REFUERZA-ACCIONES-PREVENTIVAS-ANTE-TEMPORADA-DE-LLUVIAS-3-150x150.jpg\" class=\"attachment-thumbnail size-thumbnail\" alt=\"\" loading=\"lazy\" \/><\/a>\n\t\t\t<\/dt><\/dl><br style=\"clear: both\" \/>\n\t\t<\/div>\n\n","protected":false},"excerpt":{"rendered":"<p>\u00b7 Para proteger a las familias cuernavacences, el Ayuntamiento encabezado por el alcalde Jos\u00e9 Luis Uri\u00f3stegui Salgado, refuerza la vigilancia en zonas de riesgo e invita a la ciudadan\u00eda a participar activamente en las medidas de prevenci\u00f3n Ante la temporada de lluvias, el Ayuntamiento de Cuernavaca, encabezado por el alcalde Jos\u00e9 Luis Uri\u00f3stegui Salgado, a [&hellip;]<\/p>\n","protected":false},"author":1,"featured_media":50696,"comment_status":"closed","ping_status":"open","sticky":false,"template":"","format":"standard","meta":[],"categories":[20,2227],"tags":[121,4130,120,4131,403,172,125,2222],"aioseo_notices":[],"_links":{"self":[{"href":"https:\/\/cuernavaca.gob.mx\/index.php?rest_route=\/wp\/v2\/posts\/50694"}],"collection":[{"href":"https:\/\/cuernavaca.gob.mx\/index.php?rest_route=\/wp\/v2\/posts"}],"about":[{"href":"https:\/\/cuernavaca.gob.mx\/index.php?rest_route=\/wp\/v2\/types\/post"}],"author":[{"embeddable":true,"href":"https:\/\/cuernavaca.gob.mx\/index.php?rest_route=\/wp\/v2\/users\/1"}],"replies":[{"embeddable":true,"href":"https:\/\/cuernavaca.gob.mx\/index.php?rest_route=%2Fwp%2Fv2%2Fcomments&post=50694"}],"version-history":[{"count":1,"href":"https:\/\/cuernavaca.gob.mx\/index.php?rest_route=\/wp\/v2\/posts\/50694\/revisions"}],"predecessor-version":[{"id":50699,"href":"https:\/\/cuernavaca.gob.mx\/index.php?rest_route=\/wp\/v2\/posts\/50694\/revisions\/50699"}],"wp:featuredmedia":[{"embeddable":true,"href":"https:\/\/cuernavaca.gob.mx\/index.php?rest_route=\/wp\/v2\/media\/50696"}],"wp:attachment":[{"href":"https:\/\/cuernavaca.gob.mx\/index.php?rest_route=%2Fwp%2Fv2%2Fmedia&parent=50694"}],"wp:term":[{"taxonomy":"category","embeddable":true,"href":"https:\/\/cuernavaca.gob.mx\/index.php?rest_route=%2Fwp%2Fv2%2Fcategories&post=50694"},{"taxonomy":"post_tag","embeddable":true,"href":"https:\/\/cuernavaca.gob.mx\/index.php?rest_route=%2Fwp%2Fv2%2Ftags&post=50694"}],"curies":[{"name":"wp","href":"https:\/\/api.w.org\/{rel}","templated":true}]}}