{"id":50704,"date":"2025-06-11T10:00:34","date_gmt":"2025-06-11T16:00:34","guid":{"rendered":"https:\/\/cuernavaca.gob.mx\/?p=50704"},"modified":"2025-06-11T10:51:09","modified_gmt":"2025-06-11T16:51:09","slug":"b299-11-06-26-ayuntamiento-de-cuernavaca-refuerza-mantenimiento-de-areas-verdes-durante-la-temporada-de-lluvias","status":"publish","type":"post","link":"https:\/\/cuernavaca.gob.mx\/?p=50704","title":{"rendered":"B299 11\/06\/26 AYUNTAMIENTO DE CUERNAVACA REFUERZA MANTENIMIENTO DE \u00c1REAS VERDES DURANTE LA TEMPORADA DE LLUVIAS"},"content":{"rendered":"<p>&nbsp;<\/p>\n<p>\u2022 Se intensificaron labores de poda, limpieza y conservaci\u00f3n de \u00e1reas verdes en todo el municipio, con el objetivo de proteger a la ciudadan\u00eda y mantener los espacios p\u00fablicos seguros y funcionales<\/p>\n<p>Por instrucciones del presidente municipal de Cuernavaca, Jos\u00e9 Luis Uri\u00f3stegui Salgado, la Secretar\u00eda de Desarrollo Sustentable y Servicios P\u00fablicos de Cuernavaca (SDSySP), a trav\u00e9s de la Direcci\u00f3n de Parques y Jardines, ha intensificado las labores de mantenimiento, poda preventiva y limpieza en parques, jardines, fuentes y dem\u00e1s espacios verdes del municipio, como parte de una estrategia para prevenir riesgos durante la temporada de lluvias.<\/p>\n<p>Estas acciones buscan proteger a la ciudadan\u00eda ante posibles incidentes causados por la humedad y los fuertes vientos que pueden provocar la ca\u00edda de ramas o \u00e1rboles, as\u00ed como obstrucciones en el sistema de drenaje que derivan en encharcamientos y afectaciones a la infraestructura urbana.<\/p>\n<p>Entre las medidas preventivas clave se destaca la poda estrat\u00e9gica para evitar ca\u00eddas de ramas y \u00e1rboles, la limpieza constante de fuentes y \u00e1reas comunes, a fin de prevenir taponamientos; el control de maleza para reducir la presencia de fauna nociva y la conservaci\u00f3n de espacios seguros y funcionales para la convivencia ciudadana.<\/p>\n<p>El Ayuntamiento de Cuernavaca exhorta a la ciudadan\u00eda a reportar \u00e1rboles en riesgo (con inclinaci\u00f3n anormal, ramas secas o troncos agrietados) al 070, o a trav\u00e9s de las redes sociales oficiales para que el personal capacitado valore cada caso y actu\u00e9 conforme a los protocolos de seguridad.<\/p>\n<p>Estas acciones preventivas reafirman el compromiso del Gobierno Municipal con la seguridad, el bienestar y la calidad de vida de las y los cuernavacences.<\/p>\n\n\t\t<style type=\"text\/css\">\n\t\t\t#gallery-1 {\n\t\t\t\tmargin: auto;\n\t\t\t}\n\t\t\t#gallery-1 .gallery-item {\n\t\t\t\tfloat: left;\n\t\t\t\tmargin-top: 10px;\n\t\t\t\ttext-align: center;\n\t\t\t\twidth: 33%;\n\t\t\t}\n\t\t\t#gallery-1 img {\n\t\t\t\tborder: 2px solid #cfcfcf;\n\t\t\t}\n\t\t\t#gallery-1 .gallery-caption {\n\t\t\t\tmargin-left: 0;\n\t\t\t}\n\t\t\t\/* see gallery_shortcode() in wp-includes\/media.php *\/\n\t\t<\/style>\n\t\t<div id='gallery-1' class='gallery galleryid-50704 gallery-columns-3 gallery-size-thumbnail'><dl class='gallery-item'>\n\t\t\t<dt class='gallery-icon portrait'>\n\t\t\t\t<a href='https:\/\/cuernavaca.gob.mx\/?attachment_id=50706'><img width=\"150\" height=\"150\" src=\"https:\/\/cuernavaca.gob.mx\/wp-content\/uploads\/2025\/06\/RECONOCEN-A-JOSE\u0301-LUIS-URIO\u0301STEGUI-CON-GALARDONES-NACIONALES-POR-SU-COMPROMISO-SOCIAL-Y-HUMANITARIO-1-1-150x150.jpg\" class=\"attachment-thumbnail size-thumbnail\" alt=\"\" loading=\"lazy\" \/><\/a>\n\t\t\t<\/dt><\/dl><dl class='gallery-item'>\n\t\t\t<dt class='gallery-icon landscape'>\n\t\t\t\t<a href='https:\/\/cuernavaca.gob.mx\/?attachment_id=50708'><img width=\"150\" height=\"150\" src=\"https:\/\/cuernavaca.gob.mx\/wp-content\/uploads\/2025\/06\/AYUNTAMIENTO-DE-CUERNAVACA-REFUERZA-MANTENIMIENTO-DE-A\u0301REAS-VERDES-DURANTE-LA-TEMPORADA-DE-LLUVIAS-1-150x150.jpg\" class=\"attachment-thumbnail size-thumbnail\" alt=\"\" loading=\"lazy\" \/><\/a>\n\t\t\t<\/dt><\/dl><dl class='gallery-item'>\n\t\t\t<dt class='gallery-icon landscape'>\n\t\t\t\t<a href='https:\/\/cuernavaca.gob.mx\/?attachment_id=50709'><img width=\"150\" height=\"150\" src=\"https:\/\/cuernavaca.gob.mx\/wp-content\/uploads\/2025\/06\/AYUNTAMIENTO-DE-CUERNAVACA-REFUERZA-MANTENIMIENTO-DE-A\u0301REAS-VERDES-DURANTE-LA-TEMPORADA-DE-LLUVIAS-2-150x150.jpg\" class=\"attachment-thumbnail size-thumbnail\" alt=\"\" loading=\"lazy\" \/><\/a>\n\t\t\t<\/dt><\/dl><br style=\"clear: both\" \/><dl class='gallery-item'>\n\t\t\t<dt class='gallery-icon landscape'>\n\t\t\t\t<a href='https:\/\/cuernavaca.gob.mx\/?attachment_id=50710'><img width=\"150\" height=\"150\" src=\"https:\/\/cuernavaca.gob.mx\/wp-content\/uploads\/2025\/06\/AYUNTAMIENTO-DE-CUERNAVACA-REFUERZA-MANTENIMIENTO-DE-A\u0301REAS-VERDES-DURANTE-LA-TEMPORADA-DE-LLUVIAS-3-150x150.jpg\" class=\"attachment-thumbnail size-thumbnail\" alt=\"\" loading=\"lazy\" \/><\/a>\n\t\t\t<\/dt><\/dl><dl class='gallery-item'>\n\t\t\t<dt class='gallery-icon landscape'>\n\t\t\t\t<a href='https:\/\/cuernavaca.gob.mx\/?attachment_id=50711'><img width=\"150\" height=\"150\" src=\"https:\/\/cuernavaca.gob.mx\/wp-content\/uploads\/2025\/06\/AYUNTAMIENTO-DE-CUERNAVACA-REFUERZA-MANTENIMIENTO-DE-A\u0301REAS-VERDES-DURANTE-LA-TEMPORADA-DE-LLUVIAS-4-150x150.jpg\" class=\"attachment-thumbnail size-thumbnail\" alt=\"\" loading=\"lazy\" \/><\/a>\n\t\t\t<\/dt><\/dl>\n\t\t\t<br style='clear: both' \/>\n\t\t<\/div>\n\n","protected":false},"excerpt":{"rendered":"<p>&nbsp; \u2022 Se intensificaron labores de poda, limpieza y conservaci\u00f3n de \u00e1reas verdes en todo el municipio, con el objetivo de proteger a la ciudadan\u00eda y mantener los espacios p\u00fablicos seguros y funcionales Por instrucciones del presidente municipal de Cuernavaca, Jos\u00e9 Luis Uri\u00f3stegui Salgado, la Secretar\u00eda de Desarrollo Sustentable y Servicios P\u00fablicos de Cuernavaca (SDSySP), [&hellip;]<\/p>\n","protected":false},"author":1,"featured_media":50709,"comment_status":"closed","ping_status":"open","sticky":false,"template":"","format":"standard","meta":[],"categories":[2271],"tags":[916,121,2376,120,218,206,127,403,2222],"aioseo_notices":[],"_links":{"self":[{"href":"https:\/\/cuernavaca.gob.mx\/index.php?rest_route=\/wp\/v2\/posts\/50704"}],"collection":[{"href":"https:\/\/cuernavaca.gob.mx\/index.php?rest_route=\/wp\/v2\/posts"}],"about":[{"href":"https:\/\/cuernavaca.gob.mx\/index.php?rest_route=\/wp\/v2\/types\/post"}],"author":[{"embeddable":true,"href":"https:\/\/cuernavaca.gob.mx\/index.php?rest_route=\/wp\/v2\/users\/1"}],"replies":[{"embeddable":true,"href":"https:\/\/cuernavaca.gob.mx\/index.php?rest_route=%2Fwp%2Fv2%2Fcomments&post=50704"}],"version-history":[{"count":1,"href":"https:\/\/cuernavaca.gob.mx\/index.php?rest_route=\/wp\/v2\/posts\/50704\/revisions"}],"predecessor-version":[{"id":50712,"href":"https:\/\/cuernavaca.gob.mx\/index.php?rest_route=\/wp\/v2\/posts\/50704\/revisions\/50712"}],"wp:featuredmedia":[{"embeddable":true,"href":"https:\/\/cuernavaca.gob.mx\/index.php?rest_route=\/wp\/v2\/media\/50709"}],"wp:attachment":[{"href":"https:\/\/cuernavaca.gob.mx\/index.php?rest_route=%2Fwp%2Fv2%2Fmedia&parent=50704"}],"wp:term":[{"taxonomy":"category","embeddable":true,"href":"https:\/\/cuernavaca.gob.mx\/index.php?rest_route=%2Fwp%2Fv2%2Fcategories&post=50704"},{"taxonomy":"post_tag","embeddable":true,"href":"https:\/\/cuernavaca.gob.mx\/index.php?rest_route=%2Fwp%2Fv2%2Ftags&post=50704"}],"curies":[{"name":"wp","href":"https:\/\/api.w.org\/{rel}","templated":true}]}}