{"id":50739,"date":"2025-06-12T08:00:05","date_gmt":"2025-06-12T14:00:05","guid":{"rendered":"https:\/\/cuernavaca.gob.mx\/?p=50739"},"modified":"2025-06-12T10:06:56","modified_gmt":"2025-06-12T16:06:56","slug":"b301-12-06-25-acuerdan-instituto-de-la-mujer-y-ayudantes-municipales-llevar-servicios-y-asesorias-a-colonias-y-comunidades","status":"publish","type":"post","link":"https:\/\/cuernavaca.gob.mx\/?p=50739","title":{"rendered":"B301 12\/06\/25 ACUERDAN INSTITUTO DE LA MUJER Y AYUDANTES MUNICIPALES LLEVAR SERVICIOS Y ASESOR\u00cdAS A COLONIAS Y COMUNIDADES"},"content":{"rendered":"<p><strong>\u2022 La titular del IMC reiter\u00f3 la invitaci\u00f3n a aprovechar servicios como las jornadas de erradicaci\u00f3n de la violencia los d\u00edas 25 de cada mes, los Puntos Violeta de auxilio a mujeres y la reciente convocatoria Comex Bien Hecho<\/strong><\/p>\n<p><strong>\u2022 Autoridades auxiliares de Ocotepec, Chipitl\u00e1n y Buena Vista del Monte acuerdan impulsar acciones para prevenir la violencia y fortalecer la autonom\u00eda de las mujeres<\/strong><\/p>\n<p>En una reuni\u00f3n de trabajo con ayudantes municipales, la directora del Instituto de la Mujer de Cuernavaca (IMC), Lorena Elizabeth Castillo, present\u00f3 los programas y actividades del organismo, mismos que puso a disposici\u00f3n de las mujeres de sus respectivas colonias y comunidades.<\/p>\n<p>La titular del IMC invit\u00f3 a Ricardo Santana Rosas (Ocotepec), Edwin Jos\u00e9 G\u00f3mez Mart\u00ednez (Chipitl\u00e1n) y Reyes Gonz\u00e1lez Gonz\u00e1lez (Buena Vista del Monte) a solicitar servicios como pl\u00e1ticas de prevenci\u00f3n de violencia contra ni\u00f1as, adolescentes y mujeres; talleres de Fortalecimiento de la Autonom\u00eda Econ\u00f3mica de las Mujeres (FAEM); as\u00ed como asesor\u00edas psicol\u00f3gicas y jur\u00eddicas, entre otros.<\/p>\n<p>Durante el encuentro, Emerson Vergel Uribe, jefe del Departamento de Enlace con Ayudant\u00edas del Ayuntamiento, destac\u00f3 que las delegaciones y ayudant\u00edas municipales pueden apoyar en promocionar y llevar las actividades y beneficios del IMC hasta las mujeres de colonias y comunidades.<\/p>\n<p>Lorena Castillo subray\u00f3 que estas acciones est\u00e1n a cargo del equipo del IMC, integrado por Roc\u00edo Sol\u00eds (Directora de Servicio Integral y Equidad de G\u00e9nero), Harung D\u00e1vila (Primer Contacto), Anah\u00ed M\u00e9rida (\u00e1rea psicol\u00f3gica), Yuritzia Castillo (\u00e1rea jur\u00eddica) y Benjam\u00edn Nava (Unidad de Masculinidades).<\/p>\n<p>Finalmente, la directora se\u00f1al\u00f3 que la experiencia de tres a\u00f1os de colaboraci\u00f3n con autoridades auxiliares del municipio ha permitido ampliar y fortalecer estas alianzas. Reiter\u00f3 la invitaci\u00f3n a aprovechar servicios como las jornadas de erradicaci\u00f3n de la violencia los d\u00edas 25 de cada mes, los Puntos Violeta de auxilio a mujeres y la reciente convocatoria Comex Bien Hecho, enfocada en el mejoramiento de entornos p\u00fablicos.<\/p>\n\n\t\t<style type=\"text\/css\">\n\t\t\t#gallery-1 {\n\t\t\t\tmargin: auto;\n\t\t\t}\n\t\t\t#gallery-1 .gallery-item {\n\t\t\t\tfloat: left;\n\t\t\t\tmargin-top: 10px;\n\t\t\t\ttext-align: center;\n\t\t\t\twidth: 33%;\n\t\t\t}\n\t\t\t#gallery-1 img {\n\t\t\t\tborder: 2px solid #cfcfcf;\n\t\t\t}\n\t\t\t#gallery-1 .gallery-caption {\n\t\t\t\tmargin-left: 0;\n\t\t\t}\n\t\t\t\/* see gallery_shortcode() in wp-includes\/media.php *\/\n\t\t<\/style>\n\t\t<div id='gallery-1' class='gallery galleryid-50739 gallery-columns-3 gallery-size-thumbnail'><dl class='gallery-item'>\n\t\t\t<dt class='gallery-icon landscape'>\n\t\t\t\t<a href='https:\/\/cuernavaca.gob.mx\/?attachment_id=50740'><img width=\"150\" height=\"150\" src=\"https:\/\/cuernavaca.gob.mx\/wp-content\/uploads\/2025\/06\/ACUERDAN-INSTITUTO-DE-LA-MUJER-Y-AYUDANTES-MUNICIPALES-LLEVAR-SERVICIOS-Y-ASESORI\u0301AS-A-COLONIAS-Y-COMUNIDADES-1-150x150.jpg\" class=\"attachment-thumbnail size-thumbnail\" alt=\"\" loading=\"lazy\" \/><\/a>\n\t\t\t<\/dt><\/dl><dl class='gallery-item'>\n\t\t\t<dt class='gallery-icon landscape'>\n\t\t\t\t<a href='https:\/\/cuernavaca.gob.mx\/?attachment_id=50741'><img width=\"150\" height=\"150\" src=\"https:\/\/cuernavaca.gob.mx\/wp-content\/uploads\/2025\/06\/ACUERDAN-INSTITUTO-DE-LA-MUJER-Y-AYUDANTES-MUNICIPALES-LLEVAR-SERVICIOS-Y-ASESORI\u0301AS-A-COLONIAS-Y-COMUNIDADES-2-150x150.jpg\" class=\"attachment-thumbnail size-thumbnail\" alt=\"\" loading=\"lazy\" \/><\/a>\n\t\t\t<\/dt><\/dl><dl class='gallery-item'>\n\t\t\t<dt class='gallery-icon landscape'>\n\t\t\t\t<a href='https:\/\/cuernavaca.gob.mx\/?attachment_id=50742'><img width=\"150\" height=\"150\" src=\"https:\/\/cuernavaca.gob.mx\/wp-content\/uploads\/2025\/06\/ACUERDAN-INSTITUTO-DE-LA-MUJER-Y-AYUDANTES-MUNICIPALES-LLEVAR-SERVICIOS-Y-ASESORI\u0301AS-A-COLONIAS-Y-COMUNIDADES-3-150x150.jpg\" class=\"attachment-thumbnail size-thumbnail\" alt=\"\" loading=\"lazy\" \/><\/a>\n\t\t\t<\/dt><\/dl><br style=\"clear: both\" \/>\n\t\t<\/div>\n\n<p>&nbsp;<\/p>\n","protected":false},"excerpt":{"rendered":"<p>\u2022 La titular del IMC reiter\u00f3 la invitaci\u00f3n a aprovechar servicios como las jornadas de erradicaci\u00f3n de la violencia los d\u00edas 25 de cada mes, los Puntos Violeta de auxilio a mujeres y la reciente convocatoria Comex Bien Hecho \u2022 Autoridades auxiliares de Ocotepec, Chipitl\u00e1n y Buena Vista del Monte acuerdan impulsar acciones para prevenir [&hellip;]<\/p>\n","protected":false},"author":1,"featured_media":50742,"comment_status":"closed","ping_status":"open","sticky":false,"template":"","format":"standard","meta":[],"categories":[280],"tags":[715,121,120,206,388,127,403,2396],"aioseo_notices":[],"_links":{"self":[{"href":"https:\/\/cuernavaca.gob.mx\/index.php?rest_route=\/wp\/v2\/posts\/50739"}],"collection":[{"href":"https:\/\/cuernavaca.gob.mx\/index.php?rest_route=\/wp\/v2\/posts"}],"about":[{"href":"https:\/\/cuernavaca.gob.mx\/index.php?rest_route=\/wp\/v2\/types\/post"}],"author":[{"embeddable":true,"href":"https:\/\/cuernavaca.gob.mx\/index.php?rest_route=\/wp\/v2\/users\/1"}],"replies":[{"embeddable":true,"href":"https:\/\/cuernavaca.gob.mx\/index.php?rest_route=%2Fwp%2Fv2%2Fcomments&post=50739"}],"version-history":[{"count":1,"href":"https:\/\/cuernavaca.gob.mx\/index.php?rest_route=\/wp\/v2\/posts\/50739\/revisions"}],"predecessor-version":[{"id":50743,"href":"https:\/\/cuernavaca.gob.mx\/index.php?rest_route=\/wp\/v2\/posts\/50739\/revisions\/50743"}],"wp:featuredmedia":[{"embeddable":true,"href":"https:\/\/cuernavaca.gob.mx\/index.php?rest_route=\/wp\/v2\/media\/50742"}],"wp:attachment":[{"href":"https:\/\/cuernavaca.gob.mx\/index.php?rest_route=%2Fwp%2Fv2%2Fmedia&parent=50739"}],"wp:term":[{"taxonomy":"category","embeddable":true,"href":"https:\/\/cuernavaca.gob.mx\/index.php?rest_route=%2Fwp%2Fv2%2Fcategories&post=50739"},{"taxonomy":"post_tag","embeddable":true,"href":"https:\/\/cuernavaca.gob.mx\/index.php?rest_route=%2Fwp%2Fv2%2Ftags&post=50739"}],"curies":[{"name":"wp","href":"https:\/\/api.w.org\/{rel}","templated":true}]}}