{"id":50745,"date":"2025-06-12T10:00:01","date_gmt":"2025-06-12T16:00:01","guid":{"rendered":"https:\/\/cuernavaca.gob.mx\/?p=50745"},"modified":"2025-06-12T10:28:08","modified_gmt":"2025-06-12T16:28:08","slug":"b302-12-06-25-refuerza-cuernavaca-la-seguridad-con-operativos-y-acciones-preventivas","status":"publish","type":"post","link":"https:\/\/cuernavaca.gob.mx\/?p=50745","title":{"rendered":"B302 12\/06\/25 REFUERZA CUERNAVACA LA SEGURIDAD CON OPERATIVOS Y ACCIONES PREVENTIVAS"},"content":{"rendered":"<p><strong>\u2022 El titular de la SEPRAC exhorta a la ciudadan\u00eda a reportar cualquier emergencia en Cuernavaca al n\u00famero del C4: 777-312-12-74.<\/strong><\/p>\n<p>Como parte del compromiso firme del presidente municipal, Jos\u00e9 Luis Uri\u00f3stegui Salgado, para garantizar la seguridad y la tranquilidad de las familias, el Ayuntamiento de Cuernavaca, a trav\u00e9s de la Secretar\u00eda de Protecci\u00f3n y Auxilio Ciudadano (SEPRAC), ha intensificado operativos interinstitucionales, acciones de prevenci\u00f3n y vigilancia en todo el municipio.<\/p>\n<p>Con el objetivo de prevenir el delito y responder con eficacia ante cualquier amenaza a la seguridad de Cuernavaca, la SEPRAC, informa que del 01 al 11 de junio se realiz\u00f3 la detenci\u00f3n de 55 personas, de las cuales siete fueron puestas a disposici\u00f3n del Ministerio P\u00fablico y 48 ante el Juez C\u00edvico.<\/p>\n<p>Entre las personas detenidas y puestas a disposici\u00f3n del Ministerio P\u00fablico, se encuentran, Juan \u201cN\u201d por su probable participaci\u00f3n en el delito de acoso u hostigamiento sexual; Romualdo \u201cN\u201d, por su probable participaci\u00f3n en delitos contra la salud; Blanca Estela \u201cN\u201d por su probable participaci\u00f3n en el delito de posesi\u00f3n de veh\u00edculo de procedencia il\u00edcita; Julio C\u00e9sar \u201cN\u201d por su probable participaci\u00f3n en el delito de posesi\u00f3n de veh\u00edculo de procedencia il\u00edcita; Armando \u201cN\u201d por su probable participaci\u00f3n en el delito de robo a comercio; Marco Antonio \u201cN\u201d por su probable participaci\u00f3n en el delito de portaci\u00f3n de arma de fuego y Jos\u00e9 Alejandro \u201cN\u201d por su probable participaci\u00f3n en el delito de posesi\u00f3n de veh\u00edculo con alteraci\u00f3n en sus medios de identificaci\u00f3n.<\/p>\n<p>Adem\u00e1s, se recuperaron cinco veh\u00edculos; cuatro autos y una moto con reporte de robo vigente, dando un total de 88 unidades automotoras recuperadas del 01 de enero al 11 de junio.<br \/>\nVeh\u00edculos recuperados:<br \/>\n\u2022 Veh\u00edculo Volkswagen Tipo Derby, con placas PZF617B del estado de Morelos<br \/>\n\u2022 Veh\u00edculo Marca Dodge Ram, color gris, sin placas. Con reporte de robo vigente<br \/>\n\u2022 Veh\u00edculo Ford Fiesta, color blanco con placas PDU1274<br \/>\n\u2022 Veh\u00edculo Honda, color azul, a\u00f1o 2018, placas MKY808<br \/>\n\u2022 Motocicleta Italika, color gris, placas 02RAD5<\/p>\n<p>Cabe resaltar que, a partir del mes de febrero ha sido la coordinaci\u00f3n interinstitucional con la Secretar\u00eda de la Defensa Nacional (SEDENA), la Guardia Nacional y municipios aleda\u00f1os, con quienes se han implementado operativos interinstitucionales, los cuales tienen como finalidad optimizar recursos ante cualquier amenaza a la seguridad de Cuernavaca.<\/p>\n<p>A fin de reducir factores de riesgo y fortalecer la proximidad ciudadana, se han implementado recorridos pie-tierra, patrullajes nocturnos, filtros de revisi\u00f3n, y revisiones preventivas en zonas comerciales, centros de esparcimiento y puntos estrat\u00e9gicos de alta movilidad, entre los que destacan: Escuela Segura, Moto Segura, T\u00e1ctico Drones, Cortina Segura, Presencia M\u00e1xima, Puntos de Inspecci\u00f3n, Espiral, Interinstitucional, Ruta Segura, Mercado Seguro, Sendero Seguro, Proximidad Social y C\u00f3digo Rojo.<\/p>\n<p>Asimismo, se han reforzado las acciones de prevenci\u00f3n de la violencia y el delito, priorizando la cercan\u00eda con la ciudadan\u00eda y la atenci\u00f3n oportuna a situaciones de riesgo. Durante la fecha a trav\u00e9s de la Direcci\u00f3n General de Prevenci\u00f3n Social de la Violencia se han impartido en escuelas pl\u00e1ticas a ni\u00f1os y j\u00f3venes sobre prevenci\u00f3n de adicciones, violencia escolar, presi\u00f3n social y toma de decisiones, autoestima y salud emocional, as\u00ed como el uso responsable de redes sociales.<\/p>\n<p>Estas acciones forman parte de la estrategia integral del Ayuntamiento de Cuernavaca para generar entornos m\u00e1s seguros y fortalecer el tejido social desde la prevenci\u00f3n por la ciudad que merecemos.<\/p>\n<p>El titular de la SEPRAC, Guillermo Garc\u00eda Delgado hace el llamado a la ciudadan\u00eda en caso de presentar alguna emergencia en Cuernavaca comunicarse al C4 777-312-12-74.<\/p>\n\n\t\t<style type=\"text\/css\">\n\t\t\t#gallery-1 {\n\t\t\t\tmargin: auto;\n\t\t\t}\n\t\t\t#gallery-1 .gallery-item {\n\t\t\t\tfloat: left;\n\t\t\t\tmargin-top: 10px;\n\t\t\t\ttext-align: center;\n\t\t\t\twidth: 33%;\n\t\t\t}\n\t\t\t#gallery-1 img {\n\t\t\t\tborder: 2px solid #cfcfcf;\n\t\t\t}\n\t\t\t#gallery-1 .gallery-caption {\n\t\t\t\tmargin-left: 0;\n\t\t\t}\n\t\t\t\/* see gallery_shortcode() in wp-includes\/media.php *\/\n\t\t<\/style>\n\t\t<div id='gallery-1' class='gallery galleryid-50745 gallery-columns-3 gallery-size-thumbnail'><dl class='gallery-item'>\n\t\t\t<dt class='gallery-icon landscape'>\n\t\t\t\t<a href='https:\/\/cuernavaca.gob.mx\/?attachment_id=50746'><img width=\"150\" height=\"150\" src=\"https:\/\/cuernavaca.gob.mx\/wp-content\/uploads\/2025\/06\/REFUERZA-CUERNAVACA-LA-SEGURIDAD-CON-OPERATIVOS-Y-ACCIONES-PREVENTIVAS-1-150x150.jpg\" class=\"attachment-thumbnail size-thumbnail\" alt=\"\" loading=\"lazy\" srcset=\"https:\/\/cuernavaca.gob.mx\/wp-content\/uploads\/2025\/06\/REFUERZA-CUERNAVACA-LA-SEGURIDAD-CON-OPERATIVOS-Y-ACCIONES-PREVENTIVAS-1-150x150.jpg 150w, https:\/\/cuernavaca.gob.mx\/wp-content\/uploads\/2025\/06\/REFUERZA-CUERNAVACA-LA-SEGURIDAD-CON-OPERATIVOS-Y-ACCIONES-PREVENTIVAS-1-300x300.jpg 300w, https:\/\/cuernavaca.gob.mx\/wp-content\/uploads\/2025\/06\/REFUERZA-CUERNAVACA-LA-SEGURIDAD-CON-OPERATIVOS-Y-ACCIONES-PREVENTIVAS-1-1024x1024.jpg 1024w, https:\/\/cuernavaca.gob.mx\/wp-content\/uploads\/2025\/06\/REFUERZA-CUERNAVACA-LA-SEGURIDAD-CON-OPERATIVOS-Y-ACCIONES-PREVENTIVAS-1-768x768.jpg 768w, https:\/\/cuernavaca.gob.mx\/wp-content\/uploads\/2025\/06\/REFUERZA-CUERNAVACA-LA-SEGURIDAD-CON-OPERATIVOS-Y-ACCIONES-PREVENTIVAS-1-600x600.jpg 600w, https:\/\/cuernavaca.gob.mx\/wp-content\/uploads\/2025\/06\/REFUERZA-CUERNAVACA-LA-SEGURIDAD-CON-OPERATIVOS-Y-ACCIONES-PREVENTIVAS-1-560x560.jpg 560w, https:\/\/cuernavaca.gob.mx\/wp-content\/uploads\/2025\/06\/REFUERZA-CUERNAVACA-LA-SEGURIDAD-CON-OPERATIVOS-Y-ACCIONES-PREVENTIVAS-1.jpg 1080w\" sizes=\"(max-width: 150px) 100vw, 150px\" \/><\/a>\n\t\t\t<\/dt><\/dl><dl class='gallery-item'>\n\t\t\t<dt class='gallery-icon landscape'>\n\t\t\t\t<a href='https:\/\/cuernavaca.gob.mx\/?attachment_id=50747'><img width=\"150\" height=\"150\" src=\"https:\/\/cuernavaca.gob.mx\/wp-content\/uploads\/2025\/06\/REFUERZA-CUERNAVACA-LA-SEGURIDAD-CON-OPERATIVOS-Y-ACCIONES-PREVENTIVAS-2-150x150.jpg\" class=\"attachment-thumbnail size-thumbnail\" alt=\"\" loading=\"lazy\" srcset=\"https:\/\/cuernavaca.gob.mx\/wp-content\/uploads\/2025\/06\/REFUERZA-CUERNAVACA-LA-SEGURIDAD-CON-OPERATIVOS-Y-ACCIONES-PREVENTIVAS-2-150x150.jpg 150w, https:\/\/cuernavaca.gob.mx\/wp-content\/uploads\/2025\/06\/REFUERZA-CUERNAVACA-LA-SEGURIDAD-CON-OPERATIVOS-Y-ACCIONES-PREVENTIVAS-2-300x298.jpg 300w, https:\/\/cuernavaca.gob.mx\/wp-content\/uploads\/2025\/06\/REFUERZA-CUERNAVACA-LA-SEGURIDAD-CON-OPERATIVOS-Y-ACCIONES-PREVENTIVAS-2-768x763.jpg 768w, https:\/\/cuernavaca.gob.mx\/wp-content\/uploads\/2025\/06\/REFUERZA-CUERNAVACA-LA-SEGURIDAD-CON-OPERATIVOS-Y-ACCIONES-PREVENTIVAS-2-600x596.jpg 600w, https:\/\/cuernavaca.gob.mx\/wp-content\/uploads\/2025\/06\/REFUERZA-CUERNAVACA-LA-SEGURIDAD-CON-OPERATIVOS-Y-ACCIONES-PREVENTIVAS-2-560x557.jpg 560w, https:\/\/cuernavaca.gob.mx\/wp-content\/uploads\/2025\/06\/REFUERZA-CUERNAVACA-LA-SEGURIDAD-CON-OPERATIVOS-Y-ACCIONES-PREVENTIVAS-2.jpg 960w\" sizes=\"(max-width: 150px) 100vw, 150px\" \/><\/a>\n\t\t\t<\/dt><\/dl><dl class='gallery-item'>\n\t\t\t<dt class='gallery-icon landscape'>\n\t\t\t\t<a href='https:\/\/cuernavaca.gob.mx\/?attachment_id=50748'><img width=\"150\" height=\"150\" src=\"https:\/\/cuernavaca.gob.mx\/wp-content\/uploads\/2025\/06\/REFUERZA-CUERNAVACA-LA-SEGURIDAD-CON-OPERATIVOS-Y-ACCIONES-PREVENTIVAS-3-150x150.jpg\" class=\"attachment-thumbnail size-thumbnail\" alt=\"\" loading=\"lazy\" srcset=\"https:\/\/cuernavaca.gob.mx\/wp-content\/uploads\/2025\/06\/REFUERZA-CUERNAVACA-LA-SEGURIDAD-CON-OPERATIVOS-Y-ACCIONES-PREVENTIVAS-3-150x150.jpg 150w, https:\/\/cuernavaca.gob.mx\/wp-content\/uploads\/2025\/06\/REFUERZA-CUERNAVACA-LA-SEGURIDAD-CON-OPERATIVOS-Y-ACCIONES-PREVENTIVAS-3-300x300.jpg 300w, https:\/\/cuernavaca.gob.mx\/wp-content\/uploads\/2025\/06\/REFUERZA-CUERNAVACA-LA-SEGURIDAD-CON-OPERATIVOS-Y-ACCIONES-PREVENTIVAS-3-1024x1024.jpg 1024w, https:\/\/cuernavaca.gob.mx\/wp-content\/uploads\/2025\/06\/REFUERZA-CUERNAVACA-LA-SEGURIDAD-CON-OPERATIVOS-Y-ACCIONES-PREVENTIVAS-3-768x768.jpg 768w, https:\/\/cuernavaca.gob.mx\/wp-content\/uploads\/2025\/06\/REFUERZA-CUERNAVACA-LA-SEGURIDAD-CON-OPERATIVOS-Y-ACCIONES-PREVENTIVAS-3-1536x1536.jpg 1536w, https:\/\/cuernavaca.gob.mx\/wp-content\/uploads\/2025\/06\/REFUERZA-CUERNAVACA-LA-SEGURIDAD-CON-OPERATIVOS-Y-ACCIONES-PREVENTIVAS-3-600x600.jpg 600w, https:\/\/cuernavaca.gob.mx\/wp-content\/uploads\/2025\/06\/REFUERZA-CUERNAVACA-LA-SEGURIDAD-CON-OPERATIVOS-Y-ACCIONES-PREVENTIVAS-3-560x560.jpg 560w, https:\/\/cuernavaca.gob.mx\/wp-content\/uploads\/2025\/06\/REFUERZA-CUERNAVACA-LA-SEGURIDAD-CON-OPERATIVOS-Y-ACCIONES-PREVENTIVAS-3.jpg 1600w\" sizes=\"(max-width: 150px) 100vw, 150px\" \/><\/a>\n\t\t\t<\/dt><\/dl><br style=\"clear: both\" \/><dl class='gallery-item'>\n\t\t\t<dt class='gallery-icon landscape'>\n\t\t\t\t<a href='https:\/\/cuernavaca.gob.mx\/?attachment_id=50749'><img width=\"150\" height=\"150\" src=\"https:\/\/cuernavaca.gob.mx\/wp-content\/uploads\/2025\/06\/REFUERZA-CUERNAVACA-LA-SEGURIDAD-CON-OPERATIVOS-Y-ACCIONES-PREVENTIVAS-150x150.jpg\" class=\"attachment-thumbnail size-thumbnail\" alt=\"\" loading=\"lazy\" srcset=\"https:\/\/cuernavaca.gob.mx\/wp-content\/uploads\/2025\/06\/REFUERZA-CUERNAVACA-LA-SEGURIDAD-CON-OPERATIVOS-Y-ACCIONES-PREVENTIVAS-150x150.jpg 150w, https:\/\/cuernavaca.gob.mx\/wp-content\/uploads\/2025\/06\/REFUERZA-CUERNAVACA-LA-SEGURIDAD-CON-OPERATIVOS-Y-ACCIONES-PREVENTIVAS-300x300.jpg 300w, https:\/\/cuernavaca.gob.mx\/wp-content\/uploads\/2025\/06\/REFUERZA-CUERNAVACA-LA-SEGURIDAD-CON-OPERATIVOS-Y-ACCIONES-PREVENTIVAS-1024x1024.jpg 1024w, https:\/\/cuernavaca.gob.mx\/wp-content\/uploads\/2025\/06\/REFUERZA-CUERNAVACA-LA-SEGURIDAD-CON-OPERATIVOS-Y-ACCIONES-PREVENTIVAS-768x768.jpg 768w, https:\/\/cuernavaca.gob.mx\/wp-content\/uploads\/2025\/06\/REFUERZA-CUERNAVACA-LA-SEGURIDAD-CON-OPERATIVOS-Y-ACCIONES-PREVENTIVAS-1536x1536.jpg 1536w, https:\/\/cuernavaca.gob.mx\/wp-content\/uploads\/2025\/06\/REFUERZA-CUERNAVACA-LA-SEGURIDAD-CON-OPERATIVOS-Y-ACCIONES-PREVENTIVAS-600x600.jpg 600w, https:\/\/cuernavaca.gob.mx\/wp-content\/uploads\/2025\/06\/REFUERZA-CUERNAVACA-LA-SEGURIDAD-CON-OPERATIVOS-Y-ACCIONES-PREVENTIVAS-560x560.jpg 560w, https:\/\/cuernavaca.gob.mx\/wp-content\/uploads\/2025\/06\/REFUERZA-CUERNAVACA-LA-SEGURIDAD-CON-OPERATIVOS-Y-ACCIONES-PREVENTIVAS.jpg 1600w\" sizes=\"(max-width: 150px) 100vw, 150px\" \/><\/a>\n\t\t\t<\/dt><\/dl>\n\t\t\t<br style='clear: both' \/>\n\t\t<\/div>\n\n","protected":false},"excerpt":{"rendered":"<p>\u2022 El titular de la SEPRAC exhorta a la ciudadan\u00eda a reportar cualquier emergencia en Cuernavaca al n\u00famero del C4: 777-312-12-74. Como parte del compromiso firme del presidente municipal, Jos\u00e9 Luis Uri\u00f3stegui Salgado, para garantizar la seguridad y la tranquilidad de las familias, el Ayuntamiento de Cuernavaca, a trav\u00e9s de la Secretar\u00eda de Protecci\u00f3n y [&hellip;]<\/p>\n","protected":false},"author":1,"featured_media":50748,"comment_status":"closed","ping_status":"open","sticky":false,"template":"","format":"standard","meta":[],"categories":[17],"tags":[2582,121,120,206,127,414,125],"aioseo_notices":[],"_links":{"self":[{"href":"https:\/\/cuernavaca.gob.mx\/index.php?rest_route=\/wp\/v2\/posts\/50745"}],"collection":[{"href":"https:\/\/cuernavaca.gob.mx\/index.php?rest_route=\/wp\/v2\/posts"}],"about":[{"href":"https:\/\/cuernavaca.gob.mx\/index.php?rest_route=\/wp\/v2\/types\/post"}],"author":[{"embeddable":true,"href":"https:\/\/cuernavaca.gob.mx\/index.php?rest_route=\/wp\/v2\/users\/1"}],"replies":[{"embeddable":true,"href":"https:\/\/cuernavaca.gob.mx\/index.php?rest_route=%2Fwp%2Fv2%2Fcomments&post=50745"}],"version-history":[{"count":1,"href":"https:\/\/cuernavaca.gob.mx\/index.php?rest_route=\/wp\/v2\/posts\/50745\/revisions"}],"predecessor-version":[{"id":50750,"href":"https:\/\/cuernavaca.gob.mx\/index.php?rest_route=\/wp\/v2\/posts\/50745\/revisions\/50750"}],"wp:featuredmedia":[{"embeddable":true,"href":"https:\/\/cuernavaca.gob.mx\/index.php?rest_route=\/wp\/v2\/media\/50748"}],"wp:attachment":[{"href":"https:\/\/cuernavaca.gob.mx\/index.php?rest_route=%2Fwp%2Fv2%2Fmedia&parent=50745"}],"wp:term":[{"taxonomy":"category","embeddable":true,"href":"https:\/\/cuernavaca.gob.mx\/index.php?rest_route=%2Fwp%2Fv2%2Fcategories&post=50745"},{"taxonomy":"post_tag","embeddable":true,"href":"https:\/\/cuernavaca.gob.mx\/index.php?rest_route=%2Fwp%2Fv2%2Ftags&post=50745"}],"curies":[{"name":"wp","href":"https:\/\/api.w.org\/{rel}","templated":true}]}}