{"id":50751,"date":"2025-06-12T13:26:33","date_gmt":"2025-06-12T19:26:33","guid":{"rendered":"https:\/\/cuernavaca.gob.mx\/?p=50751"},"modified":"2025-06-12T13:26:33","modified_gmt":"2025-06-12T19:26:33","slug":"b304-12-06-26-cuernavaca-se-suma-a-la-construccion-de-una-gobernanza-metropolitana-sustentable-jose-luis-uriostegui","status":"publish","type":"post","link":"https:\/\/cuernavaca.gob.mx\/?p=50751","title":{"rendered":"B304 12\/06\/26 CUERNAVACA SE SUMA A LA CONSTRUCCI\u00d3N DE UNA GOBERNANZA METROPOLITANA SUSTENTABLE: JOS\u00c9 LUIS URI\u00d3STEGUI"},"content":{"rendered":"<p><strong>\u2022 El alcalde de Cuernavaca refrenda compromiso con una agenda urbana incluyente, sustentable y coordinada en el marco del Segundo Encuentro de Sistematizaci\u00f3n del Modelo de Gobernanza Metropolitana Sustentable<\/strong><\/p>\n<p>Con el firme compromiso de impulsar una planeaci\u00f3n urbana con visi\u00f3n regional y sustentable, el presidente municipal de Cuernavaca, Jos\u00e9 Luis Uri\u00f3stegui Salgado, particip\u00f3 este jueves en el Segundo Encuentro de Sistematizaci\u00f3n del Modelo de Gobernanza Metropolitana Sustentable, convocado por el Gobierno del Estado de Morelos.<\/p>\n<p>Durante su intervenci\u00f3n, Uri\u00f3stegui Salgado manifest\u00f3 su total disposici\u00f3n para sumarse a todas las acciones que fortalezcan la consolidaci\u00f3n de una zona metropolitana ordenada y sostenible, a trav\u00e9s del trabajo conjunto no s\u00f3lo entre los ayuntamientos que la conforman, sino tambi\u00e9n en coordinaci\u00f3n con el Gobierno Estatal y el Gobierno Federal.<\/p>\n<p>Como parte de la jornada, el alcalde sostuvo un di\u00e1logo con el reconocido arquitecto y urbanista Rub\u00e9n Pesci, en torno a la creaci\u00f3n de una agenda com\u00fan basada en principios de sustentabilidad, inclusi\u00f3n y trabajo interinstitucional, reconociendo a la zona metropolitana como un conjunto urbano con retos y oportunidades compartidas.<\/p>\n<p>Uri\u00f3stegui Salgado estuvo acompa\u00f1ado por el secretario de Desarrollo Urbano y Obras P\u00fablicas, Demetrio Chavira de la Torre; el secretario de Desarrollo Sustentable y Servicios P\u00fablicos, Guillermo L\u00f3pez Mej\u00eda, y la directora de Vinculaci\u00f3n Metropolitana, Brenda Garc\u00eda Pineda.<\/p>\n<p>Con estas acciones, el Gobierno Municipal de Cuernavaca reafirma su compromiso de contribuir a un modelo de ciudad que privilegie la planeaci\u00f3n, el orden territorial y el bienestar com\u00fan como pilares del desarrollo metropolitano que merecen las y los ciudadanos.<\/p>\n<p>&nbsp;<\/p>\n\n\t\t<style type=\"text\/css\">\n\t\t\t#gallery-1 {\n\t\t\t\tmargin: auto;\n\t\t\t}\n\t\t\t#gallery-1 .gallery-item {\n\t\t\t\tfloat: left;\n\t\t\t\tmargin-top: 10px;\n\t\t\t\ttext-align: center;\n\t\t\t\twidth: 33%;\n\t\t\t}\n\t\t\t#gallery-1 img {\n\t\t\t\tborder: 2px solid #cfcfcf;\n\t\t\t}\n\t\t\t#gallery-1 .gallery-caption {\n\t\t\t\tmargin-left: 0;\n\t\t\t}\n\t\t\t\/* see gallery_shortcode() in wp-includes\/media.php *\/\n\t\t<\/style>\n\t\t<div id='gallery-1' class='gallery galleryid-50751 gallery-columns-3 gallery-size-thumbnail'><dl class='gallery-item'>\n\t\t\t<dt class='gallery-icon landscape'>\n\t\t\t\t<a href='https:\/\/cuernavaca.gob.mx\/?attachment_id=50752'><img width=\"150\" height=\"150\" src=\"https:\/\/cuernavaca.gob.mx\/wp-content\/uploads\/2025\/06\/CUERNAVACA-SE-SUMA-A-LA-CONSTRUCCIO\u0301N-DE-UNA-GOBERNANZA-METROPOLITANA-SUSTENTABLE-1-150x150.jpg\" class=\"attachment-thumbnail size-thumbnail\" alt=\"\" loading=\"lazy\" \/><\/a>\n\t\t\t<\/dt><\/dl><dl class='gallery-item'>\n\t\t\t<dt class='gallery-icon landscape'>\n\t\t\t\t<a href='https:\/\/cuernavaca.gob.mx\/?attachment_id=50753'><img width=\"150\" height=\"150\" src=\"https:\/\/cuernavaca.gob.mx\/wp-content\/uploads\/2025\/06\/CUERNAVACA-SE-SUMA-A-LA-CONSTRUCCIO\u0301N-DE-UNA-GOBERNANZA-METROPOLITANA-SUSTENTABLE-2-150x150.jpg\" class=\"attachment-thumbnail size-thumbnail\" alt=\"\" loading=\"lazy\" \/><\/a>\n\t\t\t<\/dt><\/dl><dl class='gallery-item'>\n\t\t\t<dt class='gallery-icon landscape'>\n\t\t\t\t<a href='https:\/\/cuernavaca.gob.mx\/?attachment_id=50754'><img width=\"150\" height=\"150\" src=\"https:\/\/cuernavaca.gob.mx\/wp-content\/uploads\/2025\/06\/CUERNAVACA-SE-SUMA-A-LA-CONSTRUCCIO\u0301N-DE-UNA-GOBERNANZA-METROPOLITANA-SUSTENTABLE-3-150x150.jpg\" class=\"attachment-thumbnail size-thumbnail\" alt=\"\" loading=\"lazy\" \/><\/a>\n\t\t\t<\/dt><\/dl><br style=\"clear: both\" \/><dl class='gallery-item'>\n\t\t\t<dt class='gallery-icon landscape'>\n\t\t\t\t<a href='https:\/\/cuernavaca.gob.mx\/?attachment_id=50755'><img width=\"150\" height=\"150\" src=\"https:\/\/cuernavaca.gob.mx\/wp-content\/uploads\/2025\/06\/CUERNAVACA-SE-SUMA-A-LA-CONSTRUCCIO\u0301N-DE-UNA-GOBERNANZA-METROPOLITANA-SUSTENTABLE-4-150x150.jpg\" class=\"attachment-thumbnail size-thumbnail\" alt=\"\" loading=\"lazy\" \/><\/a>\n\t\t\t<\/dt><\/dl>\n\t\t\t<br style='clear: both' \/>\n\t\t<\/div>\n\n","protected":false},"excerpt":{"rendered":"<p>\u2022 El alcalde de Cuernavaca refrenda compromiso con una agenda urbana incluyente, sustentable y coordinada en el marco del Segundo Encuentro de Sistematizaci\u00f3n del Modelo de Gobernanza Metropolitana Sustentable Con el firme compromiso de impulsar una planeaci\u00f3n urbana con visi\u00f3n regional y sustentable, el presidente municipal de Cuernavaca, Jos\u00e9 Luis Uri\u00f3stegui Salgado, particip\u00f3 este jueves [&hellip;]<\/p>\n","protected":false},"author":1,"featured_media":50755,"comment_status":"closed","ping_status":"open","sticky":false,"template":"","format":"standard","meta":[],"categories":[862],"tags":[121,515,120,127],"aioseo_notices":[],"_links":{"self":[{"href":"https:\/\/cuernavaca.gob.mx\/index.php?rest_route=\/wp\/v2\/posts\/50751"}],"collection":[{"href":"https:\/\/cuernavaca.gob.mx\/index.php?rest_route=\/wp\/v2\/posts"}],"about":[{"href":"https:\/\/cuernavaca.gob.mx\/index.php?rest_route=\/wp\/v2\/types\/post"}],"author":[{"embeddable":true,"href":"https:\/\/cuernavaca.gob.mx\/index.php?rest_route=\/wp\/v2\/users\/1"}],"replies":[{"embeddable":true,"href":"https:\/\/cuernavaca.gob.mx\/index.php?rest_route=%2Fwp%2Fv2%2Fcomments&post=50751"}],"version-history":[{"count":1,"href":"https:\/\/cuernavaca.gob.mx\/index.php?rest_route=\/wp\/v2\/posts\/50751\/revisions"}],"predecessor-version":[{"id":50756,"href":"https:\/\/cuernavaca.gob.mx\/index.php?rest_route=\/wp\/v2\/posts\/50751\/revisions\/50756"}],"wp:featuredmedia":[{"embeddable":true,"href":"https:\/\/cuernavaca.gob.mx\/index.php?rest_route=\/wp\/v2\/media\/50755"}],"wp:attachment":[{"href":"https:\/\/cuernavaca.gob.mx\/index.php?rest_route=%2Fwp%2Fv2%2Fmedia&parent=50751"}],"wp:term":[{"taxonomy":"category","embeddable":true,"href":"https:\/\/cuernavaca.gob.mx\/index.php?rest_route=%2Fwp%2Fv2%2Fcategories&post=50751"},{"taxonomy":"post_tag","embeddable":true,"href":"https:\/\/cuernavaca.gob.mx\/index.php?rest_route=%2Fwp%2Fv2%2Ftags&post=50751"}],"curies":[{"name":"wp","href":"https:\/\/api.w.org\/{rel}","templated":true}]}}