{"id":50761,"date":"2025-06-12T11:00:42","date_gmt":"2025-06-12T17:00:42","guid":{"rendered":"https:\/\/cuernavaca.gob.mx\/?p=50761"},"modified":"2025-06-12T14:00:47","modified_gmt":"2025-06-12T20:00:47","slug":"b303-12-06-25-ayuntamiento-de-cuernavaca-mejora-alumbrado-publico-en-santa-maria-con-jornada-intensiva-de-atencion","status":"publish","type":"post","link":"https:\/\/cuernavaca.gob.mx\/?p=50761","title":{"rendered":"B303 12\/06\/25 AYUNTAMIENTO DE CUERNAVACA MEJORA ALUMBRADO P\u00daBLICO EN SANTA MAR\u00cdA CON JORNADA INTENSIVA DE ATENCI\u00d3N"},"content":{"rendered":"<p><strong>\u2022 Se atendieron m\u00e1s de 15 reportes vecinales con reconexiones, mantenimiento y nuevas luminarias que buscan mejorar la seguridad y calidad de vida de pobladores<\/strong><\/p>\n<p>En atenci\u00f3n directa a las necesidades ciudadanas y por instrucciones del presidente municipal de Cuernavaca, Jos\u00e9 Luis Uri\u00f3stegui Salgado, la Secretar\u00eda de Desarrollo Sustentable y Servicios P\u00fablicos (SDSySP) llev\u00f3 a cabo una jornada intensiva de mantenimiento y rehabilitaci\u00f3n del servicio de alumbrado p\u00fablico en el poblado de Santa Mar\u00eda Ahuacatitl\u00e1n, como parte de la atenci\u00f3n permanente a los 12 poblados originarios de la ciudad.<\/p>\n<p>Durante la intervenci\u00f3n se atendieron m\u00e1s de 15 reportes vecinales, realizando diversas acciones orientadas a mejorar la infraestructura urbana y fortalecer la seguridad p\u00fablica. Entre estas acciones se incluyeron reconexiones el\u00e9ctricas en puntos estrat\u00e9gicos, con prioridad en \u00e1reas de alta circulaci\u00f3n peatonal y vehicular, as\u00ed como el mantenimiento preventivo y correctivo de luminarias, lo que permiti\u00f3 garantizar su correcto funcionamiento y prolongar su vida \u00fatil.<\/p>\n<p>Asimismo, se instalaron nuevas luminarias en zonas que previamente carec\u00edan de cobertura, mejorando la visibilidad y las condiciones de seguridad en la comunidad. Estas acciones forman parte de un plan integral impulsado por el Ayuntamiento de Cuernavaca para mejorar los servicios p\u00fablicos, responder con prontitud a los reportes ciudadanos y garantizar espacios dignos y funcionales para las y los habitantes capitalinos.<\/p>\n<p>La administraci\u00f3n municipal refrenda su compromiso de seguir trabajando de manera cercana a la poblaci\u00f3n, con acciones que mejoren la calidad de vida de las familias cuernavacences.<\/p>\n<p><img loading=\"lazy\" class=\"alignnone size-medium wp-image-50762\" src=\"https:\/\/cuernavaca.gob.mx\/wp-content\/uploads\/2025\/06\/AYUNTAMIENTO-DE-CUERNAVACA-MEJORA-ALUMBRADO-PU\u0301BLICO-EN-SANTA-MARI\u0301A-CON-JORNADA-INTENSIVA-DE-ATENCIO\u0301N-1-300x225.jpg\" alt=\"\" width=\"300\" height=\"225\" srcset=\"https:\/\/cuernavaca.gob.mx\/wp-content\/uploads\/2025\/06\/AYUNTAMIENTO-DE-CUERNAVACA-MEJORA-ALUMBRADO-PU\u0301BLICO-EN-SANTA-MARI\u0301A-CON-JORNADA-INTENSIVA-DE-ATENCIO\u0301N-1-300x225.jpg 300w, https:\/\/cuernavaca.gob.mx\/wp-content\/uploads\/2025\/06\/AYUNTAMIENTO-DE-CUERNAVACA-MEJORA-ALUMBRADO-PU\u0301BLICO-EN-SANTA-MARI\u0301A-CON-JORNADA-INTENSIVA-DE-ATENCIO\u0301N-1-1024x768.jpg 1024w, https:\/\/cuernavaca.gob.mx\/wp-content\/uploads\/2025\/06\/AYUNTAMIENTO-DE-CUERNAVACA-MEJORA-ALUMBRADO-PU\u0301BLICO-EN-SANTA-MARI\u0301A-CON-JORNADA-INTENSIVA-DE-ATENCIO\u0301N-1-768x576.jpg 768w, https:\/\/cuernavaca.gob.mx\/wp-content\/uploads\/2025\/06\/AYUNTAMIENTO-DE-CUERNAVACA-MEJORA-ALUMBRADO-PU\u0301BLICO-EN-SANTA-MARI\u0301A-CON-JORNADA-INTENSIVA-DE-ATENCIO\u0301N-1-1536x1152.jpg 1536w, https:\/\/cuernavaca.gob.mx\/wp-content\/uploads\/2025\/06\/AYUNTAMIENTO-DE-CUERNAVACA-MEJORA-ALUMBRADO-PU\u0301BLICO-EN-SANTA-MARI\u0301A-CON-JORNADA-INTENSIVA-DE-ATENCIO\u0301N-1-600x450.jpg 600w, https:\/\/cuernavaca.gob.mx\/wp-content\/uploads\/2025\/06\/AYUNTAMIENTO-DE-CUERNAVACA-MEJORA-ALUMBRADO-PU\u0301BLICO-EN-SANTA-MARI\u0301A-CON-JORNADA-INTENSIVA-DE-ATENCIO\u0301N-1-560x420.jpg 560w, https:\/\/cuernavaca.gob.mx\/wp-content\/uploads\/2025\/06\/AYUNTAMIENTO-DE-CUERNAVACA-MEJORA-ALUMBRADO-PU\u0301BLICO-EN-SANTA-MARI\u0301A-CON-JORNADA-INTENSIVA-DE-ATENCIO\u0301N-1.jpg 1600w\" sizes=\"(max-width: 300px) 100vw, 300px\" \/> <img loading=\"lazy\" class=\"alignnone size-medium wp-image-50763\" src=\"https:\/\/cuernavaca.gob.mx\/wp-content\/uploads\/2025\/06\/AYUNTAMIENTO-DE-CUERNAVACA-MEJORA-ALUMBRADO-PU\u0301BLICO-EN-SANTA-MARI\u0301A-CON-JORNADA-INTENSIVA-DE-ATENCIO\u0301N-2-300x260.jpg\" alt=\"\" width=\"300\" height=\"260\" srcset=\"https:\/\/cuernavaca.gob.mx\/wp-content\/uploads\/2025\/06\/AYUNTAMIENTO-DE-CUERNAVACA-MEJORA-ALUMBRADO-PU\u0301BLICO-EN-SANTA-MARI\u0301A-CON-JORNADA-INTENSIVA-DE-ATENCIO\u0301N-2-300x260.jpg 300w, https:\/\/cuernavaca.gob.mx\/wp-content\/uploads\/2025\/06\/AYUNTAMIENTO-DE-CUERNAVACA-MEJORA-ALUMBRADO-PU\u0301BLICO-EN-SANTA-MARI\u0301A-CON-JORNADA-INTENSIVA-DE-ATENCIO\u0301N-2-1024x887.jpg 1024w, https:\/\/cuernavaca.gob.mx\/wp-content\/uploads\/2025\/06\/AYUNTAMIENTO-DE-CUERNAVACA-MEJORA-ALUMBRADO-PU\u0301BLICO-EN-SANTA-MARI\u0301A-CON-JORNADA-INTENSIVA-DE-ATENCIO\u0301N-2-768x665.jpg 768w, https:\/\/cuernavaca.gob.mx\/wp-content\/uploads\/2025\/06\/AYUNTAMIENTO-DE-CUERNAVACA-MEJORA-ALUMBRADO-PU\u0301BLICO-EN-SANTA-MARI\u0301A-CON-JORNADA-INTENSIVA-DE-ATENCIO\u0301N-2-1536x1331.jpg 1536w, https:\/\/cuernavaca.gob.mx\/wp-content\/uploads\/2025\/06\/AYUNTAMIENTO-DE-CUERNAVACA-MEJORA-ALUMBRADO-PU\u0301BLICO-EN-SANTA-MARI\u0301A-CON-JORNADA-INTENSIVA-DE-ATENCIO\u0301N-2-600x520.jpg 600w, https:\/\/cuernavaca.gob.mx\/wp-content\/uploads\/2025\/06\/AYUNTAMIENTO-DE-CUERNAVACA-MEJORA-ALUMBRADO-PU\u0301BLICO-EN-SANTA-MARI\u0301A-CON-JORNADA-INTENSIVA-DE-ATENCIO\u0301N-2-560x485.jpg 560w, https:\/\/cuernavaca.gob.mx\/wp-content\/uploads\/2025\/06\/AYUNTAMIENTO-DE-CUERNAVACA-MEJORA-ALUMBRADO-PU\u0301BLICO-EN-SANTA-MARI\u0301A-CON-JORNADA-INTENSIVA-DE-ATENCIO\u0301N-2.jpg 1600w\" sizes=\"(max-width: 300px) 100vw, 300px\" \/> <img loading=\"lazy\" class=\"alignnone size-medium wp-image-50764\" src=\"https:\/\/cuernavaca.gob.mx\/wp-content\/uploads\/2025\/06\/AYUNTAMIENTO-DE-CUERNAVACA-MEJORA-ALUMBRADO-PU\u0301BLICO-EN-SANTA-MARI\u0301A-CON-JORNADA-INTENSIVA-DE-ATENCIO\u0301N-3-300x230.jpg\" alt=\"\" width=\"300\" height=\"230\" srcset=\"https:\/\/cuernavaca.gob.mx\/wp-content\/uploads\/2025\/06\/AYUNTAMIENTO-DE-CUERNAVACA-MEJORA-ALUMBRADO-PU\u0301BLICO-EN-SANTA-MARI\u0301A-CON-JORNADA-INTENSIVA-DE-ATENCIO\u0301N-3-300x230.jpg 300w, https:\/\/cuernavaca.gob.mx\/wp-content\/uploads\/2025\/06\/AYUNTAMIENTO-DE-CUERNAVACA-MEJORA-ALUMBRADO-PU\u0301BLICO-EN-SANTA-MARI\u0301A-CON-JORNADA-INTENSIVA-DE-ATENCIO\u0301N-3-1024x783.jpg 1024w, https:\/\/cuernavaca.gob.mx\/wp-content\/uploads\/2025\/06\/AYUNTAMIENTO-DE-CUERNAVACA-MEJORA-ALUMBRADO-PU\u0301BLICO-EN-SANTA-MARI\u0301A-CON-JORNADA-INTENSIVA-DE-ATENCIO\u0301N-3-768x588.jpg 768w, https:\/\/cuernavaca.gob.mx\/wp-content\/uploads\/2025\/06\/AYUNTAMIENTO-DE-CUERNAVACA-MEJORA-ALUMBRADO-PU\u0301BLICO-EN-SANTA-MARI\u0301A-CON-JORNADA-INTENSIVA-DE-ATENCIO\u0301N-3-1536x1175.jpg 1536w, https:\/\/cuernavaca.gob.mx\/wp-content\/uploads\/2025\/06\/AYUNTAMIENTO-DE-CUERNAVACA-MEJORA-ALUMBRADO-PU\u0301BLICO-EN-SANTA-MARI\u0301A-CON-JORNADA-INTENSIVA-DE-ATENCIO\u0301N-3-600x459.jpg 600w, https:\/\/cuernavaca.gob.mx\/wp-content\/uploads\/2025\/06\/AYUNTAMIENTO-DE-CUERNAVACA-MEJORA-ALUMBRADO-PU\u0301BLICO-EN-SANTA-MARI\u0301A-CON-JORNADA-INTENSIVA-DE-ATENCIO\u0301N-3-560x428.jpg 560w, https:\/\/cuernavaca.gob.mx\/wp-content\/uploads\/2025\/06\/AYUNTAMIENTO-DE-CUERNAVACA-MEJORA-ALUMBRADO-PU\u0301BLICO-EN-SANTA-MARI\u0301A-CON-JORNADA-INTENSIVA-DE-ATENCIO\u0301N-3.jpg 1600w\" sizes=\"(max-width: 300px) 100vw, 300px\" \/><\/p>\n","protected":false},"excerpt":{"rendered":"<p>\u2022 Se atendieron m\u00e1s de 15 reportes vecinales con reconexiones, mantenimiento y nuevas luminarias que buscan mejorar la seguridad y calidad de vida de pobladores En atenci\u00f3n directa a las necesidades ciudadanas y por instrucciones del presidente municipal de Cuernavaca, Jos\u00e9 Luis Uri\u00f3stegui Salgado, la Secretar\u00eda de Desarrollo Sustentable y Servicios P\u00fablicos (SDSySP) llev\u00f3 a [&hellip;]<\/p>\n","protected":false},"author":1,"featured_media":50763,"comment_status":"closed","ping_status":"open","sticky":false,"template":"","format":"standard","meta":[],"categories":[208],"tags":[121,2737,120,1171,127,3874],"aioseo_notices":[],"_links":{"self":[{"href":"https:\/\/cuernavaca.gob.mx\/index.php?rest_route=\/wp\/v2\/posts\/50761"}],"collection":[{"href":"https:\/\/cuernavaca.gob.mx\/index.php?rest_route=\/wp\/v2\/posts"}],"about":[{"href":"https:\/\/cuernavaca.gob.mx\/index.php?rest_route=\/wp\/v2\/types\/post"}],"author":[{"embeddable":true,"href":"https:\/\/cuernavaca.gob.mx\/index.php?rest_route=\/wp\/v2\/users\/1"}],"replies":[{"embeddable":true,"href":"https:\/\/cuernavaca.gob.mx\/index.php?rest_route=%2Fwp%2Fv2%2Fcomments&post=50761"}],"version-history":[{"count":1,"href":"https:\/\/cuernavaca.gob.mx\/index.php?rest_route=\/wp\/v2\/posts\/50761\/revisions"}],"predecessor-version":[{"id":50765,"href":"https:\/\/cuernavaca.gob.mx\/index.php?rest_route=\/wp\/v2\/posts\/50761\/revisions\/50765"}],"wp:featuredmedia":[{"embeddable":true,"href":"https:\/\/cuernavaca.gob.mx\/index.php?rest_route=\/wp\/v2\/media\/50763"}],"wp:attachment":[{"href":"https:\/\/cuernavaca.gob.mx\/index.php?rest_route=%2Fwp%2Fv2%2Fmedia&parent=50761"}],"wp:term":[{"taxonomy":"category","embeddable":true,"href":"https:\/\/cuernavaca.gob.mx\/index.php?rest_route=%2Fwp%2Fv2%2Fcategories&post=50761"},{"taxonomy":"post_tag","embeddable":true,"href":"https:\/\/cuernavaca.gob.mx\/index.php?rest_route=%2Fwp%2Fv2%2Ftags&post=50761"}],"curies":[{"name":"wp","href":"https:\/\/api.w.org\/{rel}","templated":true}]}}