{"id":50772,"date":"2025-06-12T16:55:42","date_gmt":"2025-06-12T22:55:42","guid":{"rendered":"https:\/\/cuernavaca.gob.mx\/?p=50772"},"modified":"2025-06-13T10:51:36","modified_gmt":"2025-06-13T16:51:36","slug":"b306-12-06-25-cuernavaca-sede-del-arranque-de-la-muestra-itinerante-exposicion-fotografica-de-la-guardia-nacional","status":"publish","type":"post","link":"https:\/\/cuernavaca.gob.mx\/?p=50772","title":{"rendered":"B306 12\/06\/25 CUERNAVACA SEDE DEL ARRANQUE DE LA MUESTRA ITINERANTE \u201cEXPOSICI\u00d3N FOTOGR\u00c1FICA DE LA GUARDIA NACIONAL\u201d"},"content":{"rendered":"<p><strong>\u2022 Las im\u00e1genes muestran acciones como la participaci\u00f3n en actos c\u00edvicos escolares, rescates durante inundaciones, promoci\u00f3n de la equidad de g\u00e9nero y el combate a incendios forestales<\/strong><\/p>\n<p>Cuernavaca tuvo el honor de ser el primer municipio del estado de Morelos en recibir la muestra itinerante \u201cExposici\u00f3n Fotogr\u00e1fica de la Guardia Nacional\u201d, compuesta por 18 im\u00e1genes de gran formato que promueven los valores de justicia y paz mediante la difusi\u00f3n de apoyo, ayuda social y tareas de seguridad en todo el territorio nacional.<\/p>\n<p>Hasta la explanada del Museo de la Ciudad de Cuernavaca llegaron decenas de alumnas y alumnos de 5\u00b0 y 6\u00b0 grado de la Escuela Primaria \u201cEnrique Pestalozzi\u201d para apreciar las fotograf\u00edas que conforman dicha muestra. Durante el recorrido, personal de la Guardia Nacional explic\u00f3 el contexto de cada imagen, las cuales muestran acciones como el combate a incendios forestales, participaci\u00f3n en actos c\u00edvicos escolares, rescates durante inundaciones y la promoci\u00f3n de la equidad de g\u00e9nero con mujeres polic\u00edas, entre otras.<\/p>\n<p>A la explanada del Museo de la Ciudad de Cuernavaca acudieron decenas de alumnas y alumnos de quinto y sexto grado de la Escuela Primaria \u201cEnrique Pestalozzi\u201d para apreciar las fotograf\u00edas que integran esta exposici\u00f3n. Durante el recorrido, personal de la Guardia Nacional explic\u00f3 el contexto de cada imagen, en las que se muestran acciones como el combate a incendios forestales, participaci\u00f3n en actos c\u00edvicos escolares, rescates durante inundaciones y la promoci\u00f3n de la equidad de g\u00e9nero, entre otras.<\/p>\n<p>De acuerdo con autoridades de la Secretar\u00eda de Desarrollo Humano y Participaci\u00f3n Social (SDHyPS), el prop\u00f3sito de que las ni\u00f1as y los ni\u00f1os de Cuernavaca fueran los primeros visitantes fue acercarles el lado humano y social de la Guardia Nacional, inculc\u00e1ndoles el respeto por esta instituci\u00f3n y el valor del trabajo en favor de la Patria.<\/p>\n<p>A la exposici\u00f3n fotogr\u00e1fica, inaugurada por la titular de la SDHyPS, Sandra Adelina Pinz\u00f3n S\u00e1nchez, asistieron los regidores Miriam Aidee Barajas Basilio y Alfredo Gonz\u00e1lez S\u00e1nchez, personal de la Guardia Nacional en Morelos y el director de la primaria, Alejandro Arce Conde.<\/p>\n<p>Cabe destacar que, previo a la inauguraci\u00f3n de la exposici\u00f3n fotogr\u00e1fica, personal del Instituto de la Juventud de Cuernavaca ofreci\u00f3 una breve charla motivacional a las y los estudiantes sobre c\u00f3mo encauzar sus intereses personales hacia su desarrollo futuro, tanto en el \u00e1mbito profesional como personal.<\/p>\n\n\t\t<style type=\"text\/css\">\n\t\t\t#gallery-1 {\n\t\t\t\tmargin: auto;\n\t\t\t}\n\t\t\t#gallery-1 .gallery-item {\n\t\t\t\tfloat: left;\n\t\t\t\tmargin-top: 10px;\n\t\t\t\ttext-align: center;\n\t\t\t\twidth: 33%;\n\t\t\t}\n\t\t\t#gallery-1 img {\n\t\t\t\tborder: 2px solid #cfcfcf;\n\t\t\t}\n\t\t\t#gallery-1 .gallery-caption {\n\t\t\t\tmargin-left: 0;\n\t\t\t}\n\t\t\t\/* see gallery_shortcode() in wp-includes\/media.php *\/\n\t\t<\/style>\n\t\t<div id='gallery-1' class='gallery galleryid-50772 gallery-columns-3 gallery-size-thumbnail'><dl class='gallery-item'>\n\t\t\t<dt class='gallery-icon landscape'>\n\t\t\t\t<a href='https:\/\/cuernavaca.gob.mx\/?attachment_id=50773'><img width=\"150\" height=\"150\" src=\"https:\/\/cuernavaca.gob.mx\/wp-content\/uploads\/2025\/06\/2e72b9ce-2256-48f5-b12e-c79825e2c724-150x150.jpg\" class=\"attachment-thumbnail size-thumbnail\" alt=\"\" loading=\"lazy\" \/><\/a>\n\t\t\t<\/dt><\/dl><dl class='gallery-item'>\n\t\t\t<dt class='gallery-icon landscape'>\n\t\t\t\t<a href='https:\/\/cuernavaca.gob.mx\/?attachment_id=50774'><img width=\"150\" height=\"150\" src=\"https:\/\/cuernavaca.gob.mx\/wp-content\/uploads\/2025\/06\/56c460e5-fb4e-4e17-b199-f8251822d814-150x150.jpg\" class=\"attachment-thumbnail size-thumbnail\" alt=\"\" loading=\"lazy\" \/><\/a>\n\t\t\t<\/dt><\/dl><dl class='gallery-item'>\n\t\t\t<dt class='gallery-icon landscape'>\n\t\t\t\t<a href='https:\/\/cuernavaca.gob.mx\/?attachment_id=50775'><img width=\"150\" height=\"150\" src=\"https:\/\/cuernavaca.gob.mx\/wp-content\/uploads\/2025\/06\/69ac4b6a-de9d-463a-8bae-b1e746b14e06-150x150.jpg\" class=\"attachment-thumbnail size-thumbnail\" alt=\"\" loading=\"lazy\" \/><\/a>\n\t\t\t<\/dt><\/dl><br style=\"clear: both\" \/><dl class='gallery-item'>\n\t\t\t<dt class='gallery-icon landscape'>\n\t\t\t\t<a href='https:\/\/cuernavaca.gob.mx\/?attachment_id=50776'><img width=\"150\" height=\"150\" src=\"https:\/\/cuernavaca.gob.mx\/wp-content\/uploads\/2025\/06\/99a595bb-dab1-4ba9-9c64-d2b49c179912-150x150.jpg\" class=\"attachment-thumbnail size-thumbnail\" alt=\"\" loading=\"lazy\" \/><\/a>\n\t\t\t<\/dt><\/dl>\n\t\t\t<br style='clear: both' \/>\n\t\t<\/div>\n\n","protected":false},"excerpt":{"rendered":"<p>\u2022 Las im\u00e1genes muestran acciones como la participaci\u00f3n en actos c\u00edvicos escolares, rescates durante inundaciones, promoci\u00f3n de la equidad de g\u00e9nero y el combate a incendios forestales Cuernavaca tuvo el honor de ser el primer municipio del estado de Morelos en recibir la muestra itinerante \u201cExposici\u00f3n Fotogr\u00e1fica de la Guardia Nacional\u201d, compuesta por 18 im\u00e1genes [&hellip;]<\/p>\n","protected":false},"author":1,"featured_media":50775,"comment_status":"closed","ping_status":"open","sticky":false,"template":"","format":"standard","meta":[],"categories":[862],"tags":[1300,121,1426,1205,120,206,127,4132],"aioseo_notices":[],"_links":{"self":[{"href":"https:\/\/cuernavaca.gob.mx\/index.php?rest_route=\/wp\/v2\/posts\/50772"}],"collection":[{"href":"https:\/\/cuernavaca.gob.mx\/index.php?rest_route=\/wp\/v2\/posts"}],"about":[{"href":"https:\/\/cuernavaca.gob.mx\/index.php?rest_route=\/wp\/v2\/types\/post"}],"author":[{"embeddable":true,"href":"https:\/\/cuernavaca.gob.mx\/index.php?rest_route=\/wp\/v2\/users\/1"}],"replies":[{"embeddable":true,"href":"https:\/\/cuernavaca.gob.mx\/index.php?rest_route=%2Fwp%2Fv2%2Fcomments&post=50772"}],"version-history":[{"count":1,"href":"https:\/\/cuernavaca.gob.mx\/index.php?rest_route=\/wp\/v2\/posts\/50772\/revisions"}],"predecessor-version":[{"id":50777,"href":"https:\/\/cuernavaca.gob.mx\/index.php?rest_route=\/wp\/v2\/posts\/50772\/revisions\/50777"}],"wp:featuredmedia":[{"embeddable":true,"href":"https:\/\/cuernavaca.gob.mx\/index.php?rest_route=\/wp\/v2\/media\/50775"}],"wp:attachment":[{"href":"https:\/\/cuernavaca.gob.mx\/index.php?rest_route=%2Fwp%2Fv2%2Fmedia&parent=50772"}],"wp:term":[{"taxonomy":"category","embeddable":true,"href":"https:\/\/cuernavaca.gob.mx\/index.php?rest_route=%2Fwp%2Fv2%2Fcategories&post=50772"},{"taxonomy":"post_tag","embeddable":true,"href":"https:\/\/cuernavaca.gob.mx\/index.php?rest_route=%2Fwp%2Fv2%2Ftags&post=50772"}],"curies":[{"name":"wp","href":"https:\/\/api.w.org\/{rel}","templated":true}]}}