{"id":50778,"date":"2025-06-13T10:41:19","date_gmt":"2025-06-13T16:41:19","guid":{"rendered":"https:\/\/cuernavaca.gob.mx\/?p=50778"},"modified":"2025-06-13T10:41:19","modified_gmt":"2025-06-13T16:41:19","slug":"b308-13-06-26-cierre-temporal-en-avenida-universidad-por-trabajos-de-reparacion-tras-afectaciones-por-lluvias","status":"publish","type":"post","link":"https:\/\/cuernavaca.gob.mx\/?p=50778","title":{"rendered":"B308  13\/06\/26 CIERRE TEMPORAL EN AVENIDA UNIVERSIDAD POR TRABAJOS DE REPARACI\u00d3N TRAS AFECTACIONES POR LLUVIAS"},"content":{"rendered":"<p><strong>\u2022 A partir de este viernes 13 y hasta el domingo 15 de junio la vialidad, en el tramo comprendido entre Camino Antiguo a Tepoztl\u00e1n y calle Centenario, permanecer\u00e1 cerrada<\/strong><\/p>\n<p>El Ayuntamiento de Cuernavaca informa a la ciudadan\u00eda que a partir de este viernes 13 y hasta el domingo 15 de junio, la avenida Universidad permanecer\u00e1 cerrada en el tramo comprendido entre Camino Antiguo a Tepoztl\u00e1n y calle Centenario, debido a trabajos de reparaci\u00f3n vial tras los da\u00f1os ocasionados por las intensas lluvias recientes.<\/p>\n<p>Estas labores estar\u00e1n a cargo de la Secretar\u00eda de Desarrollo Urbano y Obras P\u00fablicas (SDUyOP), que rehabilitar\u00e1 el tramo afectado mediante la aplicaci\u00f3n de concreto hidr\u00e1ulico, con el objetivo de restablecer la circulaci\u00f3n de manera segura y duradera.<\/p>\n<p>En conferencia de prensa, el titular de la dependencia, Demetrio Chavira de la Torre, explic\u00f3 que el pavimento de este tramo, ubicado a la altura del Oxxo y el Merpol, sufri\u00f3 una fractura considerable debido a la presi\u00f3n del agua, ya que el concreto existente era antiguo y de baja calidad, lo que agrav\u00f3 su deterioro.<\/p>\n<p>Indic\u00f3 que, aunque la zona no formaba parte de la obra realizada hace a\u00f1o y medio, y pese a que la Secretar\u00eda de Desarrollo Sustentable y Servicios P\u00fablicos (SDSySP), y el Sistema de Agua Potable y Alcantarillado de Cuernavaca (SAPAC) intentaron atender de forma emergente la situaci\u00f3n, la gran cantidad de agua que descendi\u00f3 en poco tiempo provoc\u00f3 que parte de la vialidad se levantara. Por ello, se decidi\u00f3 actuar de inmediato.<\/p>\n<p>Por instrucciones del presidente municipal Jos\u00e9 Luis Uri\u00f3stegui Salgado, se ingres\u00f3 maquinaria pesada para demoler el concreto da\u00f1ado y poder revisar el estado del pozo de visita, as\u00ed como reconstruir el brocal y la tapa. Adem\u00e1s, ser\u00e1 necesario sustituir el material saturado de agua, compactar el suelo y estabilizarlo con cemento para posteriormente aplicar concreto hidr\u00e1ulico.<\/p>\n<p>Los trabajos se realizar\u00e1n durante el fin de semana y se tiene previsto reabrir la vialidad el lunes 16 de junio.<\/p>\n<p>La Secretar\u00eda de Protecci\u00f3n y Auxilio Ciudadano de Cuernavaca (SEPRAC), a trav\u00e9s de la Direcci\u00f3n de Polic\u00eda Vial, ha implementado un operativo especial para mantener la movilidad segura y ordenada, por lo cual el director general de Polic\u00eda Vial, Javier Tencle Santiago, inform\u00f3 que las v\u00edas alternas disponibles para circular de sur a norte son: Calle del Hueso, privada Ernesto Burciaga, calle Leyva y calle R\u00edo Balsas.<\/p>\n<p>En sentido de norte a sur, recomend\u00f3 utilizar las calles Narciso Mendoza y Campo Florido, mientras que el transporte p\u00fablico podr\u00e1 circular por la calle Los Pinos. Estas vialidades conectan con avenida Nacional en el poblado de Santa Mar\u00eda Ahuacatitl\u00e1n, lo que permite tomar calle Leyva para incorporarse a la carretera federal y continuar el descenso hacia la colonia Buenavista.<\/p>\n<p>De forma paralela, la SDSySP llevar\u00e1 a cabo labores de desazolve en el tramo posterior a la curva donde se ubica SEPRAC, el cual result\u00f3 cubierto de piedras arrastradas por las lluvias. Asimismo, se realizar\u00e1n trabajos de bacheo desde el Instituto Nacional de Salud P\u00fablica hacia la parte alta de avenida Universidad.<\/p>\n<p>El Ayuntamiento de Cuernavaca agradece la comprensi\u00f3n de las y los ciudadanos y reitera su compromiso de brindar soluciones inmediatas para garantizar la seguridad y funcionalidad de la infraestructura vial del municipio.<\/p>\n\n\t\t<style type=\"text\/css\">\n\t\t\t#gallery-1 {\n\t\t\t\tmargin: auto;\n\t\t\t}\n\t\t\t#gallery-1 .gallery-item {\n\t\t\t\tfloat: left;\n\t\t\t\tmargin-top: 10px;\n\t\t\t\ttext-align: center;\n\t\t\t\twidth: 33%;\n\t\t\t}\n\t\t\t#gallery-1 img {\n\t\t\t\tborder: 2px solid #cfcfcf;\n\t\t\t}\n\t\t\t#gallery-1 .gallery-caption {\n\t\t\t\tmargin-left: 0;\n\t\t\t}\n\t\t\t\/* see gallery_shortcode() in wp-includes\/media.php *\/\n\t\t<\/style>\n\t\t<div id='gallery-1' class='gallery galleryid-50778 gallery-columns-3 gallery-size-thumbnail'><dl class='gallery-item'>\n\t\t\t<dt class='gallery-icon landscape'>\n\t\t\t\t<a href='https:\/\/cuernavaca.gob.mx\/?attachment_id=50779'><img width=\"150\" height=\"150\" src=\"https:\/\/cuernavaca.gob.mx\/wp-content\/uploads\/2025\/06\/CIERRE-TEMPORAL-EN-AVENIDA-UNIVERSIDAD-POR-TRABAJOS-DE-REPARACIO\u0301N-TRAS-AFECTACIONES-POR-LLUVIAS-1-150x150.jpg\" class=\"attachment-thumbnail size-thumbnail\" alt=\"\" loading=\"lazy\" \/><\/a>\n\t\t\t<\/dt><\/dl><dl class='gallery-item'>\n\t\t\t<dt class='gallery-icon landscape'>\n\t\t\t\t<a href='https:\/\/cuernavaca.gob.mx\/?attachment_id=50780'><img width=\"150\" height=\"150\" src=\"https:\/\/cuernavaca.gob.mx\/wp-content\/uploads\/2025\/06\/CIERRE-TEMPORAL-EN-AVENIDA-UNIVERSIDAD-POR-TRABAJOS-DE-REPARACIO\u0301N-TRAS-AFECTACIONES-POR-LLUVIAS-2-150x150.jpg\" class=\"attachment-thumbnail size-thumbnail\" alt=\"\" loading=\"lazy\" \/><\/a>\n\t\t\t<\/dt><\/dl><dl class='gallery-item'>\n\t\t\t<dt class='gallery-icon landscape'>\n\t\t\t\t<a href='https:\/\/cuernavaca.gob.mx\/?attachment_id=50781'><img width=\"150\" height=\"150\" src=\"https:\/\/cuernavaca.gob.mx\/wp-content\/uploads\/2025\/06\/CIERRE-TEMPORAL-EN-AVENIDA-UNIVERSIDAD-POR-TRABAJOS-DE-REPARACIO\u0301N-TRAS-AFECTACIONES-POR-LLUVIAS-3-150x150.jpg\" class=\"attachment-thumbnail size-thumbnail\" alt=\"\" loading=\"lazy\" \/><\/a>\n\t\t\t<\/dt><\/dl><br style=\"clear: both\" \/><dl class='gallery-item'>\n\t\t\t<dt class='gallery-icon landscape'>\n\t\t\t\t<a href='https:\/\/cuernavaca.gob.mx\/?attachment_id=50782'><img width=\"150\" height=\"150\" src=\"https:\/\/cuernavaca.gob.mx\/wp-content\/uploads\/2025\/06\/CIERRE-TEMPORAL-EN-AVENIDA-UNIVERSIDAD-POR-TRABAJOS-DE-REPARACIO\u0301N-TRAS-AFECTACIONES-POR-LLUVIAS-4-150x150.jpg\" class=\"attachment-thumbnail size-thumbnail\" alt=\"\" loading=\"lazy\" \/><\/a>\n\t\t\t<\/dt><\/dl><dl class='gallery-item'>\n\t\t\t<dt class='gallery-icon landscape'>\n\t\t\t\t<a href='https:\/\/cuernavaca.gob.mx\/?attachment_id=50783'><img width=\"150\" height=\"150\" src=\"https:\/\/cuernavaca.gob.mx\/wp-content\/uploads\/2025\/06\/CIERRE-TEMPORAL-EN-AVENIDA-UNIVERSIDAD-POR-TRABAJOS-DE-REPARACIO\u0301N-TRAS-AFECTACIONES-POR-LLUVIAS-5-150x150.jpg\" class=\"attachment-thumbnail size-thumbnail\" alt=\"\" loading=\"lazy\" \/><\/a>\n\t\t\t<\/dt><\/dl><dl class='gallery-item'>\n\t\t\t<dt class='gallery-icon landscape'>\n\t\t\t\t<a href='https:\/\/cuernavaca.gob.mx\/?attachment_id=50784'><img width=\"150\" height=\"150\" src=\"https:\/\/cuernavaca.gob.mx\/wp-content\/uploads\/2025\/06\/CIERRE-TEMPORAL-EN-AVENIDA-UNIVERSIDAD-POR-TRABAJOS-DE-REPARACIO\u0301N-TRAS-AFECTACIONES-POR-LLUVIAS-6-150x150.jpg\" class=\"attachment-thumbnail size-thumbnail\" alt=\"\" loading=\"lazy\" \/><\/a>\n\t\t\t<\/dt><\/dl><br style=\"clear: both\" \/>\n\t\t<\/div>\n\n","protected":false},"excerpt":{"rendered":"<p>\u2022 A partir de este viernes 13 y hasta el domingo 15 de junio la vialidad, en el tramo comprendido entre Camino Antiguo a Tepoztl\u00e1n y calle Centenario, permanecer\u00e1 cerrada El Ayuntamiento de Cuernavaca informa a la ciudadan\u00eda que a partir de este viernes 13 y hasta el domingo 15 de junio, la avenida Universidad [&hellip;]<\/p>\n","protected":false},"author":1,"featured_media":50784,"comment_status":"closed","ping_status":"open","sticky":false,"template":"","format":"standard","meta":[],"categories":[18],"tags":[357,121,120,1044,206,356,127,433,342],"aioseo_notices":[],"_links":{"self":[{"href":"https:\/\/cuernavaca.gob.mx\/index.php?rest_route=\/wp\/v2\/posts\/50778"}],"collection":[{"href":"https:\/\/cuernavaca.gob.mx\/index.php?rest_route=\/wp\/v2\/posts"}],"about":[{"href":"https:\/\/cuernavaca.gob.mx\/index.php?rest_route=\/wp\/v2\/types\/post"}],"author":[{"embeddable":true,"href":"https:\/\/cuernavaca.gob.mx\/index.php?rest_route=\/wp\/v2\/users\/1"}],"replies":[{"embeddable":true,"href":"https:\/\/cuernavaca.gob.mx\/index.php?rest_route=%2Fwp%2Fv2%2Fcomments&post=50778"}],"version-history":[{"count":1,"href":"https:\/\/cuernavaca.gob.mx\/index.php?rest_route=\/wp\/v2\/posts\/50778\/revisions"}],"predecessor-version":[{"id":50785,"href":"https:\/\/cuernavaca.gob.mx\/index.php?rest_route=\/wp\/v2\/posts\/50778\/revisions\/50785"}],"wp:featuredmedia":[{"embeddable":true,"href":"https:\/\/cuernavaca.gob.mx\/index.php?rest_route=\/wp\/v2\/media\/50784"}],"wp:attachment":[{"href":"https:\/\/cuernavaca.gob.mx\/index.php?rest_route=%2Fwp%2Fv2%2Fmedia&parent=50778"}],"wp:term":[{"taxonomy":"category","embeddable":true,"href":"https:\/\/cuernavaca.gob.mx\/index.php?rest_route=%2Fwp%2Fv2%2Fcategories&post=50778"},{"taxonomy":"post_tag","embeddable":true,"href":"https:\/\/cuernavaca.gob.mx\/index.php?rest_route=%2Fwp%2Fv2%2Ftags&post=50778"}],"curies":[{"name":"wp","href":"https:\/\/api.w.org\/{rel}","templated":true}]}}