{"id":50786,"date":"2025-06-13T08:00:54","date_gmt":"2025-06-13T14:00:54","guid":{"rendered":"https:\/\/cuernavaca.gob.mx\/?p=50786"},"modified":"2025-06-13T10:53:49","modified_gmt":"2025-06-13T16:53:49","slug":"b307-13-06-25-instituto-de-la-mujer-de-cuernavaca-destaca-resultados-durante-encuentro-con-medios-de-comunicacion","status":"publish","type":"post","link":"https:\/\/cuernavaca.gob.mx\/?p=50786","title":{"rendered":"B307 13\/06\/25 INSTITUTO DE LA MUJER DE CUERNAVACA DESTACA RESULTADOS DURANTE ENCUENTRO CON MEDIOS DE COMUNICACI\u00d3N"},"content":{"rendered":"<p>La pol\u00edtica p\u00fablica con perspectiva de g\u00e9nero es una prioridad en la administraci\u00f3n del Presidente Municipal, Jos\u00e9 Luis Uri\u00f3stegui Salgado, as\u00ed lo afirm\u00f3 la directora general del Instituto de la Mujer de Cuernavaca (IMC) Lorena Elizabeth Castillo Castillo, durante un encuentro con periodistas, en el marco del D\u00eda de la Libertad de Expresi\u00f3n.<\/p>\n<p>En su di\u00e1logo con representantes de medios de comunicaci\u00f3n habl\u00f3 de los resultados que ha tenido el IMC en el primer semestre de la actual administraci\u00f3n destacando 267 atenciones de primer contacto, 170 asesor\u00edas jur\u00eddicas, 252 sesiones de psicolog\u00eda, dando un promedio de 9 sesiones diarias de las mismas.<\/p>\n<p>Tambi\u00e9n destac\u00f3 los avances del Programa de Fortalecimiento de la Autonom\u00eda Econ\u00f3mica de las Mujeres (FAEM), que ha beneficiado a m\u00e1s de mil 200 mujeres. Asimismo, subray\u00f3 el trabajo realizado a trav\u00e9s del Programa de Sensibilizaci\u00f3n para la Prevenci\u00f3n de la Violencia de G\u00e9nero en las Escuelas de Cuernavaca, cuyas pl\u00e1ticas y talleres han estado dirigidos a estudiantes, madres, padres y personas cuidadoras, as\u00ed como al personal docente y administrativo de los centros educativos.<\/p>\n<p>Lorena Elizabeth Castillo reiter\u00f3 el agradecimiento y reconoci\u00f3 el compromiso social de las y los reporteros porque gracias a su apoyo permite que las actividades, los planes y programas del IMC lleguen a todas las colonias y poblados de Cuernavaca, su trabajo es clave para lograr el acceso de las mujeres a una vida libre de violencia.<\/p>\n\n\t\t<style type=\"text\/css\">\n\t\t\t#gallery-1 {\n\t\t\t\tmargin: auto;\n\t\t\t}\n\t\t\t#gallery-1 .gallery-item {\n\t\t\t\tfloat: left;\n\t\t\t\tmargin-top: 10px;\n\t\t\t\ttext-align: center;\n\t\t\t\twidth: 33%;\n\t\t\t}\n\t\t\t#gallery-1 img {\n\t\t\t\tborder: 2px solid #cfcfcf;\n\t\t\t}\n\t\t\t#gallery-1 .gallery-caption {\n\t\t\t\tmargin-left: 0;\n\t\t\t}\n\t\t\t\/* see gallery_shortcode() in wp-includes\/media.php *\/\n\t\t<\/style>\n\t\t<div id='gallery-1' class='gallery galleryid-50786 gallery-columns-3 gallery-size-thumbnail'><dl class='gallery-item'>\n\t\t\t<dt class='gallery-icon landscape'>\n\t\t\t\t<a href='https:\/\/cuernavaca.gob.mx\/?attachment_id=50787'><img width=\"150\" height=\"150\" src=\"https:\/\/cuernavaca.gob.mx\/wp-content\/uploads\/2025\/06\/INSTITUTO-DE-LA-MUJER-DE-CUERNAVACA-DESTACA-RESULTADOS-DURANTE-ENCUENTRO-CON-MEDIOS-DE-COMUNICACIO\u0301N-150x150.jpg\" class=\"attachment-thumbnail size-thumbnail\" alt=\"\" loading=\"lazy\" \/><\/a>\n\t\t\t<\/dt><\/dl>\n\t\t\t<br style='clear: both' \/>\n\t\t<\/div>\n\n","protected":false},"excerpt":{"rendered":"<p>La pol\u00edtica p\u00fablica con perspectiva de g\u00e9nero es una prioridad en la administraci\u00f3n del Presidente Municipal, Jos\u00e9 Luis Uri\u00f3stegui Salgado, as\u00ed lo afirm\u00f3 la directora general del Instituto de la Mujer de Cuernavaca (IMC) Lorena Elizabeth Castillo Castillo, durante un encuentro con periodistas, en el marco del D\u00eda de la Libertad de Expresi\u00f3n. En su [&hellip;]<\/p>\n","protected":false},"author":1,"featured_media":50787,"comment_status":"closed","ping_status":"open","sticky":false,"template":"","format":"standard","meta":[],"categories":[1],"tags":[121,120,4133,206,127],"aioseo_notices":[],"_links":{"self":[{"href":"https:\/\/cuernavaca.gob.mx\/index.php?rest_route=\/wp\/v2\/posts\/50786"}],"collection":[{"href":"https:\/\/cuernavaca.gob.mx\/index.php?rest_route=\/wp\/v2\/posts"}],"about":[{"href":"https:\/\/cuernavaca.gob.mx\/index.php?rest_route=\/wp\/v2\/types\/post"}],"author":[{"embeddable":true,"href":"https:\/\/cuernavaca.gob.mx\/index.php?rest_route=\/wp\/v2\/users\/1"}],"replies":[{"embeddable":true,"href":"https:\/\/cuernavaca.gob.mx\/index.php?rest_route=%2Fwp%2Fv2%2Fcomments&post=50786"}],"version-history":[{"count":1,"href":"https:\/\/cuernavaca.gob.mx\/index.php?rest_route=\/wp\/v2\/posts\/50786\/revisions"}],"predecessor-version":[{"id":50788,"href":"https:\/\/cuernavaca.gob.mx\/index.php?rest_route=\/wp\/v2\/posts\/50786\/revisions\/50788"}],"wp:featuredmedia":[{"embeddable":true,"href":"https:\/\/cuernavaca.gob.mx\/index.php?rest_route=\/wp\/v2\/media\/50787"}],"wp:attachment":[{"href":"https:\/\/cuernavaca.gob.mx\/index.php?rest_route=%2Fwp%2Fv2%2Fmedia&parent=50786"}],"wp:term":[{"taxonomy":"category","embeddable":true,"href":"https:\/\/cuernavaca.gob.mx\/index.php?rest_route=%2Fwp%2Fv2%2Fcategories&post=50786"},{"taxonomy":"post_tag","embeddable":true,"href":"https:\/\/cuernavaca.gob.mx\/index.php?rest_route=%2Fwp%2Fv2%2Ftags&post=50786"}],"curies":[{"name":"wp","href":"https:\/\/api.w.org\/{rel}","templated":true}]}}