{"id":50789,"date":"2025-06-13T14:13:41","date_gmt":"2025-06-13T20:13:41","guid":{"rendered":"https:\/\/cuernavaca.gob.mx\/?p=50789"},"modified":"2025-06-13T14:13:41","modified_gmt":"2025-06-13T20:13:41","slug":"b309-13-06-2025-proteccion-civil-atiende-afectaciones-por-intensas-lluvias-llama-a-la-poblacion-a-mantenerse-alerta","status":"publish","type":"post","link":"https:\/\/cuernavaca.gob.mx\/?p=50789","title":{"rendered":"B309 13\/06\/2025 PROTECCI\u00d3N CIVIL ATIENDE AFECTACIONES POR INTENSAS LLUVIAS; LLAMA A LA POBLACI\u00d3N A MANTENERSE ALERTA"},"content":{"rendered":"<p>Cuernavaca, Morelos a 13 de junio de 2025<\/p>\n<p>\u2022 Derivado de la acumulaci\u00f3n de agua, se registraron da\u00f1os en algunas avenidas y viviendas de la ciudad, como ocurri\u00f3 en la colonia Lienzo del Charro donde el nivel del agua alcanz\u00f3 hasta 40 cent\u00edmetros<\/p>\n<p>La Coordinaci\u00f3n Municipal de Protecci\u00f3n Civil de Cuernavaca inform\u00f3 que, derivado de la intensa lluvia registrada durante la tarde y noche de este jueves, se atendieron diversas afectaciones en distintas avenidas y viviendas de la ciudad por acumulaci\u00f3n de agua. Ante la posibilidad de que las lluvias contin\u00faen hasta la pr\u00f3xima semana, se hace un llamado a la poblaci\u00f3n a seguir atentos a los medios oficiales y cumplir con las medidas y protocolos de prevenci\u00f3n.<\/p>\n<p>En conferencia de prensa, la titular de Protecci\u00f3n Civil, Nora Gonz\u00e1lez Cruz, detall\u00f3 que adem\u00e1s de los da\u00f1os a la infraestructura vial registrados en la avenida Universidad, se detectaron encharcamientos en el poblado de Ahuatepec, la colonia San Crist\u00f3bal y la avenida Heroico Colegio Militar. Tambi\u00e9n se reportaron tres arrastramientos de veh\u00edculos, algunos de los cuales cayeron en zanjas; el personal de Protecci\u00f3n Civil brind\u00f3 apoyo para retirar los veh\u00edculos y resguardar la seguridad de las personas conductoras.<\/p>\n<p>Asimismo, se atendieron inundaciones en cuatro domicilios de la colonia Lienzo del Charro, donde el nivel del agua alcanz\u00f3 hasta 40 cent\u00edmetros, ocasionando algunas p\u00e9rdidas materiales, aunque sin poner en riesgo la integridad de las familias afectadas.<\/p>\n<p>Como parte de las acciones preventivas, se\u00f1al\u00f3 que la Coordinaci\u00f3n Municipal de Protecci\u00f3n Civil de Cuernavaca realiz\u00f3 el desazolve de bocas de tormenta y la limpieza de rejillas da\u00f1adas o bloqueadas por basura y ramas, destacando que la acumulaci\u00f3n de desechos en las calles representa uno de los mayores riesgos en temporada de lluvias.<\/p>\n<p>Durante la madrugada se realiz\u00f3 un monitoreo en diversos puntos de riesgo, incluyendo barrancas que han sido previamente limpiadas en coordinaci\u00f3n con la Secretar\u00eda de Desarrollo Sustentable y Servicios P\u00fablicos (SDSySP), con el objetivo de prevenir desbordamientos ante un posible aumento en el nivel del agua.<\/p>\n<p>Asimismo, se supervisaron viviendas identificadas como zonas de riesgo. En Cuernavaca existe un censo aproximado de 250 viviendas, cuyos habitantes han sido notificados de manera constante y permanente sobre esta situaci\u00f3n.<\/p>\n<p>A estas familias se le ha brindado apoyo para fortalecer su resiliencia, capacit\u00e1ndolas en materia de protecci\u00f3n civil, a fin de que conozcan su plan familiar, preparen su mochila de emergencia y sepan a d\u00f3nde acudir en caso de alguna eventualidad.<\/p>\n<p>La funcionaria municipal confirm\u00f3 que en las pr\u00f3ximas horas se esperan lluvias puntuales de entre 50 y 70 mil\u00edmetros, por lo que exhort\u00f3 a la ciudadan\u00eda a mantenerse informada, a trav\u00e9s de los canales oficiales y a los conductores, especialmente motociclistas, a evitar exponerse a corrientes de agua durante las precipitaciones para prevenir accidentes.<\/p>\n<p>Finalmente, Gonz\u00e1lez Cruz record\u00f3 que el albergue habilitado en la Ayudant\u00eda de Chipitl\u00e1n est\u00e1 listo para atender a quienes lo requieran, y que el Comit\u00e9 Municipal de Protecci\u00f3n Civil permanece en vigilancia las 24 horas para activar el Sistema de Comando de Incidentes en caso necesario, resaltando que el n\u00famero de emergencias en Cuernavaca es el 777 312 1274.<\/p>\n<p>&nbsp;<\/p>\n\n\t\t<style type=\"text\/css\">\n\t\t\t#gallery-1 {\n\t\t\t\tmargin: auto;\n\t\t\t}\n\t\t\t#gallery-1 .gallery-item {\n\t\t\t\tfloat: left;\n\t\t\t\tmargin-top: 10px;\n\t\t\t\ttext-align: center;\n\t\t\t\twidth: 50%;\n\t\t\t}\n\t\t\t#gallery-1 img {\n\t\t\t\tborder: 2px solid #cfcfcf;\n\t\t\t}\n\t\t\t#gallery-1 .gallery-caption {\n\t\t\t\tmargin-left: 0;\n\t\t\t}\n\t\t\t\/* see gallery_shortcode() in wp-includes\/media.php *\/\n\t\t<\/style>\n\t\t<div id='gallery-1' class='gallery galleryid-50789 gallery-columns-2 gallery-size-large'><dl class='gallery-item'>\n\t\t\t<dt class='gallery-icon landscape'>\n\t\t\t\t<a href='https:\/\/cuernavaca.gob.mx\/wp-content\/uploads\/2025\/06\/WhatsApp-Image-2025-06-13-at-2.02.34-PM-1-scaled.jpeg'><img width=\"1024\" height=\"683\" src=\"https:\/\/cuernavaca.gob.mx\/wp-content\/uploads\/2025\/06\/WhatsApp-Image-2025-06-13-at-2.02.34-PM-1-1024x683.jpeg\" class=\"attachment-large size-large\" alt=\"\" loading=\"lazy\" srcset=\"https:\/\/cuernavaca.gob.mx\/wp-content\/uploads\/2025\/06\/WhatsApp-Image-2025-06-13-at-2.02.34-PM-1-1024x683.jpeg 1024w, https:\/\/cuernavaca.gob.mx\/wp-content\/uploads\/2025\/06\/WhatsApp-Image-2025-06-13-at-2.02.34-PM-1-300x200.jpeg 300w, https:\/\/cuernavaca.gob.mx\/wp-content\/uploads\/2025\/06\/WhatsApp-Image-2025-06-13-at-2.02.34-PM-1-768x512.jpeg 768w, https:\/\/cuernavaca.gob.mx\/wp-content\/uploads\/2025\/06\/WhatsApp-Image-2025-06-13-at-2.02.34-PM-1-1536x1024.jpeg 1536w, https:\/\/cuernavaca.gob.mx\/wp-content\/uploads\/2025\/06\/WhatsApp-Image-2025-06-13-at-2.02.34-PM-1-2048x1366.jpeg 2048w, https:\/\/cuernavaca.gob.mx\/wp-content\/uploads\/2025\/06\/WhatsApp-Image-2025-06-13-at-2.02.34-PM-1-600x400.jpeg 600w, https:\/\/cuernavaca.gob.mx\/wp-content\/uploads\/2025\/06\/WhatsApp-Image-2025-06-13-at-2.02.34-PM-1-560x373.jpeg 560w\" sizes=\"(max-width: 1024px) 100vw, 1024px\" \/><\/a>\n\t\t\t<\/dt><\/dl><dl class='gallery-item'>\n\t\t\t<dt class='gallery-icon landscape'>\n\t\t\t\t<a href='https:\/\/cuernavaca.gob.mx\/wp-content\/uploads\/2025\/06\/WhatsApp-Image-2025-06-13-at-2.02.34-PM-scaled.jpeg'><img width=\"1024\" height=\"683\" src=\"https:\/\/cuernavaca.gob.mx\/wp-content\/uploads\/2025\/06\/WhatsApp-Image-2025-06-13-at-2.02.34-PM-1024x683.jpeg\" class=\"attachment-large size-large\" alt=\"\" loading=\"lazy\" srcset=\"https:\/\/cuernavaca.gob.mx\/wp-content\/uploads\/2025\/06\/WhatsApp-Image-2025-06-13-at-2.02.34-PM-1024x683.jpeg 1024w, https:\/\/cuernavaca.gob.mx\/wp-content\/uploads\/2025\/06\/WhatsApp-Image-2025-06-13-at-2.02.34-PM-300x200.jpeg 300w, https:\/\/cuernavaca.gob.mx\/wp-content\/uploads\/2025\/06\/WhatsApp-Image-2025-06-13-at-2.02.34-PM-768x512.jpeg 768w, https:\/\/cuernavaca.gob.mx\/wp-content\/uploads\/2025\/06\/WhatsApp-Image-2025-06-13-at-2.02.34-PM-1536x1024.jpeg 1536w, https:\/\/cuernavaca.gob.mx\/wp-content\/uploads\/2025\/06\/WhatsApp-Image-2025-06-13-at-2.02.34-PM-2048x1366.jpeg 2048w, https:\/\/cuernavaca.gob.mx\/wp-content\/uploads\/2025\/06\/WhatsApp-Image-2025-06-13-at-2.02.34-PM-600x400.jpeg 600w, https:\/\/cuernavaca.gob.mx\/wp-content\/uploads\/2025\/06\/WhatsApp-Image-2025-06-13-at-2.02.34-PM-560x373.jpeg 560w\" sizes=\"(max-width: 1024px) 100vw, 1024px\" \/><\/a>\n\t\t\t<\/dt><\/dl><br style=\"clear: both\" \/>\n\t\t<\/div>\n\n","protected":false},"excerpt":{"rendered":"<p>Cuernavaca, Morelos a 13 de junio de 2025 \u2022 Derivado de la acumulaci\u00f3n de agua, se registraron da\u00f1os en algunas avenidas y viviendas de la ciudad, como ocurri\u00f3 en la colonia Lienzo del Charro donde el nivel del agua alcanz\u00f3 hasta 40 cent\u00edmetros La Coordinaci\u00f3n Municipal de Protecci\u00f3n Civil de Cuernavaca inform\u00f3 que, derivado de [&hellip;]<\/p>\n","protected":false},"author":1,"featured_media":50790,"comment_status":"closed","ping_status":"open","sticky":false,"template":"","format":"standard","meta":[],"categories":[2227],"tags":[],"aioseo_notices":[],"_links":{"self":[{"href":"https:\/\/cuernavaca.gob.mx\/index.php?rest_route=\/wp\/v2\/posts\/50789"}],"collection":[{"href":"https:\/\/cuernavaca.gob.mx\/index.php?rest_route=\/wp\/v2\/posts"}],"about":[{"href":"https:\/\/cuernavaca.gob.mx\/index.php?rest_route=\/wp\/v2\/types\/post"}],"author":[{"embeddable":true,"href":"https:\/\/cuernavaca.gob.mx\/index.php?rest_route=\/wp\/v2\/users\/1"}],"replies":[{"embeddable":true,"href":"https:\/\/cuernavaca.gob.mx\/index.php?rest_route=%2Fwp%2Fv2%2Fcomments&post=50789"}],"version-history":[{"count":1,"href":"https:\/\/cuernavaca.gob.mx\/index.php?rest_route=\/wp\/v2\/posts\/50789\/revisions"}],"predecessor-version":[{"id":50792,"href":"https:\/\/cuernavaca.gob.mx\/index.php?rest_route=\/wp\/v2\/posts\/50789\/revisions\/50792"}],"wp:featuredmedia":[{"embeddable":true,"href":"https:\/\/cuernavaca.gob.mx\/index.php?rest_route=\/wp\/v2\/media\/50790"}],"wp:attachment":[{"href":"https:\/\/cuernavaca.gob.mx\/index.php?rest_route=%2Fwp%2Fv2%2Fmedia&parent=50789"}],"wp:term":[{"taxonomy":"category","embeddable":true,"href":"https:\/\/cuernavaca.gob.mx\/index.php?rest_route=%2Fwp%2Fv2%2Fcategories&post=50789"},{"taxonomy":"post_tag","embeddable":true,"href":"https:\/\/cuernavaca.gob.mx\/index.php?rest_route=%2Fwp%2Fv2%2Ftags&post=50789"}],"curies":[{"name":"wp","href":"https:\/\/api.w.org\/{rel}","templated":true}]}}