{"id":50793,"date":"2025-06-13T14:18:58","date_gmt":"2025-06-13T20:18:58","guid":{"rendered":"https:\/\/cuernavaca.gob.mx\/?p=50793"},"modified":"2025-06-13T14:18:58","modified_gmt":"2025-06-13T20:18:58","slug":"f40-13-06-2025-supervisa-alcalde-jose-luis-uriostegui-trabajos-de-reparacion-en-avenida-universidad","status":"publish","type":"post","link":"https:\/\/cuernavaca.gob.mx\/?p=50793","title":{"rendered":"F40 13\/06\/2025 SUPERVISA ALCALDE JOS\u00c9 LUIS URI\u00d3STEGUI TRABAJOS DE REPARACI\u00d3N EN AVENIDA UNIVERSIDAD"},"content":{"rendered":"<p>Cuernavaca, Morelos a 13 de junio de 2025<\/p>\n<p>El presidente municipal de Cuernavaca, Jos\u00e9 Luis Uri\u00f3stegui Salgado, supervis\u00f3 este viernes los trabajos de rehabilitaci\u00f3n vial en la avenida Universidad, afectados por las intensas lluvias registradas en los \u00faltimos d\u00edas, con el objetivo de garantizar el correcto funcionamiento y operatividad de la obra.<\/p>\n<p>Durante el recorrido estuvo acompa\u00f1ado por el secretario de Desarrollo Urbano y Obras P\u00fablicas, Demetrio Chavira de la Torre; el secretario de Desarrollo Sustentable y Servicios P\u00fablicos, Guillermo L\u00f3pez Mej\u00eda; y el director general de Sistema de Agua Potable y Alcantarillado de Cuernavaca (SAPAC), Arnoldo Heredia Romero.<\/p>\n<p>La intervenci\u00f3n se concentra en el tramo entre Camino Antiguo a Tepoztl\u00e1n y calle Centenario, el cual sufri\u00f3 una fractura considerable debido a la presi\u00f3n del agua sobre el concreto antiguo. Los trabajos de rehabilitaci\u00f3n se realizar\u00e1n del viernes 13 al domingo 15 de junio, periodo durante el cual el tramo mencionado permanecer\u00e1 cerrado a la circulaci\u00f3n.<\/p>\n<p>&nbsp;<\/p>\n\n\t\t<style type=\"text\/css\">\n\t\t\t#gallery-1 {\n\t\t\t\tmargin: auto;\n\t\t\t}\n\t\t\t#gallery-1 .gallery-item {\n\t\t\t\tfloat: left;\n\t\t\t\tmargin-top: 10px;\n\t\t\t\ttext-align: center;\n\t\t\t\twidth: 33%;\n\t\t\t}\n\t\t\t#gallery-1 img {\n\t\t\t\tborder: 2px solid #cfcfcf;\n\t\t\t}\n\t\t\t#gallery-1 .gallery-caption {\n\t\t\t\tmargin-left: 0;\n\t\t\t}\n\t\t\t\/* see gallery_shortcode() in wp-includes\/media.php *\/\n\t\t<\/style>\n\t\t<div id='gallery-1' class='gallery galleryid-50793 gallery-columns-3 gallery-size-medium'><dl class='gallery-item'>\n\t\t\t<dt class='gallery-icon landscape'>\n\t\t\t\t<a href='https:\/\/cuernavaca.gob.mx\/wp-content\/uploads\/2025\/06\/WhatsApp-Image-2025-06-13-at-2.02.35-PM-4-scaled.jpeg'><img width=\"300\" height=\"225\" src=\"https:\/\/cuernavaca.gob.mx\/wp-content\/uploads\/2025\/06\/WhatsApp-Image-2025-06-13-at-2.02.35-PM-4-300x225.jpeg\" class=\"attachment-medium size-medium\" alt=\"\" loading=\"lazy\" srcset=\"https:\/\/cuernavaca.gob.mx\/wp-content\/uploads\/2025\/06\/WhatsApp-Image-2025-06-13-at-2.02.35-PM-4-300x225.jpeg 300w, https:\/\/cuernavaca.gob.mx\/wp-content\/uploads\/2025\/06\/WhatsApp-Image-2025-06-13-at-2.02.35-PM-4-1024x769.jpeg 1024w, https:\/\/cuernavaca.gob.mx\/wp-content\/uploads\/2025\/06\/WhatsApp-Image-2025-06-13-at-2.02.35-PM-4-768x577.jpeg 768w, https:\/\/cuernavaca.gob.mx\/wp-content\/uploads\/2025\/06\/WhatsApp-Image-2025-06-13-at-2.02.35-PM-4-1536x1153.jpeg 1536w, https:\/\/cuernavaca.gob.mx\/wp-content\/uploads\/2025\/06\/WhatsApp-Image-2025-06-13-at-2.02.35-PM-4-2048x1538.jpeg 2048w, https:\/\/cuernavaca.gob.mx\/wp-content\/uploads\/2025\/06\/WhatsApp-Image-2025-06-13-at-2.02.35-PM-4-600x451.jpeg 600w, https:\/\/cuernavaca.gob.mx\/wp-content\/uploads\/2025\/06\/WhatsApp-Image-2025-06-13-at-2.02.35-PM-4-560x421.jpeg 560w\" sizes=\"(max-width: 300px) 100vw, 300px\" \/><\/a>\n\t\t\t<\/dt><\/dl><dl class='gallery-item'>\n\t\t\t<dt class='gallery-icon landscape'>\n\t\t\t\t<a href='https:\/\/cuernavaca.gob.mx\/wp-content\/uploads\/2025\/06\/WhatsApp-Image-2025-06-13-at-2.02.35-PM-3-scaled.jpeg'><img width=\"300\" height=\"225\" src=\"https:\/\/cuernavaca.gob.mx\/wp-content\/uploads\/2025\/06\/WhatsApp-Image-2025-06-13-at-2.02.35-PM-3-300x225.jpeg\" class=\"attachment-medium size-medium\" alt=\"\" loading=\"lazy\" srcset=\"https:\/\/cuernavaca.gob.mx\/wp-content\/uploads\/2025\/06\/WhatsApp-Image-2025-06-13-at-2.02.35-PM-3-300x225.jpeg 300w, https:\/\/cuernavaca.gob.mx\/wp-content\/uploads\/2025\/06\/WhatsApp-Image-2025-06-13-at-2.02.35-PM-3-1024x769.jpeg 1024w, https:\/\/cuernavaca.gob.mx\/wp-content\/uploads\/2025\/06\/WhatsApp-Image-2025-06-13-at-2.02.35-PM-3-768x577.jpeg 768w, https:\/\/cuernavaca.gob.mx\/wp-content\/uploads\/2025\/06\/WhatsApp-Image-2025-06-13-at-2.02.35-PM-3-1536x1153.jpeg 1536w, https:\/\/cuernavaca.gob.mx\/wp-content\/uploads\/2025\/06\/WhatsApp-Image-2025-06-13-at-2.02.35-PM-3-2048x1538.jpeg 2048w, https:\/\/cuernavaca.gob.mx\/wp-content\/uploads\/2025\/06\/WhatsApp-Image-2025-06-13-at-2.02.35-PM-3-600x451.jpeg 600w, https:\/\/cuernavaca.gob.mx\/wp-content\/uploads\/2025\/06\/WhatsApp-Image-2025-06-13-at-2.02.35-PM-3-560x421.jpeg 560w\" sizes=\"(max-width: 300px) 100vw, 300px\" \/><\/a>\n\t\t\t<\/dt><\/dl><dl class='gallery-item'>\n\t\t\t<dt class='gallery-icon landscape'>\n\t\t\t\t<a href='https:\/\/cuernavaca.gob.mx\/wp-content\/uploads\/2025\/06\/WhatsApp-Image-2025-06-13-at-2.02.35-PM-2-scaled.jpeg'><img width=\"300\" height=\"225\" src=\"https:\/\/cuernavaca.gob.mx\/wp-content\/uploads\/2025\/06\/WhatsApp-Image-2025-06-13-at-2.02.35-PM-2-300x225.jpeg\" class=\"attachment-medium size-medium\" alt=\"\" loading=\"lazy\" srcset=\"https:\/\/cuernavaca.gob.mx\/wp-content\/uploads\/2025\/06\/WhatsApp-Image-2025-06-13-at-2.02.35-PM-2-300x225.jpeg 300w, https:\/\/cuernavaca.gob.mx\/wp-content\/uploads\/2025\/06\/WhatsApp-Image-2025-06-13-at-2.02.35-PM-2-1024x769.jpeg 1024w, https:\/\/cuernavaca.gob.mx\/wp-content\/uploads\/2025\/06\/WhatsApp-Image-2025-06-13-at-2.02.35-PM-2-768x577.jpeg 768w, https:\/\/cuernavaca.gob.mx\/wp-content\/uploads\/2025\/06\/WhatsApp-Image-2025-06-13-at-2.02.35-PM-2-1536x1153.jpeg 1536w, https:\/\/cuernavaca.gob.mx\/wp-content\/uploads\/2025\/06\/WhatsApp-Image-2025-06-13-at-2.02.35-PM-2-2048x1538.jpeg 2048w, https:\/\/cuernavaca.gob.mx\/wp-content\/uploads\/2025\/06\/WhatsApp-Image-2025-06-13-at-2.02.35-PM-2-600x451.jpeg 600w, https:\/\/cuernavaca.gob.mx\/wp-content\/uploads\/2025\/06\/WhatsApp-Image-2025-06-13-at-2.02.35-PM-2-560x421.jpeg 560w\" sizes=\"(max-width: 300px) 100vw, 300px\" \/><\/a>\n\t\t\t<\/dt><\/dl><br style=\"clear: both\" \/><dl class='gallery-item'>\n\t\t\t<dt class='gallery-icon landscape'>\n\t\t\t\t<a href='https:\/\/cuernavaca.gob.mx\/wp-content\/uploads\/2025\/06\/WhatsApp-Image-2025-06-13-at-2.02.35-PM-1-scaled.jpeg'><img width=\"300\" height=\"225\" src=\"https:\/\/cuernavaca.gob.mx\/wp-content\/uploads\/2025\/06\/WhatsApp-Image-2025-06-13-at-2.02.35-PM-1-300x225.jpeg\" class=\"attachment-medium size-medium\" alt=\"\" loading=\"lazy\" srcset=\"https:\/\/cuernavaca.gob.mx\/wp-content\/uploads\/2025\/06\/WhatsApp-Image-2025-06-13-at-2.02.35-PM-1-300x225.jpeg 300w, https:\/\/cuernavaca.gob.mx\/wp-content\/uploads\/2025\/06\/WhatsApp-Image-2025-06-13-at-2.02.35-PM-1-1024x769.jpeg 1024w, https:\/\/cuernavaca.gob.mx\/wp-content\/uploads\/2025\/06\/WhatsApp-Image-2025-06-13-at-2.02.35-PM-1-768x577.jpeg 768w, https:\/\/cuernavaca.gob.mx\/wp-content\/uploads\/2025\/06\/WhatsApp-Image-2025-06-13-at-2.02.35-PM-1-1536x1153.jpeg 1536w, https:\/\/cuernavaca.gob.mx\/wp-content\/uploads\/2025\/06\/WhatsApp-Image-2025-06-13-at-2.02.35-PM-1-2048x1538.jpeg 2048w, https:\/\/cuernavaca.gob.mx\/wp-content\/uploads\/2025\/06\/WhatsApp-Image-2025-06-13-at-2.02.35-PM-1-600x451.jpeg 600w, https:\/\/cuernavaca.gob.mx\/wp-content\/uploads\/2025\/06\/WhatsApp-Image-2025-06-13-at-2.02.35-PM-1-560x421.jpeg 560w\" sizes=\"(max-width: 300px) 100vw, 300px\" \/><\/a>\n\t\t\t<\/dt><\/dl><dl class='gallery-item'>\n\t\t\t<dt class='gallery-icon landscape'>\n\t\t\t\t<a href='https:\/\/cuernavaca.gob.mx\/wp-content\/uploads\/2025\/06\/WhatsApp-Image-2025-06-13-at-2.02.35-PM-scaled.jpeg'><img width=\"300\" height=\"225\" src=\"https:\/\/cuernavaca.gob.mx\/wp-content\/uploads\/2025\/06\/WhatsApp-Image-2025-06-13-at-2.02.35-PM-300x225.jpeg\" class=\"attachment-medium size-medium\" alt=\"\" loading=\"lazy\" srcset=\"https:\/\/cuernavaca.gob.mx\/wp-content\/uploads\/2025\/06\/WhatsApp-Image-2025-06-13-at-2.02.35-PM-300x225.jpeg 300w, https:\/\/cuernavaca.gob.mx\/wp-content\/uploads\/2025\/06\/WhatsApp-Image-2025-06-13-at-2.02.35-PM-1024x769.jpeg 1024w, https:\/\/cuernavaca.gob.mx\/wp-content\/uploads\/2025\/06\/WhatsApp-Image-2025-06-13-at-2.02.35-PM-768x577.jpeg 768w, https:\/\/cuernavaca.gob.mx\/wp-content\/uploads\/2025\/06\/WhatsApp-Image-2025-06-13-at-2.02.35-PM-1536x1153.jpeg 1536w, https:\/\/cuernavaca.gob.mx\/wp-content\/uploads\/2025\/06\/WhatsApp-Image-2025-06-13-at-2.02.35-PM-2048x1538.jpeg 2048w, https:\/\/cuernavaca.gob.mx\/wp-content\/uploads\/2025\/06\/WhatsApp-Image-2025-06-13-at-2.02.35-PM-600x451.jpeg 600w, https:\/\/cuernavaca.gob.mx\/wp-content\/uploads\/2025\/06\/WhatsApp-Image-2025-06-13-at-2.02.35-PM-560x421.jpeg 560w\" sizes=\"(max-width: 300px) 100vw, 300px\" \/><\/a>\n\t\t\t<\/dt><\/dl>\n\t\t\t<br style='clear: both' \/>\n\t\t<\/div>\n\n","protected":false},"excerpt":{"rendered":"<p>Cuernavaca, Morelos a 13 de junio de 2025 El presidente municipal de Cuernavaca, Jos\u00e9 Luis Uri\u00f3stegui Salgado, supervis\u00f3 este viernes los trabajos de rehabilitaci\u00f3n vial en la avenida Universidad, afectados por las intensas lluvias registradas en los \u00faltimos d\u00edas, con el objetivo de garantizar el correcto funcionamiento y operatividad de la obra. Durante el recorrido [&hellip;]<\/p>\n","protected":false},"author":1,"featured_media":50796,"comment_status":"closed","ping_status":"open","sticky":false,"template":"","format":"standard","meta":[],"categories":[18,145],"tags":[],"aioseo_notices":[],"_links":{"self":[{"href":"https:\/\/cuernavaca.gob.mx\/index.php?rest_route=\/wp\/v2\/posts\/50793"}],"collection":[{"href":"https:\/\/cuernavaca.gob.mx\/index.php?rest_route=\/wp\/v2\/posts"}],"about":[{"href":"https:\/\/cuernavaca.gob.mx\/index.php?rest_route=\/wp\/v2\/types\/post"}],"author":[{"embeddable":true,"href":"https:\/\/cuernavaca.gob.mx\/index.php?rest_route=\/wp\/v2\/users\/1"}],"replies":[{"embeddable":true,"href":"https:\/\/cuernavaca.gob.mx\/index.php?rest_route=%2Fwp%2Fv2%2Fcomments&post=50793"}],"version-history":[{"count":1,"href":"https:\/\/cuernavaca.gob.mx\/index.php?rest_route=\/wp\/v2\/posts\/50793\/revisions"}],"predecessor-version":[{"id":50799,"href":"https:\/\/cuernavaca.gob.mx\/index.php?rest_route=\/wp\/v2\/posts\/50793\/revisions\/50799"}],"wp:featuredmedia":[{"embeddable":true,"href":"https:\/\/cuernavaca.gob.mx\/index.php?rest_route=\/wp\/v2\/media\/50796"}],"wp:attachment":[{"href":"https:\/\/cuernavaca.gob.mx\/index.php?rest_route=%2Fwp%2Fv2%2Fmedia&parent=50793"}],"wp:term":[{"taxonomy":"category","embeddable":true,"href":"https:\/\/cuernavaca.gob.mx\/index.php?rest_route=%2Fwp%2Fv2%2Fcategories&post=50793"},{"taxonomy":"post_tag","embeddable":true,"href":"https:\/\/cuernavaca.gob.mx\/index.php?rest_route=%2Fwp%2Fv2%2Ftags&post=50793"}],"curies":[{"name":"wp","href":"https:\/\/api.w.org\/{rel}","templated":true}]}}