{"id":50800,"date":"2025-06-14T12:01:34","date_gmt":"2025-06-14T18:01:34","guid":{"rendered":"https:\/\/cuernavaca.gob.mx\/?p=50800"},"modified":"2025-06-15T12:10:16","modified_gmt":"2025-06-15T18:10:16","slug":"b310-14-06-25-el-instituto-de-la-juventud-de-cuernavaca-y-la-empresa-sayer-suman-esfuerzos-para-impulsar-a-las-juventudes","status":"publish","type":"post","link":"https:\/\/cuernavaca.gob.mx\/?p=50800","title":{"rendered":"B310 14\/06\/25 EL INSTITUTO DE LA JUVENTUD DE CUERNAVACA Y LA EMPRESA SAYER SUMAN ESFUERZOS PARA IMPULSAR A LAS JUVENTUDES"},"content":{"rendered":"<p>Con el objetivo de brindar a las juventudes alternativas formativas y de aprovechamiento del tiempo libre durante el pr\u00f3ximo per\u00edodo vacacional, el equipo del Instituto de la Juventud de Cuernavaca sostuvo una reuni\u00f3n de trabajo con representantes de la empresa Sayer, logrando importantes alianzas a favor de las y los j\u00f3venes del municipio.<\/p>\n<p>Durante este encuentro, se acord\u00f3 la implementaci\u00f3n de talleres gratuitos dirigidos a juventudes, los cuales se enfocar\u00e1n en el desarrollo de habilidades pr\u00e1cticas que les permitan explorar opciones de emprendimiento, as\u00ed como adquirir conocimientos \u00fatiles para su vida personal y profesional.<\/p>\n<p>El Instituto de la Juventud de Cuernavaca destac\u00f3 la importancia de crear este tipo de v\u00ednculos con el sector privado, ya que permiten fortalecer la oferta de actividades para las y los j\u00f3venes, especialmente durante los periodos vacacionales, cuando se busca fomentar el uso positivo del tiempo libre.<\/p>\n<p>Los talleres estar\u00e1n disponibles en las pr\u00f3ximas semanas y se dar\u00e1 a conocer la convocatoria a trav\u00e9s de los canales oficiales del Instituto.<\/p>\n\n\t\t<style type=\"text\/css\">\n\t\t\t#gallery-1 {\n\t\t\t\tmargin: auto;\n\t\t\t}\n\t\t\t#gallery-1 .gallery-item {\n\t\t\t\tfloat: left;\n\t\t\t\tmargin-top: 10px;\n\t\t\t\ttext-align: center;\n\t\t\t\twidth: 33%;\n\t\t\t}\n\t\t\t#gallery-1 img {\n\t\t\t\tborder: 2px solid #cfcfcf;\n\t\t\t}\n\t\t\t#gallery-1 .gallery-caption {\n\t\t\t\tmargin-left: 0;\n\t\t\t}\n\t\t\t\/* see gallery_shortcode() in wp-includes\/media.php *\/\n\t\t<\/style>\n\t\t<div id='gallery-1' class='gallery galleryid-50800 gallery-columns-3 gallery-size-thumbnail'><dl class='gallery-item'>\n\t\t\t<dt class='gallery-icon landscape'>\n\t\t\t\t<a href='https:\/\/cuernavaca.gob.mx\/?attachment_id=50801'><img width=\"150\" height=\"150\" src=\"https:\/\/cuernavaca.gob.mx\/wp-content\/uploads\/2025\/06\/EL-INSTITUTO-DE-LA-JUVENTUD-DE-CUERNAVACA-Y-LA-EMPRESA-SAYER-SUMAN-ESFUERZOS-PARA-IMPULSAR-A-LAS-JUVENTUDES-1-150x150.jpeg\" class=\"attachment-thumbnail size-thumbnail\" alt=\"\" loading=\"lazy\" \/><\/a>\n\t\t\t<\/dt><\/dl><dl class='gallery-item'>\n\t\t\t<dt class='gallery-icon landscape'>\n\t\t\t\t<a href='https:\/\/cuernavaca.gob.mx\/?attachment_id=50802'><img width=\"150\" height=\"150\" src=\"https:\/\/cuernavaca.gob.mx\/wp-content\/uploads\/2025\/06\/EL-INSTITUTO-DE-LA-JUVENTUD-DE-CUERNAVACA-Y-LA-EMPRESA-SAYER-SUMAN-ESFUERZOS-PARA-IMPULSAR-A-LAS-JUVENTUDES-2-150x150.jpeg\" class=\"attachment-thumbnail size-thumbnail\" alt=\"\" loading=\"lazy\" \/><\/a>\n\t\t\t<\/dt><\/dl><dl class='gallery-item'>\n\t\t\t<dt class='gallery-icon landscape'>\n\t\t\t\t<a href='https:\/\/cuernavaca.gob.mx\/?attachment_id=50803'><img width=\"150\" height=\"150\" src=\"https:\/\/cuernavaca.gob.mx\/wp-content\/uploads\/2025\/06\/EL-INSTITUTO-DE-LA-JUVENTUD-DE-CUERNAVACA-Y-LA-EMPRESA-SAYER-SUMAN-ESFUERZOS-PARA-IMPULSAR-A-LAS-JUVENTUDES-3-150x150.jpeg\" class=\"attachment-thumbnail size-thumbnail\" alt=\"\" loading=\"lazy\" \/><\/a>\n\t\t\t<\/dt><\/dl><br style=\"clear: both\" \/>\n\t\t<\/div>\n\n","protected":false},"excerpt":{"rendered":"<p>Con el objetivo de brindar a las juventudes alternativas formativas y de aprovechamiento del tiempo libre durante el pr\u00f3ximo per\u00edodo vacacional, el equipo del Instituto de la Juventud de Cuernavaca sostuvo una reuni\u00f3n de trabajo con representantes de la empresa Sayer, logrando importantes alianzas a favor de las y los j\u00f3venes del municipio. Durante este [&hellip;]<\/p>\n","protected":false},"author":1,"featured_media":50801,"comment_status":"closed","ping_status":"open","sticky":false,"template":"","format":"standard","meta":[],"categories":[862],"tags":[3299,121,120,693,206,127,2396],"aioseo_notices":[],"_links":{"self":[{"href":"https:\/\/cuernavaca.gob.mx\/index.php?rest_route=\/wp\/v2\/posts\/50800"}],"collection":[{"href":"https:\/\/cuernavaca.gob.mx\/index.php?rest_route=\/wp\/v2\/posts"}],"about":[{"href":"https:\/\/cuernavaca.gob.mx\/index.php?rest_route=\/wp\/v2\/types\/post"}],"author":[{"embeddable":true,"href":"https:\/\/cuernavaca.gob.mx\/index.php?rest_route=\/wp\/v2\/users\/1"}],"replies":[{"embeddable":true,"href":"https:\/\/cuernavaca.gob.mx\/index.php?rest_route=%2Fwp%2Fv2%2Fcomments&post=50800"}],"version-history":[{"count":1,"href":"https:\/\/cuernavaca.gob.mx\/index.php?rest_route=\/wp\/v2\/posts\/50800\/revisions"}],"predecessor-version":[{"id":50804,"href":"https:\/\/cuernavaca.gob.mx\/index.php?rest_route=\/wp\/v2\/posts\/50800\/revisions\/50804"}],"wp:featuredmedia":[{"embeddable":true,"href":"https:\/\/cuernavaca.gob.mx\/index.php?rest_route=\/wp\/v2\/media\/50801"}],"wp:attachment":[{"href":"https:\/\/cuernavaca.gob.mx\/index.php?rest_route=%2Fwp%2Fv2%2Fmedia&parent=50800"}],"wp:term":[{"taxonomy":"category","embeddable":true,"href":"https:\/\/cuernavaca.gob.mx\/index.php?rest_route=%2Fwp%2Fv2%2Fcategories&post=50800"},{"taxonomy":"post_tag","embeddable":true,"href":"https:\/\/cuernavaca.gob.mx\/index.php?rest_route=%2Fwp%2Fv2%2Ftags&post=50800"}],"curies":[{"name":"wp","href":"https:\/\/api.w.org\/{rel}","templated":true}]}}