{"id":50816,"date":"2025-06-15T11:00:01","date_gmt":"2025-06-15T17:00:01","guid":{"rendered":"https:\/\/cuernavaca.gob.mx\/?p=50816"},"modified":"2025-06-15T12:49:05","modified_gmt":"2025-06-15T18:49:05","slug":"b313-15-06-25-la-eterna-primavera-florece-con-el-esfuerzo-de-su-gente-jose-luis-uriostegui-y-ciudadania-embellecen-alrededores-del-parque-san-miguel-acapantzingo","status":"publish","type":"post","link":"https:\/\/cuernavaca.gob.mx\/?p=50816","title":{"rendered":"B313 15\/06\/25 LA ETERNA PRIMAVERA FLORECE CON EL ESFUERZO DE SU GENTE: JOS\u00c9 LUIS URI\u00d3STEGUI Y CIUDADAN\u00cdA EMBELLECEN ALREDEDORES DEL PARQUE SAN MIGUEL ACAPANTZINGO\u00a0"},"content":{"rendered":"<div><strong>\u2022 La recuperaci\u00f3n de Cuernavaca es una tarea compartida. As\u00ed lo demostr\u00f3 una vez m\u00e1s el alcalde Jos\u00e9 Luis Uri\u00f3stegui Salgado al realizar una nueva jornada de limpieza, donde con vecinas y vecinos, fortalecieron el orgullo por la ciudad<\/strong><\/div>\n<div><\/div>\n<div>Con el firme compromiso de recuperar y mantener viva la esencia de la Eterna Primavera, el presidente municipal de Cuernavaca, Jos\u00e9 Luis Uri\u00f3stegui Salgado, encabez\u00f3 este s\u00e1bado una nueva Jornada de Limpieza Comunitaria en los alrededores del Parque Ecol\u00f3gico San Miguel Acapantzingo, acompa\u00f1ado por vecinas y vecinos de distintas colonias, as\u00ed como por la diputada local Andrea Gordillo Vega.<\/div>\n<div><\/div>\n<div>Durante esta jornada se realizaron acciones como poda de \u00e1rboles, desmalezado, barrido manual y pinta de guarniciones, que contribuyeron a embellecer esta \u00e1rea tan emblem\u00e1tica en la ciudad. Estas actividades son parte del esfuerzo permanente del Ayuntamiento para recuperar espacios p\u00fablicos, fomentar el cuidado del entorno y fortalecer la colaboraci\u00f3n ciudadana.<\/div>\n<div><\/div>\n<div>La participaci\u00f3n activa de la Secretar\u00eda de Desarrollo Sustentable y Servicios P\u00fablicos (SDSySP) fue fundamental para lograr los resultados visibles en esta intervenci\u00f3n, que adem\u00e1s busca enviar un mensaje claro: Cuernavaca puede seguir brillando si todas y todos sumamos esfuerzos.<\/div>\n<div><\/div>\n<div>Estas Jornadas de Limpieza Comunitaria se realizan todos los s\u00e1bados en distintos puntos de la ciudad, como parte de una estrategia permanente del Ayuntamiento de Cuernavaca para fomentar el sentido de pertenencia y cuidado del entorno. &#8220;Siempre es un buen momento para mejorar nuestra ciudad\u201d, ha se\u00f1alado el alcalde Jos\u00e9 Luis Uri\u00f3stegui, al reiterar que el trabajo conjunto entre autoridades y ciudadan\u00eda es clave para seguir construyendo una capital limpia, segura y digna para todas y todos.<\/div>\n<div><\/div>\n<div>Con acciones como esta, el Gobierno Municipal reafirma su compromiso con la recuperaci\u00f3n de los espacios p\u00fablicos, el fortalecimiento del tejido social y la consolidaci\u00f3n de una Cuernavaca que sea orgullo de quienes la habitan.<\/div>\n<div>\n\n\t\t<style type=\"text\/css\">\n\t\t\t#gallery-1 {\n\t\t\t\tmargin: auto;\n\t\t\t}\n\t\t\t#gallery-1 .gallery-item {\n\t\t\t\tfloat: left;\n\t\t\t\tmargin-top: 10px;\n\t\t\t\ttext-align: center;\n\t\t\t\twidth: 33%;\n\t\t\t}\n\t\t\t#gallery-1 img {\n\t\t\t\tborder: 2px solid #cfcfcf;\n\t\t\t}\n\t\t\t#gallery-1 .gallery-caption {\n\t\t\t\tmargin-left: 0;\n\t\t\t}\n\t\t\t\/* see gallery_shortcode() in wp-includes\/media.php *\/\n\t\t<\/style>\n\t\t<div id='gallery-1' class='gallery galleryid-50816 gallery-columns-3 gallery-size-thumbnail'><dl class='gallery-item'>\n\t\t\t<dt class='gallery-icon landscape'>\n\t\t\t\t<a href='https:\/\/cuernavaca.gob.mx\/?attachment_id=50827'><img width=\"150\" height=\"150\" src=\"https:\/\/cuernavaca.gob.mx\/wp-content\/uploads\/2025\/06\/JOSE-LUIS-URIOSTEGUI-Y-CIUDADANIA-EMBELLECEN-ALREDEDORES-DEL-PARQUE-SAN-MIGUEL-ACAPANTZINGO-6-150x150.jpeg\" class=\"attachment-thumbnail size-thumbnail\" alt=\"\" loading=\"lazy\" \/><\/a>\n\t\t\t<\/dt><\/dl><dl class='gallery-item'>\n\t\t\t<dt class='gallery-icon landscape'>\n\t\t\t\t<a href='https:\/\/cuernavaca.gob.mx\/?attachment_id=50832'><img width=\"150\" height=\"150\" src=\"https:\/\/cuernavaca.gob.mx\/wp-content\/uploads\/2025\/06\/JOSE-LUIS-URIOSTEGUI-Y-CIUDADANIA-EMBELLECEN-ALREDEDORES-DEL-PARQUE-SAN-MIGUEL-ACAPANTZINGO-11-150x150.jpeg\" class=\"attachment-thumbnail size-thumbnail\" alt=\"\" loading=\"lazy\" \/><\/a>\n\t\t\t<\/dt><\/dl><dl class='gallery-item'>\n\t\t\t<dt class='gallery-icon landscape'>\n\t\t\t\t<a href='https:\/\/cuernavaca.gob.mx\/?attachment_id=50831'><img width=\"150\" height=\"150\" src=\"https:\/\/cuernavaca.gob.mx\/wp-content\/uploads\/2025\/06\/JOSE-LUIS-URIOSTEGUI-Y-CIUDADANIA-EMBELLECEN-ALREDEDORES-DEL-PARQUE-SAN-MIGUEL-ACAPANTZINGO-10-150x150.jpeg\" class=\"attachment-thumbnail size-thumbnail\" alt=\"\" loading=\"lazy\" \/><\/a>\n\t\t\t<\/dt><\/dl><br style=\"clear: both\" \/><dl class='gallery-item'>\n\t\t\t<dt class='gallery-icon landscape'>\n\t\t\t\t<a href='https:\/\/cuernavaca.gob.mx\/?attachment_id=50830'><img width=\"150\" height=\"150\" src=\"https:\/\/cuernavaca.gob.mx\/wp-content\/uploads\/2025\/06\/JOSE-LUIS-URIOSTEGUI-Y-CIUDADANIA-EMBELLECEN-ALREDEDORES-DEL-PARQUE-SAN-MIGUEL-ACAPANTZINGO-9-150x150.jpeg\" class=\"attachment-thumbnail size-thumbnail\" alt=\"\" loading=\"lazy\" \/><\/a>\n\t\t\t<\/dt><\/dl><dl class='gallery-item'>\n\t\t\t<dt class='gallery-icon portrait'>\n\t\t\t\t<a href='https:\/\/cuernavaca.gob.mx\/?attachment_id=50829'><img width=\"150\" height=\"150\" src=\"https:\/\/cuernavaca.gob.mx\/wp-content\/uploads\/2025\/06\/JOSE-LUIS-URIOSTEGUI-Y-CIUDADANIA-EMBELLECEN-ALREDEDORES-DEL-PARQUE-SAN-MIGUEL-ACAPANTZINGO-8-150x150.jpeg\" class=\"attachment-thumbnail size-thumbnail\" alt=\"\" loading=\"lazy\" \/><\/a>\n\t\t\t<\/dt><\/dl><dl class='gallery-item'>\n\t\t\t<dt class='gallery-icon landscape'>\n\t\t\t\t<a href='https:\/\/cuernavaca.gob.mx\/?attachment_id=50828'><img width=\"150\" height=\"150\" src=\"https:\/\/cuernavaca.gob.mx\/wp-content\/uploads\/2025\/06\/JOSE-LUIS-URIOSTEGUI-Y-CIUDADANIA-EMBELLECEN-ALREDEDORES-DEL-PARQUE-SAN-MIGUEL-ACAPANTZINGO-7-150x150.jpeg\" class=\"attachment-thumbnail size-thumbnail\" alt=\"\" loading=\"lazy\" \/><\/a>\n\t\t\t<\/dt><\/dl><br style=\"clear: both\" \/><dl class='gallery-item'>\n\t\t\t<dt class='gallery-icon landscape'>\n\t\t\t\t<a href='https:\/\/cuernavaca.gob.mx\/?attachment_id=50826'><img width=\"150\" height=\"150\" src=\"https:\/\/cuernavaca.gob.mx\/wp-content\/uploads\/2025\/06\/JOSE-LUIS-URIOSTEGUI-Y-CIUDADANIA-EMBELLECEN-ALREDEDORES-DEL-PARQUE-SAN-MIGUEL-ACAPANTZINGO-5-150x150.jpeg\" class=\"attachment-thumbnail size-thumbnail\" alt=\"\" loading=\"lazy\" \/><\/a>\n\t\t\t<\/dt><\/dl><dl class='gallery-item'>\n\t\t\t<dt class='gallery-icon landscape'>\n\t\t\t\t<a href='https:\/\/cuernavaca.gob.mx\/?attachment_id=50825'><img width=\"150\" height=\"150\" src=\"https:\/\/cuernavaca.gob.mx\/wp-content\/uploads\/2025\/06\/JOSE-LUIS-URIOSTEGUI-Y-CIUDADANIA-EMBELLECEN-ALREDEDORES-DEL-PARQUE-SAN-MIGUEL-ACAPANTZINGO-4-150x150.jpeg\" class=\"attachment-thumbnail size-thumbnail\" alt=\"\" loading=\"lazy\" \/><\/a>\n\t\t\t<\/dt><\/dl><dl class='gallery-item'>\n\t\t\t<dt class='gallery-icon landscape'>\n\t\t\t\t<a href='https:\/\/cuernavaca.gob.mx\/?attachment_id=50824'><img width=\"150\" height=\"150\" src=\"https:\/\/cuernavaca.gob.mx\/wp-content\/uploads\/2025\/06\/JOSE-LUIS-URIOSTEGUI-Y-CIUDADANIA-EMBELLECEN-ALREDEDORES-DEL-PARQUE-SAN-MIGUEL-ACAPANTZINGO-3-150x150.jpeg\" class=\"attachment-thumbnail size-thumbnail\" alt=\"\" loading=\"lazy\" \/><\/a>\n\t\t\t<\/dt><\/dl><br style=\"clear: both\" \/><dl class='gallery-item'>\n\t\t\t<dt class='gallery-icon landscape'>\n\t\t\t\t<a href='https:\/\/cuernavaca.gob.mx\/?attachment_id=50823'><img width=\"150\" height=\"150\" src=\"https:\/\/cuernavaca.gob.mx\/wp-content\/uploads\/2025\/06\/JOSE-LUIS-URIOSTEGUI-Y-CIUDADANIA-EMBELLECEN-ALREDEDORES-DEL-PARQUE-SAN-MIGUEL-ACAPANTZINGO-2-150x150.jpeg\" class=\"attachment-thumbnail size-thumbnail\" alt=\"\" loading=\"lazy\" \/><\/a>\n\t\t\t<\/dt><\/dl><dl class='gallery-item'>\n\t\t\t<dt class='gallery-icon landscape'>\n\t\t\t\t<a href='https:\/\/cuernavaca.gob.mx\/?attachment_id=50822'><img width=\"150\" height=\"150\" src=\"https:\/\/cuernavaca.gob.mx\/wp-content\/uploads\/2025\/06\/JOSE-LUIS-URIOSTEGUI-Y-CIUDADANIA-EMBELLECEN-ALREDEDORES-DEL-PARQUE-SAN-MIGUEL-ACAPANTZINGO-1-150x150.jpeg\" class=\"attachment-thumbnail size-thumbnail\" alt=\"\" loading=\"lazy\" \/><\/a>\n\t\t\t<\/dt><\/dl>\n\t\t\t<br style='clear: both' \/>\n\t\t<\/div>\n\n<\/div>\n<div><\/div>\n<div><\/div>\n","protected":false},"excerpt":{"rendered":"<p>\u2022 La recuperaci\u00f3n de Cuernavaca es una tarea compartida. As\u00ed lo demostr\u00f3 una vez m\u00e1s el alcalde Jos\u00e9 Luis Uri\u00f3stegui Salgado al realizar una nueva jornada de limpieza, donde con vecinas y vecinos, fortalecieron el orgullo por la ciudad Con el firme compromiso de recuperar y mantener viva la esencia de la Eterna Primavera, el [&hellip;]<\/p>\n","protected":false},"author":1,"featured_media":50826,"comment_status":"closed","ping_status":"open","sticky":false,"template":"","format":"standard","meta":[],"categories":[2414],"tags":[916,121,2889,810,120,206,127],"aioseo_notices":[],"_links":{"self":[{"href":"https:\/\/cuernavaca.gob.mx\/index.php?rest_route=\/wp\/v2\/posts\/50816"}],"collection":[{"href":"https:\/\/cuernavaca.gob.mx\/index.php?rest_route=\/wp\/v2\/posts"}],"about":[{"href":"https:\/\/cuernavaca.gob.mx\/index.php?rest_route=\/wp\/v2\/types\/post"}],"author":[{"embeddable":true,"href":"https:\/\/cuernavaca.gob.mx\/index.php?rest_route=\/wp\/v2\/users\/1"}],"replies":[{"embeddable":true,"href":"https:\/\/cuernavaca.gob.mx\/index.php?rest_route=%2Fwp%2Fv2%2Fcomments&post=50816"}],"version-history":[{"count":1,"href":"https:\/\/cuernavaca.gob.mx\/index.php?rest_route=\/wp\/v2\/posts\/50816\/revisions"}],"predecessor-version":[{"id":50833,"href":"https:\/\/cuernavaca.gob.mx\/index.php?rest_route=\/wp\/v2\/posts\/50816\/revisions\/50833"}],"wp:featuredmedia":[{"embeddable":true,"href":"https:\/\/cuernavaca.gob.mx\/index.php?rest_route=\/wp\/v2\/media\/50826"}],"wp:attachment":[{"href":"https:\/\/cuernavaca.gob.mx\/index.php?rest_route=%2Fwp%2Fv2%2Fmedia&parent=50816"}],"wp:term":[{"taxonomy":"category","embeddable":true,"href":"https:\/\/cuernavaca.gob.mx\/index.php?rest_route=%2Fwp%2Fv2%2Fcategories&post=50816"},{"taxonomy":"post_tag","embeddable":true,"href":"https:\/\/cuernavaca.gob.mx\/index.php?rest_route=%2Fwp%2Fv2%2Ftags&post=50816"}],"curies":[{"name":"wp","href":"https:\/\/api.w.org\/{rel}","templated":true}]}}