{"id":51160,"date":"2025-06-30T08:00:12","date_gmt":"2025-06-30T14:00:12","guid":{"rendered":"https:\/\/cuernavaca.gob.mx\/?p=51160"},"modified":"2025-06-30T08:44:24","modified_gmt":"2025-06-30T14:44:24","slug":"b358-30-06-25-rehabilitacion-integral-de-la-calle-dos-para-mejorar-la-vialidad-y-los-servicios-publicos-en-cuernavaca","status":"publish","type":"post","link":"https:\/\/cuernavaca.gob.mx\/?p=51160","title":{"rendered":"B358 30\/06\/25 REHABILITACI\u00d3N INTEGRAL DE LA CALLE DOS PARA MEJORAR LA VIALIDAD Y LOS SERVICIOS P\u00daBLICOS EN CUERNAVACA"},"content":{"rendered":"<div><strong>\u2022 La obra abarca 300 metros de longitud, desde Avenida Universidad hasta Calle Ingenieros, y tiene una inversi\u00f3n de nueve millones 276 mil 750.47 pesos.<\/strong><\/div>\n<div><\/div>\n<div>El Ayuntamiento de Cuernavaca sigue impulsando proyectos clave para mejorar la infraestructura urbana de la ciudad. En esta ocasi\u00f3n, el alcalde Jos\u00e9 Luis Uri\u00f3stegui Salgado realiz\u00f3 un recorrido por la Calle Dos, de la colonia Adolfo L\u00f3pez Mateos, donde se llevan a cabo trabajos de rehabilitaci\u00f3n de pavimento de concreto hidr\u00e1ulico, drenaje sanitario, pluvial y l\u00ednea de agua potable.<\/div>\n<div><\/div>\n<div>Durante el recorrido, el titular de la Secretar\u00eda de Desarrollo Urbano y Obras P\u00fablicas, Demetrio Chavira de la Torre, explic\u00f3 que la obra abarca 300 metros de longitud, desde Avenida Universidad hasta Calle Ingenieros, y tiene una inversi\u00f3n de nueve millones 276 mil 750.47 pesos.<\/div>\n<div><\/div>\n<div>\u201cLa calle est\u00e1 muy da\u00f1ada, los veh\u00edculos no circulan bien y esto pone en riesgo a la poblaci\u00f3n. Con esta obra, mejoraremos tanto la vialidad como la prestaci\u00f3n de los servicios de agua potable y drenaje\u201d, coment\u00f3 el secretario.<\/div>\n<div><\/div>\n<div>El proyecto incluye la colocaci\u00f3n de mil 950 m\u00b2 de pavimento de concreto hidr\u00e1ulico, la rehabilitaci\u00f3n del drenaje sanitario y pluvial, as\u00ed como el reemplazo de la l\u00ednea de agua potable. Tambi\u00e9n se mejorar\u00e1n las banquetas y guarniciones para garantizar mayor seguridad peatonal.<\/div>\n<div><\/div>\n<div>Cabe se\u00f1alar, que hace unos d\u00edas el Ayuntamiento reaccion\u00f3 r\u00e1pidamente ante los da\u00f1os ocasionados por las intensas lluvias, que afectaron parte de Avenida Universidad. Aunque estos trabajos no formaban parte de la obra original, el equipo municipal realiz\u00f3 intervenciones de emergencia para mitigar los da\u00f1os por la acumulaci\u00f3n pluvial y asegurar la transitabilidad.<\/div>\n<div><\/div>\n<div>Con estas obras, el Ayuntamiento de Cuernavaca reitera su compromiso con la mejora constante de la infraestructura urbana, priorizando la seguridad y el bienestar de los ciudadanos.<\/div>\n<div><\/div>\n<div>\n\n\t\t<style type=\"text\/css\">\n\t\t\t#gallery-1 {\n\t\t\t\tmargin: auto;\n\t\t\t}\n\t\t\t#gallery-1 .gallery-item {\n\t\t\t\tfloat: left;\n\t\t\t\tmargin-top: 10px;\n\t\t\t\ttext-align: center;\n\t\t\t\twidth: 33%;\n\t\t\t}\n\t\t\t#gallery-1 img {\n\t\t\t\tborder: 2px solid #cfcfcf;\n\t\t\t}\n\t\t\t#gallery-1 .gallery-caption {\n\t\t\t\tmargin-left: 0;\n\t\t\t}\n\t\t\t\/* see gallery_shortcode() in wp-includes\/media.php *\/\n\t\t<\/style>\n\t\t<div id='gallery-1' class='gallery galleryid-51160 gallery-columns-3 gallery-size-thumbnail'><dl class='gallery-item'>\n\t\t\t<dt class='gallery-icon landscape'>\n\t\t\t\t<a href='https:\/\/cuernavaca.gob.mx\/?attachment_id=51161'><img width=\"150\" height=\"150\" src=\"https:\/\/cuernavaca.gob.mx\/wp-content\/uploads\/2025\/06\/REHABILITACION-INTEGRAL-DE-LA-CALLE-DOS-PARA-MEJORAR-LA-VIALIDAD-Y-LOS-SERVICIOS-PUBLICOS-EN-CUERNAVACA-1-150x150.jpeg\" class=\"attachment-thumbnail size-thumbnail\" alt=\"\" loading=\"lazy\" \/><\/a>\n\t\t\t<\/dt><\/dl><dl class='gallery-item'>\n\t\t\t<dt class='gallery-icon landscape'>\n\t\t\t\t<a href='https:\/\/cuernavaca.gob.mx\/?attachment_id=51162'><img width=\"150\" height=\"150\" src=\"https:\/\/cuernavaca.gob.mx\/wp-content\/uploads\/2025\/06\/REHABILITACION-INTEGRAL-DE-LA-CALLE-DOS-PARA-MEJORAR-LA-VIALIDAD-Y-LOS-SERVICIOS-PUBLICOS-EN-CUERNAVACA-3-150x150.jpeg\" class=\"attachment-thumbnail size-thumbnail\" alt=\"\" loading=\"lazy\" \/><\/a>\n\t\t\t<\/dt><\/dl>\n\t\t\t<br style='clear: both' \/>\n\t\t<\/div>\n\n<\/div>\n","protected":false},"excerpt":{"rendered":"<p>\u2022 La obra abarca 300 metros de longitud, desde Avenida Universidad hasta Calle Ingenieros, y tiene una inversi\u00f3n de nueve millones 276 mil 750.47 pesos. El Ayuntamiento de Cuernavaca sigue impulsando proyectos clave para mejorar la infraestructura urbana de la ciudad. En esta ocasi\u00f3n, el alcalde Jos\u00e9 Luis Uri\u00f3stegui Salgado realiz\u00f3 un recorrido por la [&hellip;]<\/p>\n","protected":false},"author":1,"featured_media":51162,"comment_status":"closed","ping_status":"open","sticky":false,"template":"","format":"standard","meta":[],"categories":[18],"tags":[615,916,121,120,1075,213,127],"aioseo_notices":[],"_links":{"self":[{"href":"https:\/\/cuernavaca.gob.mx\/index.php?rest_route=\/wp\/v2\/posts\/51160"}],"collection":[{"href":"https:\/\/cuernavaca.gob.mx\/index.php?rest_route=\/wp\/v2\/posts"}],"about":[{"href":"https:\/\/cuernavaca.gob.mx\/index.php?rest_route=\/wp\/v2\/types\/post"}],"author":[{"embeddable":true,"href":"https:\/\/cuernavaca.gob.mx\/index.php?rest_route=\/wp\/v2\/users\/1"}],"replies":[{"embeddable":true,"href":"https:\/\/cuernavaca.gob.mx\/index.php?rest_route=%2Fwp%2Fv2%2Fcomments&post=51160"}],"version-history":[{"count":2,"href":"https:\/\/cuernavaca.gob.mx\/index.php?rest_route=\/wp\/v2\/posts\/51160\/revisions"}],"predecessor-version":[{"id":51164,"href":"https:\/\/cuernavaca.gob.mx\/index.php?rest_route=\/wp\/v2\/posts\/51160\/revisions\/51164"}],"wp:featuredmedia":[{"embeddable":true,"href":"https:\/\/cuernavaca.gob.mx\/index.php?rest_route=\/wp\/v2\/media\/51162"}],"wp:attachment":[{"href":"https:\/\/cuernavaca.gob.mx\/index.php?rest_route=%2Fwp%2Fv2%2Fmedia&parent=51160"}],"wp:term":[{"taxonomy":"category","embeddable":true,"href":"https:\/\/cuernavaca.gob.mx\/index.php?rest_route=%2Fwp%2Fv2%2Fcategories&post=51160"},{"taxonomy":"post_tag","embeddable":true,"href":"https:\/\/cuernavaca.gob.mx\/index.php?rest_route=%2Fwp%2Fv2%2Ftags&post=51160"}],"curies":[{"name":"wp","href":"https:\/\/api.w.org\/{rel}","templated":true}]}}