{"id":51481,"date":"2025-07-15T13:30:40","date_gmt":"2025-07-15T19:30:40","guid":{"rendered":"https:\/\/cuernavaca.gob.mx\/?p=51481"},"modified":"2025-07-15T14:28:56","modified_gmt":"2025-07-15T20:28:56","slug":"b402-15-07-25-cuernavaca-abre-inscripciones-al-curso-de-verano-deportivo-2025-en-el-parque-tlaltenango","status":"publish","type":"post","link":"https:\/\/cuernavaca.gob.mx\/?p=51481","title":{"rendered":"B402 15\/07\/25 CUERNAVACA ABRE INSCRIPCIONES AL CURSO DE VERANO DEPORTIVO 2025 EN EL PARQUE TLALTENANGO"},"content":{"rendered":"<p><strong>\u2022 Ayuntamiento de Cuernavaca invita a ni\u00f1as, ni\u00f1os y adolescentes de 6 a 13 a\u00f1os a participar de manera gratuita en actividades deportivas, recreativas y de formaci\u00f3n integral<\/strong><\/p>\n<p>El Ayuntamiento de Cuernavaca, a trav\u00e9s del Instituto del Deporte, adscrito a la Secretar\u00eda de Desarrollo Humano y Participaci\u00f3n Social (SDHyPS) invita a ni\u00f1as, ni\u00f1os y adolescentes de entre 6 y 13 a\u00f1os a participar en el Curso de Verano 2025, que se realizar\u00e1 del 28 de julio al 8 de agosto, de lunes a viernes, en las instalaciones del Parque Tlaltenango, ubicado sobre la avenida Emiliano Zapata #715, colonia Tlaltenango.<\/p>\n<p>Este curso ser\u00e1 totalmente gratuito y tiene como objetivo ofrecer una alternativa positiva para el aprovechamiento del tiempo libre durante las vacaciones, fomentando el gusto por el deporte y los valores como la disciplina y el trabajo en equipo.<\/p>\n<p>Durante el lanzamiento de la convocatoria, la titular de la SDHyPS, Sandra Adelina Pinz\u00f3n S\u00e1nchez, destac\u00f3 que este curso de verano responde a la instrucci\u00f3n del presidente municipal Jos\u00e9 Luis Uri\u00f3stegui Salgado, de fomentar en las nuevas generaciones el gusto por el deporte y la sana convivencia desde edades tempranas.<\/p>\n<p>Por su parte, Paloma Mart\u00ednez, directora del Instituto del Deporte, asegur\u00f3 que el Parque Tlaltenango cuenta con todas las medidas necesarias de seguridad y protecci\u00f3n, garantizando un entorno adecuado para que las ni\u00f1as, ni\u00f1os y adolescentes disfruten de un curso de verano seguro.<\/p>\n<p>Al evento tambi\u00e9n asisti\u00f3 Nora Isabel Gonz\u00e1lez, coordinadora de Protecci\u00f3n Civil Municipal, en respaldo a las acciones preventivas que acompa\u00f1ar\u00e1n el desarrollo del curso.<\/p>\n<p>Las y los participantes podr\u00e1n disfrutar de una amplia variedad de actividades deportivas y recreativas como: F\u00fatbol, Ajedrez, Box, Taekwondo, Lucha libre, Basquetbol, Dodgeball, Pentatl\u00f3n, Tiro con arco, Juegos de mesa y \u00a1mucho m\u00e1s!<\/p>\n<p>El cupo m\u00e1ximo es de 90 menores, por lo que se invita a las madres, padres o tutores a acudir lo antes posible a realizar el registro directamente en las oficinas del Instituto del Deporte, en un horario de 8:00 a 17:00 horas.<\/p>\n<p>Los requisitos son: presentar identificaci\u00f3n oficial del tutor (original y copia); CURP del menor; una fotograf\u00eda reciente del menor, certificado m\u00e9dico actualizado del menor, firmar carta responsiva, as\u00ed como llevar un bal\u00f3n de cualquier tipo como donativo y para uso de m\u00e1s j\u00f3venes e infancias que atiende del Instituto del Deporte. Para m\u00e1s informaci\u00f3n, comunicarse al n\u00famero 777 688 54 24.<\/p>\n<p>Con estas acciones, el Gobierno Municipal reafirma su compromiso con el desarrollo f\u00edsico y emocional de la ni\u00f1ez y juventud cuernavacense, acercando espacios gratuitos de recreaci\u00f3n y formaci\u00f3n durante el periodo vacacional.<\/p>\n\n\t\t<style type=\"text\/css\">\n\t\t\t#gallery-1 {\n\t\t\t\tmargin: auto;\n\t\t\t}\n\t\t\t#gallery-1 .gallery-item {\n\t\t\t\tfloat: left;\n\t\t\t\tmargin-top: 10px;\n\t\t\t\ttext-align: center;\n\t\t\t\twidth: 33%;\n\t\t\t}\n\t\t\t#gallery-1 img {\n\t\t\t\tborder: 2px solid #cfcfcf;\n\t\t\t}\n\t\t\t#gallery-1 .gallery-caption {\n\t\t\t\tmargin-left: 0;\n\t\t\t}\n\t\t\t\/* see gallery_shortcode() in wp-includes\/media.php *\/\n\t\t<\/style>\n\t\t<div id='gallery-1' class='gallery galleryid-51481 gallery-columns-3 gallery-size-thumbnail'><dl class='gallery-item'>\n\t\t\t<dt class='gallery-icon landscape'>\n\t\t\t\t<a href='https:\/\/cuernavaca.gob.mx\/?attachment_id=51482'><img width=\"150\" height=\"150\" src=\"https:\/\/cuernavaca.gob.mx\/wp-content\/uploads\/2025\/07\/CUERNAVACA-ABRE-INSCRIPCIONES-AL-CURSO-DE-VERANO-DEPORTIVO-2025-EN-EL-PARQUE-TLALTENANGO-1-150x150.jpg\" class=\"attachment-thumbnail size-thumbnail\" alt=\"\" loading=\"lazy\" \/><\/a>\n\t\t\t<\/dt><\/dl><dl class='gallery-item'>\n\t\t\t<dt class='gallery-icon portrait'>\n\t\t\t\t<a href='https:\/\/cuernavaca.gob.mx\/?attachment_id=51483'><img width=\"150\" height=\"150\" src=\"https:\/\/cuernavaca.gob.mx\/wp-content\/uploads\/2025\/07\/CUERNAVACA-ABRE-INSCRIPCIONES-AL-CURSO-DE-VERANO-DEPORTIVO-2025-EN-EL-PARQUE-TLALTENANGO-2-150x150.jpg\" class=\"attachment-thumbnail size-thumbnail\" alt=\"\" loading=\"lazy\" \/><\/a>\n\t\t\t<\/dt><\/dl>\n\t\t\t<br style='clear: both' \/>\n\t\t<\/div>\n\n<p>&nbsp;<\/p>\n","protected":false},"excerpt":{"rendered":"<p>\u2022 Ayuntamiento de Cuernavaca invita a ni\u00f1as, ni\u00f1os y adolescentes de 6 a 13 a\u00f1os a participar de manera gratuita en actividades deportivas, recreativas y de formaci\u00f3n integral El Ayuntamiento de Cuernavaca, a trav\u00e9s del Instituto del Deporte, adscrito a la Secretar\u00eda de Desarrollo Humano y Participaci\u00f3n Social (SDHyPS) invita a ni\u00f1as, ni\u00f1os y adolescentes [&hellip;]<\/p>\n","protected":false},"author":1,"featured_media":51483,"comment_status":"closed","ping_status":"open","sticky":false,"template":"","format":"standard","meta":[],"categories":[862],"tags":[121,2062,120,206,127],"aioseo_notices":[],"_links":{"self":[{"href":"https:\/\/cuernavaca.gob.mx\/index.php?rest_route=\/wp\/v2\/posts\/51481"}],"collection":[{"href":"https:\/\/cuernavaca.gob.mx\/index.php?rest_route=\/wp\/v2\/posts"}],"about":[{"href":"https:\/\/cuernavaca.gob.mx\/index.php?rest_route=\/wp\/v2\/types\/post"}],"author":[{"embeddable":true,"href":"https:\/\/cuernavaca.gob.mx\/index.php?rest_route=\/wp\/v2\/users\/1"}],"replies":[{"embeddable":true,"href":"https:\/\/cuernavaca.gob.mx\/index.php?rest_route=%2Fwp%2Fv2%2Fcomments&post=51481"}],"version-history":[{"count":1,"href":"https:\/\/cuernavaca.gob.mx\/index.php?rest_route=\/wp\/v2\/posts\/51481\/revisions"}],"predecessor-version":[{"id":51484,"href":"https:\/\/cuernavaca.gob.mx\/index.php?rest_route=\/wp\/v2\/posts\/51481\/revisions\/51484"}],"wp:featuredmedia":[{"embeddable":true,"href":"https:\/\/cuernavaca.gob.mx\/index.php?rest_route=\/wp\/v2\/media\/51483"}],"wp:attachment":[{"href":"https:\/\/cuernavaca.gob.mx\/index.php?rest_route=%2Fwp%2Fv2%2Fmedia&parent=51481"}],"wp:term":[{"taxonomy":"category","embeddable":true,"href":"https:\/\/cuernavaca.gob.mx\/index.php?rest_route=%2Fwp%2Fv2%2Fcategories&post=51481"},{"taxonomy":"post_tag","embeddable":true,"href":"https:\/\/cuernavaca.gob.mx\/index.php?rest_route=%2Fwp%2Fv2%2Ftags&post=51481"}],"curies":[{"name":"wp","href":"https:\/\/api.w.org\/{rel}","templated":true}]}}