{"id":51485,"date":"2025-07-15T14:31:38","date_gmt":"2025-07-15T20:31:38","guid":{"rendered":"https:\/\/cuernavaca.gob.mx\/?p=51485"},"modified":"2025-07-15T14:31:38","modified_gmt":"2025-07-15T20:31:38","slug":"f52-15-07-25-jose-luis-uriostegui-reafirma-compromiso-con-el-dialogo-y-la-legalidad-en-cuernavaca","status":"publish","type":"post","link":"https:\/\/cuernavaca.gob.mx\/?p=51485","title":{"rendered":"F52 15\/07\/25 JOS\u00c9 LUIS URI\u00d3STEGUI REAFIRMA COMPROMISO CON EL DI\u00c1LOGO Y LA LEGALIDAD EN CUERNAVACA"},"content":{"rendered":"<p>Como parte de una pol\u00edtica de apertura y escucha activa, el presidente municipal de Cuernavaca, Jos\u00e9 Luis Uri\u00f3stegui Salgado, sostuvo un encuentro con representantes del Nuevo Grupo Sindical, en el que se acord\u00f3 establecer comunicaci\u00f3n con las empresas responsables de las obras p\u00fablicas en la ciudad, para que consideren de manera equitativa los servicios que ofrecen sus integrantes.<\/p>\n<p>El alcalde dej\u00f3 en claro que el Ayuntamiento capitalino no puede imponer decisiones a las empresas, ya que, al firmar contrato, tienen la libertad de elegir con quien realizar el acarreo y la compra de materiales, conforme a sus propios criterios operativos.<\/p>\n<p>Este acuerdo reafirma la postura del gobierno municipal de mantener canales de di\u00e1logo abiertos con todos los sectores sociales y laborales, propiciando condiciones de equidad, sin caer en pr\u00e1cticas de imposici\u00f3n o presi\u00f3n.<\/p>\n\n\t\t<style type=\"text\/css\">\n\t\t\t#gallery-1 {\n\t\t\t\tmargin: auto;\n\t\t\t}\n\t\t\t#gallery-1 .gallery-item {\n\t\t\t\tfloat: left;\n\t\t\t\tmargin-top: 10px;\n\t\t\t\ttext-align: center;\n\t\t\t\twidth: 33%;\n\t\t\t}\n\t\t\t#gallery-1 img {\n\t\t\t\tborder: 2px solid #cfcfcf;\n\t\t\t}\n\t\t\t#gallery-1 .gallery-caption {\n\t\t\t\tmargin-left: 0;\n\t\t\t}\n\t\t\t\/* see gallery_shortcode() in wp-includes\/media.php *\/\n\t\t<\/style>\n\t\t<div id='gallery-1' class='gallery galleryid-51485 gallery-columns-3 gallery-size-thumbnail'><dl class='gallery-item'>\n\t\t\t<dt class='gallery-icon landscape'>\n\t\t\t\t<a href='https:\/\/cuernavaca.gob.mx\/?attachment_id=51486'><img width=\"150\" height=\"150\" src=\"https:\/\/cuernavaca.gob.mx\/wp-content\/uploads\/2025\/07\/JOSE\u0301-LUIS-URIO\u0301STEGUI-REAFIRMA-COMPROMISO-CON-EL-DIA\u0301LOGO-Y-LA-LEGALIDAD-EN-CUERNAVACA1-150x150.jpg\" class=\"attachment-thumbnail size-thumbnail\" alt=\"\" loading=\"lazy\" \/><\/a>\n\t\t\t<\/dt><\/dl>\n\t\t\t<br style='clear: both' \/>\n\t\t<\/div>\n\n","protected":false},"excerpt":{"rendered":"<p>Como parte de una pol\u00edtica de apertura y escucha activa, el presidente municipal de Cuernavaca, Jos\u00e9 Luis Uri\u00f3stegui Salgado, sostuvo un encuentro con representantes del Nuevo Grupo Sindical, en el que se acord\u00f3 establecer comunicaci\u00f3n con las empresas responsables de las obras p\u00fablicas en la ciudad, para que consideren de manera equitativa los servicios que [&hellip;]<\/p>\n","protected":false},"author":1,"featured_media":51486,"comment_status":"closed","ping_status":"open","sticky":false,"template":"","format":"standard","meta":[],"categories":[1],"tags":[],"aioseo_notices":[],"_links":{"self":[{"href":"https:\/\/cuernavaca.gob.mx\/index.php?rest_route=\/wp\/v2\/posts\/51485"}],"collection":[{"href":"https:\/\/cuernavaca.gob.mx\/index.php?rest_route=\/wp\/v2\/posts"}],"about":[{"href":"https:\/\/cuernavaca.gob.mx\/index.php?rest_route=\/wp\/v2\/types\/post"}],"author":[{"embeddable":true,"href":"https:\/\/cuernavaca.gob.mx\/index.php?rest_route=\/wp\/v2\/users\/1"}],"replies":[{"embeddable":true,"href":"https:\/\/cuernavaca.gob.mx\/index.php?rest_route=%2Fwp%2Fv2%2Fcomments&post=51485"}],"version-history":[{"count":1,"href":"https:\/\/cuernavaca.gob.mx\/index.php?rest_route=\/wp\/v2\/posts\/51485\/revisions"}],"predecessor-version":[{"id":51487,"href":"https:\/\/cuernavaca.gob.mx\/index.php?rest_route=\/wp\/v2\/posts\/51485\/revisions\/51487"}],"wp:featuredmedia":[{"embeddable":true,"href":"https:\/\/cuernavaca.gob.mx\/index.php?rest_route=\/wp\/v2\/media\/51486"}],"wp:attachment":[{"href":"https:\/\/cuernavaca.gob.mx\/index.php?rest_route=%2Fwp%2Fv2%2Fmedia&parent=51485"}],"wp:term":[{"taxonomy":"category","embeddable":true,"href":"https:\/\/cuernavaca.gob.mx\/index.php?rest_route=%2Fwp%2Fv2%2Fcategories&post=51485"},{"taxonomy":"post_tag","embeddable":true,"href":"https:\/\/cuernavaca.gob.mx\/index.php?rest_route=%2Fwp%2Fv2%2Ftags&post=51485"}],"curies":[{"name":"wp","href":"https:\/\/api.w.org\/{rel}","templated":true}]}}