{"id":51504,"date":"2025-07-15T11:00:56","date_gmt":"2025-07-15T17:00:56","guid":{"rendered":"https:\/\/cuernavaca.gob.mx\/?p=51504"},"modified":"2025-07-15T16:11:10","modified_gmt":"2025-07-15T22:11:10","slug":"b401-15-07-25-ayuntamiento-de-cuernavaca-inicia-instalacion-de-nuevas-luminarias-en-avenida-vicente-guerrero-para-mejorar-seguridad-y-movilidad","status":"publish","type":"post","link":"https:\/\/cuernavaca.gob.mx\/?p=51504","title":{"rendered":"B401 15\/07\/25 AYUNTAMIENTO DE CUERNAVACA INICIA INSTALACI\u00d3N DE NUEVAS LUMINARIAS EN AVENIDA VICENTE GUERRERO PARA MEJORAR SEGURIDAD Y MOVILIDAD"},"content":{"rendered":"<p>Con el compromiso de mejorar la seguridad y movilidad de los habitantes, el Ayuntamiento de Cuernavaca, a trav\u00e9s de la Secretar\u00eda de Desarrollo Sustentable y Servicios P\u00fablicos, comenz\u00f3 la colocaci\u00f3n de postes para instalar luminarias en la avenida Vicente Guerrero, una v\u00eda que hasta ahora carec\u00eda de iluminaci\u00f3n p\u00fablica.<\/p>\n<p>Esta acci\u00f3n forma parte de los programas integrales impulsados por la administraci\u00f3n municipal para fortalecer la infraestructura urbana y garantizar espacios p\u00fablicos m\u00e1s seguros y accesibles para toda la ciudadan\u00eda.<\/p>\n<p>La colocaci\u00f3n de postes y luminarias busca disminuir riesgos asociados a la falta de luz, como accidentes viales y actos delictivos, adem\u00e1s de crear un entorno m\u00e1s seguro y confortable para peatones, automovilistas y estudiantes que transitan diariamente por esta avenida para acudir a sus centros escolares, quienes se ver\u00e1n directamente beneficiados al contar con una v\u00eda mejor iluminada.<\/p>\n<p>El Ayuntamiento de Cuernavaca reafirma su compromiso de continuar con obras que promuevan el desarrollo sostenible y la seguridad urbana, trabajando siempre en coordinaci\u00f3n con la comunidad para construir una ciudad m\u00e1s iluminada y segura.<\/p>\n\n\t\t<style type=\"text\/css\">\n\t\t\t#gallery-1 {\n\t\t\t\tmargin: auto;\n\t\t\t}\n\t\t\t#gallery-1 .gallery-item {\n\t\t\t\tfloat: left;\n\t\t\t\tmargin-top: 10px;\n\t\t\t\ttext-align: center;\n\t\t\t\twidth: 33%;\n\t\t\t}\n\t\t\t#gallery-1 img {\n\t\t\t\tborder: 2px solid #cfcfcf;\n\t\t\t}\n\t\t\t#gallery-1 .gallery-caption {\n\t\t\t\tmargin-left: 0;\n\t\t\t}\n\t\t\t\/* see gallery_shortcode() in wp-includes\/media.php *\/\n\t\t<\/style>\n\t\t<div id='gallery-1' class='gallery galleryid-51504 gallery-columns-3 gallery-size-thumbnail'><dl class='gallery-item'>\n\t\t\t<dt class='gallery-icon landscape'>\n\t\t\t\t<a href='https:\/\/cuernavaca.gob.mx\/?attachment_id=51505'><img width=\"150\" height=\"150\" src=\"https:\/\/cuernavaca.gob.mx\/wp-content\/uploads\/2025\/07\/AYUNTAMIENTO-DE-CUERNAVACA-INICIA-INSTALACIO\u0301N-DE-NUEVAS-LUMINARIAS-EN-AVENIDA-VICENTE-GUERRERO-PARA-MEJORAR-SEGURIDAD-Y-MOVILIDAD-1-150x150.jpg\" class=\"attachment-thumbnail size-thumbnail\" alt=\"\" loading=\"lazy\" \/><\/a>\n\t\t\t<\/dt><\/dl><dl class='gallery-item'>\n\t\t\t<dt class='gallery-icon landscape'>\n\t\t\t\t<a href='https:\/\/cuernavaca.gob.mx\/?attachment_id=51506'><img width=\"150\" height=\"150\" src=\"https:\/\/cuernavaca.gob.mx\/wp-content\/uploads\/2025\/07\/AYUNTAMIENTO-DE-CUERNAVACA-INICIA-INSTALACIO\u0301N-DE-NUEVAS-LUMINARIAS-EN-AVENIDA-VICENTE-GUERRERO-PARA-MEJORAR-SEGURIDAD-Y-MOVILIDAD-2-150x150.jpg\" class=\"attachment-thumbnail size-thumbnail\" alt=\"\" loading=\"lazy\" \/><\/a>\n\t\t\t<\/dt><\/dl><dl class='gallery-item'>\n\t\t\t<dt class='gallery-icon landscape'>\n\t\t\t\t<a href='https:\/\/cuernavaca.gob.mx\/?attachment_id=51507'><img width=\"150\" height=\"150\" src=\"https:\/\/cuernavaca.gob.mx\/wp-content\/uploads\/2025\/07\/AYUNTAMIENTO-DE-CUERNAVACA-INICIA-INSTALACIO\u0301N-DE-NUEVAS-LUMINARIAS-EN-AVENIDA-VICENTE-GUERRERO-PARA-MEJORAR-SEGURIDAD-Y-MOVILIDAD-3-150x150.jpg\" class=\"attachment-thumbnail size-thumbnail\" alt=\"\" loading=\"lazy\" \/><\/a>\n\t\t\t<\/dt><\/dl><br style=\"clear: both\" \/>\n\t\t<\/div>\n\n","protected":false},"excerpt":{"rendered":"<p>Con el compromiso de mejorar la seguridad y movilidad de los habitantes, el Ayuntamiento de Cuernavaca, a trav\u00e9s de la Secretar\u00eda de Desarrollo Sustentable y Servicios P\u00fablicos, comenz\u00f3 la colocaci\u00f3n de postes para instalar luminarias en la avenida Vicente Guerrero, una v\u00eda que hasta ahora carec\u00eda de iluminaci\u00f3n p\u00fablica. Esta acci\u00f3n forma parte de los [&hellip;]<\/p>\n","protected":false},"author":1,"featured_media":51505,"comment_status":"closed","ping_status":"open","sticky":false,"template":"","format":"standard","meta":[],"categories":[1],"tags":[121,2571,2737,120,127],"aioseo_notices":[],"_links":{"self":[{"href":"https:\/\/cuernavaca.gob.mx\/index.php?rest_route=\/wp\/v2\/posts\/51504"}],"collection":[{"href":"https:\/\/cuernavaca.gob.mx\/index.php?rest_route=\/wp\/v2\/posts"}],"about":[{"href":"https:\/\/cuernavaca.gob.mx\/index.php?rest_route=\/wp\/v2\/types\/post"}],"author":[{"embeddable":true,"href":"https:\/\/cuernavaca.gob.mx\/index.php?rest_route=\/wp\/v2\/users\/1"}],"replies":[{"embeddable":true,"href":"https:\/\/cuernavaca.gob.mx\/index.php?rest_route=%2Fwp%2Fv2%2Fcomments&post=51504"}],"version-history":[{"count":1,"href":"https:\/\/cuernavaca.gob.mx\/index.php?rest_route=\/wp\/v2\/posts\/51504\/revisions"}],"predecessor-version":[{"id":51508,"href":"https:\/\/cuernavaca.gob.mx\/index.php?rest_route=\/wp\/v2\/posts\/51504\/revisions\/51508"}],"wp:featuredmedia":[{"embeddable":true,"href":"https:\/\/cuernavaca.gob.mx\/index.php?rest_route=\/wp\/v2\/media\/51505"}],"wp:attachment":[{"href":"https:\/\/cuernavaca.gob.mx\/index.php?rest_route=%2Fwp%2Fv2%2Fmedia&parent=51504"}],"wp:term":[{"taxonomy":"category","embeddable":true,"href":"https:\/\/cuernavaca.gob.mx\/index.php?rest_route=%2Fwp%2Fv2%2Fcategories&post=51504"},{"taxonomy":"post_tag","embeddable":true,"href":"https:\/\/cuernavaca.gob.mx\/index.php?rest_route=%2Fwp%2Fv2%2Ftags&post=51504"}],"curies":[{"name":"wp","href":"https:\/\/api.w.org\/{rel}","templated":true}]}}